{"id":36777,"date":"2015-02-27T15:52:22","date_gmt":"2015-02-27T12:52:22","guid":{"rendered":"https:\/\/www.enerjigazetesi.ist\/?p=36777"},"modified":"2015-02-27T15:52:22","modified_gmt":"2015-02-27T12:52:22","slug":"gazprom-ukraynada-geri-adim-atti","status":"publish","type":"post","link":"https:\/\/www.enerjigazetesi.ist\/en\/gazprom-ukraynada-geri-adim-atti\/","title":{"rendered":"(Turkish) Gazprom, Ukrayna\u2019da Geri Ad\u0131m Att\u0131!"},"content":{"rendered":"<p class=\"qtranxs-available-languages-message qtranxs-available-languages-message-en\">Sorry, this entry is only available in <a href=\"https:\/\/www.enerjigazetesi.ist\/tr\/wp-json\/wp\/v2\/posts\/36777\" class=\"qtranxs-available-language-link qtranxs-available-language-link-tr\" title=\"Turkish\">Turkish<\/a>. For the sake of viewer convenience, the content is shown below in the alternative language. You may click the link to switch the active language.<\/p><p><\/p>\n<p style=\"color: #000000;\"><strong>Avrupa Komisyonu\u2019nun Moskova \u00fczerindeki bask\u0131lar\u0131 \u00fczerine, Rus gaz \u015firketi, Ukrayna\u2019n\u0131n do\u011fusuna sevk edilen gaz\u0131, Ukrayna\u2019ya verilen \u201ck\u0131\u015f paketi\u201dnden ayr\u0131 hesaplayacak.<\/strong><span id=\"more-70505\"><\/span><\/p>\n<p style=\"color: #000000;\">Rus do\u011fal gaz \u015firketi Gazprom, Ukrayna\u2019n\u0131n do\u011fusuna sevk edilen gaz\u0131, Ukrayna\u2019ya verilen \u201ck\u0131\u015f paketi\u201dnden ayr\u0131 de\u011ferlendirmeyi kabul etti. Gazprom s\u00f6zc\u00fcs\u00fc Sergey Kupriyanov, Avrupa Komisyonu Ba\u015fkan Yard\u0131mc\u0131s\u0131 Maro\u015f \u015eef\u00e7ovi\u00e7 ile g\u00f6r\u00fc\u015fmelerde Ukrayna\u2019n\u0131n d<a href=\"https:\/\/www.enerjigazetesi.ist\/wp-content\/uploads\/2015\/02\/gazprom-ukraynada-geri-adim-atti.jpg\"><img loading=\"lazy\" class=\"alignleft wp-image-36778 size-medium\" src=\"https:\/\/www.enerjigazetesi.ist\/wp-content\/uploads\/2015\/02\/gazprom-ukraynada-geri-adim-atti-300x205.jpg\" alt=\"gazprom-ukraynada-geri-adim-atti\" width=\"300\" height=\"205\" srcset=\"https:\/\/www.enerjigazetesi.ist\/wp-content\/uploads\/2015\/02\/gazprom-ukraynada-geri-adim-atti-300x205.jpg 300w, https:\/\/www.enerjigazetesi.ist\/wp-content\/uploads\/2015\/02\/gazprom-ukraynada-geri-adim-atti-500x343.jpg 500w, https:\/\/www.enerjigazetesi.ist\/wp-content\/uploads\/2015\/02\/gazprom-ukraynada-geri-adim-atti-72x50.jpg 72w, https:\/\/www.enerjigazetesi.ist\/wp-content\/uploads\/2015\/02\/gazprom-ukraynada-geri-adim-atti.jpg 870w\" sizes=\"(max-width: 300px) 100vw, 300px\" \/><\/a>o\u011fusundaki Donbas b\u00f6lgesine sevk edilen do\u011fal gaz konusunun ele al\u0131nd\u0131\u011f\u0131n\u0131 bildirdi.<\/p>\n<p style=\"color: #000000;\">\u015eef\u00e7ovi\u00e7\u2019in Donbas\u2019a sevk edilen do\u011falgaz\u2019\u0131n Ukrayna verilen \u201ck\u0131\u015f paketi\u201dnden ayr\u0131 de\u011ferlendirilmesi teklifini kabul ettiklerini belirten Kupriyanov, \u201cDonbas b\u00f6lgesine do\u011fal gaz sevkiyat\u0131 konusunu, bug\u00fcnk\u00fc g\u00f6r\u00fc\u015fmelerimizin \u00e7er\u00e7evesi d\u0131\u015f\u0131na \u00e7\u0131kartabilir ve vadetti\u011fimiz miktardaki do\u011fal gaz\u0131 Naftogaz\u2019\u0131n istedi\u011fi giri\u015f noktalar\u0131ndan verebiliriz\u201d dedi.<\/p>\n<p style=\"color: #000000;\">Ukrayna \u015firketi Naftogaz, boru hatt\u0131n\u0131n zarar g\u00f6rd\u00fc\u011f\u00fc gerek\u00e7esi ile \u00e7etin bir k\u0131\u015f\u0131n devam etti\u011fi g\u00fcnlere denk gelen 19 \u015eubat\u2019ta, Ukrayna do\u011fusundaki kriz b\u00f6lgesine gaz sevkiyat\u0131n\u0131 durdurdu. \u015eirket temsilcileri ertesi g\u00fcn do\u011fal gaz sevk\u0131yat\u0131n\u0131n yeniden ba\u015flat\u0131ld\u0131\u011f\u0131n\u0131 a\u00e7\u0131klasa da ayr\u0131l\u0131k\u00e7\u0131lar bunun do\u011fru olmad\u0131\u011f\u0131n\u0131 ileri s\u00fcrd\u00fc. Rus yanl\u0131s\u0131 ayr\u0131l\u0131k\u00e7\u0131lar\u0131n istekleri do\u011frultusunda Rusya\u2019dan b\u00f6lgeye do\u011fal gaz ak\u0131\u015f\u0131n\u0131 sa\u011flayan Gazprom, Rusya-Ukrayna aras\u0131ndaki k\u0131\u015f do\u011fal gaz paketinde gaz\u0131n Ukrayna\u2019ya giri\u015f noktalar\u0131n\u0131n kesin belirtilmedi\u011fini gerek\u00e7e g\u00f6stererek, Donetsk ve Lugansk b\u00f6lgelerine verilen do\u011fal gaz\u0131n paras\u0131n\u0131 Ukrayna paketinden hesaplamaya ba\u015flad\u0131.<\/p>\n<p style=\"color: #000000;\">Naftogaz firmas\u0131n\u0131n karara itiraz etmesiyle Avrupa Komisyonu da Ukrayna ile Rusya aras\u0131ndaki anla\u015fmazl\u0131\u011fa m\u00fcdahil oldu.<\/p>\n<p style=\"color: #000000;\">Kaynak: Enerji Enstit\u00fcs\u00fc<\/p>\n<p><\/p>","protected":false},"excerpt":{"rendered":"<p>Sorry, this entry is only available in Turkish. For the sake of viewer convenience, the content is shown below in the alternative language. You may click the link to switch the active language. Avrupa Komisyonu\u2019nun Moskova \u00fczerindeki bask\u0131lar\u0131 \u00fczerine, Rus gaz \u015firketi, Ukrayna\u2019n\u0131n do\u011fusuna sevk edilen gaz\u0131, Ukrayna\u2019ya verilen \u201ck\u0131\u015f paketi\u201dnden ayr\u0131 hesaplayacak. Rus do\u011fal [&hellip;]<\/p>\n","protected":false},"author":1,"featured_media":36778,"comment_status":"open","ping_status":"open","sticky":false,"template":"","format":"standard","meta":[],"categories":[46,53],"tags":[3969,8840,63,67,1009,2698,165,21630,10013,4221,2584,21631],"views":559,"_links":{"self":[{"href":"https:\/\/www.enerjigazetesi.ist\/en\/wp-json\/wp\/v2\/posts\/36777"}],"collection":[{"href":"https:\/\/www.enerjigazetesi.ist\/en\/wp-json\/wp\/v2\/posts"}],"about":[{"href":"https:\/\/www.enerjigazetesi.ist\/en\/wp-json\/wp\/v2\/types\/post"}],"author":[{"embeddable":true,"href":"https:\/\/www.enerjigazetesi.ist\/en\/wp-json\/wp\/v2\/users\/1"}],"replies":[{"embeddable":true,"href":"https:\/\/www.enerjigazetesi.ist\/en\/wp-json\/wp\/v2\/comments?post=36777"}],"version-history":[{"count":1,"href":"https:\/\/www.enerjigazetesi.ist\/en\/wp-json\/wp\/v2\/posts\/36777\/revisions"}],"predecessor-version":[{"id":36779,"href":"https:\/\/www.enerjigazetesi.ist\/en\/wp-json\/wp\/v2\/posts\/36777\/revisions\/36779"}],"wp:featuredmedia":[{"embeddable":true,"href":"https:\/\/www.enerjigazetesi.ist\/en\/wp-json\/wp\/v2\/media\/36778"}],"wp:attachment":[{"href":"https:\/\/www.enerjigazetesi.ist\/en\/wp-json\/wp\/v2\/media?parent=36777"}],"wp:term":[{"taxonomy":"category","embeddable":true,"href":"https:\/\/www.enerjigazetesi.ist\/en\/wp-json\/wp\/v2\/categories?post=36777"},{"taxonomy":"post_tag","embeddable":true,"href":"https:\/\/www.enerjigazetesi.ist\/en\/wp-json\/wp\/v2\/tags?post=36777"}],"curies":[{"name":"wp","href":"https:\/\/api.w.org\/{rel}","templated":true}]}}