{"id":36757,"date":"2015-02-27T10:56:29","date_gmt":"2015-02-27T07:56:29","guid":{"rendered":"https:\/\/www.enerjigazetesi.ist\/?p=36757"},"modified":"2015-02-27T10:56:29","modified_gmt":"2015-02-27T07:56:29","slug":"fatih-birol-petrolde-45-dolarlar-uzun-surmez","status":"publish","type":"post","link":"https:\/\/www.enerjigazetesi.ist\/en\/fatih-birol-petrolde-45-dolarlar-uzun-surmez\/","title":{"rendered":"(Turkish) Fatih Birol: \u201cPetrolde 45 Dolarlar Uzun S\u00fcrmez!\u201d"},"content":{"rendered":"<p class=\"qtranxs-available-languages-message qtranxs-available-languages-message-en\">Sorry, this entry is only available in <a href=\"https:\/\/www.enerjigazetesi.ist\/tr\/wp-json\/wp\/v2\/posts\/36757\" class=\"qtranxs-available-language-link qtranxs-available-language-link-tr\" title=\"Turkish\">Turkish<\/a>. For the sake of viewer convenience, the content is shown below in the alternative language. You may click the link to switch the active language.<\/p><p><\/p>\n<p style=\"color: #000000;\"><strong>Uluslararas\u0131 Enerji Ajans\u0131 \u0130cra Direkt\u00f6rl\u00fc\u011f\u00fc\u2019ne se\u00e7ilen Fatih Birol petrolde 45 dolarlar\u0131n uzun s\u00fcrmeyece\u011fi tahmininde bulundu.<\/strong><\/p>\n<p style=\"color: #000000;\">Uluslararas\u0131 Enerji Ajans\u0131 (IEA) \u0130cra Direkt\u00f6rl\u00fc\u011f\u00fc\u2019ne se\u00e7ilen Ba\u015fekonomist Fatih Birol, NATO Genel Sekreteri Jens Stoltenberg ile k\u00fcresel enerji g\u00fcvenli\u011fi konusunda i\u015fbirli\u011fini art\u0131rmay\u0131 am<a href=\"https:\/\/www.enerjigazetesi.ist\/wp-content\/uploads\/2015\/02\/fatih-birol-petrolde-45-dolarlar-uzun-surmez.jpg\"><img loading=\"lazy\" class=\"alignleft wp-image-36758 size-medium\" src=\"https:\/\/www.enerjigazetesi.ist\/wp-content\/uploads\/2015\/02\/fatih-birol-petrolde-45-dolarlar-uzun-surmez-300x200.jpg\" alt=\"fatih-birol-petrolde-45-dolarlar-uzun-surmez\" width=\"300\" height=\"200\" srcset=\"https:\/\/www.enerjigazetesi.ist\/wp-content\/uploads\/2015\/02\/fatih-birol-petrolde-45-dolarlar-uzun-surmez-300x200.jpg 300w, https:\/\/www.enerjigazetesi.ist\/wp-content\/uploads\/2015\/02\/fatih-birol-petrolde-45-dolarlar-uzun-surmez-500x333.jpg 500w, https:\/\/www.enerjigazetesi.ist\/wp-content\/uploads\/2015\/02\/fatih-birol-petrolde-45-dolarlar-uzun-surmez-75x50.jpg 75w, https:\/\/www.enerjigazetesi.ist\/wp-content\/uploads\/2015\/02\/fatih-birol-petrolde-45-dolarlar-uzun-surmez.jpg 870w\" sizes=\"(max-width: 300px) 100vw, 300px\" \/><\/a>a\u00e7layan bir g\u00f6r\u00fc\u015fme yapt\u0131\u011f\u0131n\u0131 kaydetti.<span id=\"more-70500\"><\/span><\/p>\n<p style=\"color: #000000;\">Londra\u2019da d\u00fczenlenen \u201cOrtado\u011fu Konferans\u0131\u201dnda AA muhabirinin sorular\u0131n\u0131 yan\u0131tlayan Birol, d\u00fcn NATO Genel Sekreteri Jens Stoltenberg ile g\u00f6r\u00fc\u015fmek \u00fczere Br\u00fcksel\u2019deki NATO Genel karargah\u0131na gitti\u011fini anlatt\u0131.<\/p>\n<p style=\"color: #000000;\">Karargahta, Stoltenberg\u2019le NATO ve IEA aras\u0131nda enerji arz\u0131 g\u00fcvenli\u011fi konusunda nas\u0131l bir i\u015fbirli\u011fi yap\u0131labilece\u011fini tart\u0131\u015ft\u0131klar\u0131n\u0131 dile getiren Birol, Stoltenberg\u2019in kendisini IEA \u0130cra Direkt\u00f6r\u00fc olarak se\u00e7ilmesinden dolay\u0131 tebrik etti\u011fini kaydetti.<\/p>\n<p style=\"color: #000000;\">Birol, \u201cStoltenberg enerji g\u00fcvenli\u011fi konusunda NATO ve Uluslararas\u0131 Enerji Ajans\u0131 aras\u0131ndaki ba\u011flar\u0131 daha da g\u00fc\u00e7lendirmek ve bu konunda daha s\u0131k\u0131 i\u015fbirli\u011fi yapmak istedi\u011fini s\u00f6yledi\u201d dedi.<\/p>\n<h2 style=\"color: #232323;\">\u201cPetrol fiyatlar\u0131 \u00f6n\u00fcm\u00fczde d\u00f6nemde dengeye oturacak\u201d<\/h2>\n<p style=\"color: #000000;\">Ocak ay\u0131nda \u0130svi\u00e7re\u2019nin Davos kasabas\u0131nda d\u00fczenlenen \u201cK\u00fcresel Ekonomi Forumu\u201dnda petrol fiyatlar\u0131nda 45 dolar seviyesinin uzun s\u00fcreli olmayaca\u011f\u0131n s\u00f6yledi\u011fini hat\u0131rlatan Birol, \u015funlar\u0131 kaydetti:<\/p>\n<p style=\"color: #000000;\">\u201cHala da \u00f6yle d\u00fc\u015f\u00fcn\u00fcyorum. \u015eu anda fiyatlar 60 dolar\u0131n \u00fczerinde. Bunun da nedeni \u015fu, bir yandan d\u00fcnyadaki petrol talebi artarken bunu kar\u015f\u0131lamak i\u00e7in \u00fcretimin de artmas\u0131 laz\u0131m. 60 dolarlarda \u00fcretim yapabilecek \u00e7ok az yer var. Onlar\u0131n da \u00e7ok b\u00fcy\u00fck bir k\u0131sm\u0131 Ortado\u011fu \u00fclkeleri. Onlar da ciddi jeopolitik sorunlarla kar\u015f\u0131 kar\u015f\u0131ya. D\u00fc\u015f\u00fck petrol fiyatlar\u0131 enerji sekt\u00f6r\u00fcnde yeni yat\u0131r\u0131mlar\u0131 do\u011frudan etkileyebilecek. Yat\u0131r\u0131mc\u0131lar kar olsa bile bir \u00f6ng\u00f6r\u00fclebilirlik olmad\u0131\u011f\u0131 i\u00e7in \u00e7ok ciddi sorunlarla kar\u015f\u0131 kar\u015f\u0131ya kal\u0131yor. O bak\u0131mdan 45 dolarlar\u0131n uzun d\u00f6nemli olaca\u011f\u0131n\u0131n d\u00fc\u015f\u00fcnm\u00fcyorum.<\/p>\n<p style=\"color: #000000;\">Biz fiyatlarda \u00f6n\u00fcm\u00fczdeki d\u00f6nemlerde bir d\u00fczeltmeyle tekrar dengeye oturaca\u011f\u0131n\u0131 d\u00fc\u015f\u00fcn\u00fcyoruz. D\u00fc\u015f\u00fck petrol fiyatlar\u0131n\u0131n olu\u015fturdu\u011fu ortam T\u00fcrkiye\u2019nin cari a\u00e7\u0131\u011f\u0131n\u0131 azaltmas\u0131 konusunda destekleyici oldu. T\u00fcrkiye\u2019nin ekonomisini petrol fiyatlar\u0131nda yeniden bir y\u00fckseli\u015f olabilece\u011fini d\u00fc\u015f\u00fcnerek haz\u0131rlamas\u0131 gerekiyor. Petrol fiyatlar\u0131n\u0131n d\u00fc\u015fmesi T\u00fcrkiye\u2019nin cari a\u00e7\u0131\u011f\u0131n\u0131n azalmas\u0131 a\u00e7\u0131s\u0131ndan son derece g\u00fczel bir zamanlama oldu. Bize g\u00fczel bir nefes alma zaman\u0131 kazand\u0131rd\u0131. Ama bunun uzun s\u00fcreli olaca\u011f\u0131n\u0131 d\u00fc\u015f\u00fcnmek bence \u00e7ok b\u00fcy\u00fck bir iyimserlik olur. \u015eu andaki d\u00fc\u015f\u00fck petrol fiyatlar\u0131n\u0131n olu\u015fturdu\u011fu zaman\u0131 iyi kullanmal\u0131y\u0131z. Ama tekrar y\u00fckselebilece\u011fini d\u00fc\u015f\u00fcnerek de kendimizi, ekonomimizi ona g\u00f6re haz\u0131rlamal\u0131y\u0131z.\u201d<\/p>\n<h2 style=\"color: #232323;\">\u201c\u00c7in\u2019in talebinde azalma var\u201d<\/h2>\n<p style=\"color: #000000;\">\u00c7in\u2019de genel olarak enerji talebinde, \u00f6zelde ise petrol talebinde azalma g\u00f6r\u00fcld\u00fc\u011f\u00fcn\u00fc belirten Birol, bunun \u00fc\u00e7 ana nedeni oldu\u011funu aktard\u0131. Birinci nedenin enerji verimlili\u011fi konusunda \u00e7ok ciddi ad\u0131mlar at\u0131lmas\u0131 oldu\u011funu dile getiren Birol, \u015f\u00f6yle devam etti:<\/p>\n<p style=\"color: #000000;\">\u201c\u00d6zellikle ara\u00e7lardaki, kamyonlardaki yak\u0131t verimli\u011fi konusunda \u00f6nemli kanunlar \u00e7\u0131kard\u0131. Bunun neticesinde talepte bir zay\u0131flama g\u00f6r\u00fcyoruz. \u00c7in ekonomisindeki b\u00fcy\u00fcme yava\u015flad\u0131. Ayn\u0131 zamanda ekonominin karakteri de\u011fi\u015fti. \u00c7ok a\u011f\u0131r sanayi ekonomisinden yava\u015f yava\u015f daha hafif bir ekonomiye ge\u00e7meye \u00e7al\u0131\u015f\u0131yor. \u00dc\u00e7\u00fcnc\u00fc nedeni de \u00c7in\u2019deki n\u00fcfus art\u0131\u015f\u0131 art\u0131k zirveye geldi. Yava\u015f\u00e7a \u00c7in n\u00fcfusu d\u00fc\u015fmeye ba\u015fl\u0131yor. Bu da talebin zay\u0131flamas\u0131na neden oluyor. Bunun neticesinde \u00c7in de talep yine artacak ama eskiden son 10 y\u0131lda g\u00f6rd\u00fc\u011f\u00fcm\u00fcz gibi b\u00fcy\u00fck art\u0131\u015flar art\u0131k uzun s\u00fcreli olmayacak.\u201d<\/p>\n<p style=\"color: #000000;\">K\u00fcresel petrol fiyatlar\u0131n\u0131n nispeten d\u00fc\u015f\u00fck seviyede seyretmesinin en b\u00fcy\u00fck olumsuz etkisinin Rusya ekonomisi \u00fczerinde kendisini g\u00f6sterece\u011fini belirten Birol, Rusya\u2019n\u0131n petrol gelirlerinde ciddi bir d\u00fc\u015f\u00fc\u015f ya\u015fad\u0131\u011f\u0131n\u0131 hat\u0131rlatt\u0131.<\/p>\n<p style=\"color: #000000;\">Rusya\u2019n\u0131n \u00f6n\u00fcm\u00fczdeki birka\u00e7 ay i\u00e7erisinde do\u011falgaz kontratlar\u0131n\u0131n bir\u00e7o\u011funun, petrol fiyatlar\u0131na endeksli oldu\u011fu, 6-9 ay gibi bir ertelemeyle geldi\u011fi i\u00e7in gelirlerinde d\u00fc\u015f\u00fc\u015f olaca\u011f\u0131n\u0131 ifade eden Fatih Birol, \u201c\u00d6nce petrol, sonra gaz. \u00dc\u00e7\u00fcnc\u00fcs\u00fc ise uluslararas\u0131 camian\u0131n Rusya\u2019ya uygulad\u0131\u011f\u0131 yapt\u0131r\u0131mlar neticesinde Rusya yeni petrol ve do\u011falgaz sahalar\u0131n\u0131 geli\u015ftirme konusunda hem finansman bulma hem de teknolojiye eri\u015fim konusunda \u00e7ok b\u00fcy\u00fck zorluklarla kar\u015f\u0131la\u015facak. Bu da \u00fcrettikleri petrol ve do\u011falgaz miktar\u0131n\u0131 etkileyecek\u201d diye konu\u015ftu.<\/p>\n<p style=\"color: #000000;\">Haberin Devam\u0131 i\u00e7in\u00a0<a style=\"color: #c75615;\" href=\"http:\/\/www.bloomberght.com\/haberler\/haber\/1730785-fatih-birol-petrolde-45-dolarlar-uzun-surmez\" target=\"_blank\" rel=\"nofollow\">t\u0131klay\u0131n\u0131z&gt;&gt;&gt;<\/a><\/p>\n<p style=\"color: #000000;\">Kaynak: BloombergHT<\/p>\n<p><\/p>","protected":false},"excerpt":{"rendered":"<p>Sorry, this entry is only available in Turkish. For the sake of viewer convenience, the content is shown below in the alternative language. You may click the link to switch the active language. Uluslararas\u0131 Enerji Ajans\u0131 \u0130cra Direkt\u00f6rl\u00fc\u011f\u00fc\u2019ne se\u00e7ilen Fatih Birol petrolde 45 dolarlar\u0131n uzun s\u00fcrmeyece\u011fi tahmininde bulundu. Uluslararas\u0131 Enerji Ajans\u0131 (IEA) \u0130cra Direkt\u00f6rl\u00fc\u011f\u00fc\u2019ne se\u00e7ilen [&hellip;]<\/p>\n","protected":false},"author":1,"featured_media":36758,"comment_status":"open","ping_status":"open","sticky":false,"template":"","format":"standard","meta":[],"categories":[53,44],"tags":[21625,21623,63,67,1009,2698,165,818,1023,59,79,347,1022,21624],"views":637,"_links":{"self":[{"href":"https:\/\/www.enerjigazetesi.ist\/en\/wp-json\/wp\/v2\/posts\/36757"}],"collection":[{"href":"https:\/\/www.enerjigazetesi.ist\/en\/wp-json\/wp\/v2\/posts"}],"about":[{"href":"https:\/\/www.enerjigazetesi.ist\/en\/wp-json\/wp\/v2\/types\/post"}],"author":[{"embeddable":true,"href":"https:\/\/www.enerjigazetesi.ist\/en\/wp-json\/wp\/v2\/users\/1"}],"replies":[{"embeddable":true,"href":"https:\/\/www.enerjigazetesi.ist\/en\/wp-json\/wp\/v2\/comments?post=36757"}],"version-history":[{"count":1,"href":"https:\/\/www.enerjigazetesi.ist\/en\/wp-json\/wp\/v2\/posts\/36757\/revisions"}],"predecessor-version":[{"id":36759,"href":"https:\/\/www.enerjigazetesi.ist\/en\/wp-json\/wp\/v2\/posts\/36757\/revisions\/36759"}],"wp:featuredmedia":[{"embeddable":true,"href":"https:\/\/www.enerjigazetesi.ist\/en\/wp-json\/wp\/v2\/media\/36758"}],"wp:attachment":[{"href":"https:\/\/www.enerjigazetesi.ist\/en\/wp-json\/wp\/v2\/media?parent=36757"}],"wp:term":[{"taxonomy":"category","embeddable":true,"href":"https:\/\/www.enerjigazetesi.ist\/en\/wp-json\/wp\/v2\/categories?post=36757"},{"taxonomy":"post_tag","embeddable":true,"href":"https:\/\/www.enerjigazetesi.ist\/en\/wp-json\/wp\/v2\/tags?post=36757"}],"curies":[{"name":"wp","href":"https:\/\/api.w.org\/{rel}","templated":true}]}}