{"id":36752,"date":"2015-02-26T17:44:20","date_gmt":"2015-02-26T14:44:20","guid":{"rendered":"https:\/\/www.enerjigazetesi.ist\/?p=36752"},"modified":"2015-02-26T17:44:20","modified_gmt":"2015-02-26T14:44:20","slug":"tarlaya-ges-kurmada-yola-sinir-sarti-kalkti","status":"publish","type":"post","link":"https:\/\/www.enerjigazetesi.ist\/en\/tarlaya-ges-kurmada-yola-sinir-sarti-kalkti\/","title":{"rendered":"(Turkish) Tarlaya GES Kurmada Yola S\u0131n\u0131r \u015eart\u0131 Kalkt\u0131!"},"content":{"rendered":"<p class=\"qtranxs-available-languages-message qtranxs-available-languages-message-en\">Sorry, this entry is only available in <a href=\"https:\/\/www.enerjigazetesi.ist\/tr\/wp-json\/wp\/v2\/posts\/36752\" class=\"qtranxs-available-language-link qtranxs-available-language-link-tr\" title=\"Turkish\">Turkish<\/a>. For the sake of viewer convenience, the content is shown below in the alternative language. You may click the link to switch the active language.<\/p><p><strong><span style=\"color: #000000;\">G\u00fcne\u015f enerjisi yat\u0131r\u0131mlar\u0131 i\u00e7in tar\u0131msal b\u00fct\u00fcnl\u00fck de\u011ferlendirmesi yap\u0131l\u0131rken planl\u0131 alana veya herhangi bir yola s\u0131n\u0131r olma zorunlulu\u011fu aranmayacak.<\/span><\/strong><\/p>\n<p>T.C. G\u0131da Tar\u0131m ve Hayvanc\u0131l\u0131k Bakanl\u0131\u011f\u0131 Tar\u0131m Reformu Genel M\u00fcd\u00fcrl\u00fc\u011f\u00fc taraf\u0131ndan 81 il Valili\u011fi \u0130l G\u0131da Tar\u0131m ve Hayvanc\u0131l\u0131k M\u00fcd\u00fcrl\u00fckleri`ne g\u00f6nderilen 28 Ocak 2015 tarihli talimatta, g\u00fcne\u015f enerji santra<a href=\"https:\/\/www.enerjigazetesi.ist\/wp-content\/uploads\/2015\/02\/tarlaya-ges-kurmada-yola-sinir-sarti-kalkti.jpg\"><img loading=\"lazy\" class=\"alignleft wp-image-36753 size-medium\" src=\"https:\/\/www.enerjigazetesi.ist\/wp-content\/uploads\/2015\/02\/tarlaya-ges-kurmada-yola-sinir-sarti-kalkti-300x166.jpg\" alt=\"tarlaya-ges-kurmada-yola-sinir-sarti-kalkti\" width=\"300\" height=\"166\" srcset=\"https:\/\/www.enerjigazetesi.ist\/wp-content\/uploads\/2015\/02\/tarlaya-ges-kurmada-yola-sinir-sarti-kalkti-300x166.jpg 300w, https:\/\/www.enerjigazetesi.ist\/wp-content\/uploads\/2015\/02\/tarlaya-ges-kurmada-yola-sinir-sarti-kalkti-80x44.jpg 80w, https:\/\/www.enerjigazetesi.ist\/wp-content\/uploads\/2015\/02\/tarlaya-ges-kurmada-yola-sinir-sarti-kalkti.jpg 448w\" sizes=\"(max-width: 300px) 100vw, 300px\" \/><\/a>lleri ile ilgili yap\u0131lacak i\u015f ve i\u015flemleri i\u00e7eren ilgili talimatlar\u0131n\u0131n 7. maddesinin de\u011fi\u015ftirildi\u011fi ve b\u00f6ylece yenilenebilir enerji yat\u0131r\u0131mlar\u0131 i\u00e7in tar\u0131msal b\u00fct\u00fcnl\u00fck de\u011ferlendirmesi yap\u0131l\u0131rken planl\u0131 alana veya herhangi bir yola s\u0131n\u0131r olma zorunlulu\u011fu aranmayaca\u011f\u0131 belirtildi.<\/p>\n<p>Ayr\u0131ca ayn\u0131 talimat\u0131n 9. maddesine eklenen f\u0131kra ile tar\u0131m d\u0131\u015f\u0131 ama\u00e7l\u0131 kullan\u0131m taleplerinde yap\u0131lacak faaliyette kullan\u0131lacak g\u00fcne\u015f enerjisi \u00fcretim tesisi kurulum talebinin birlikte yap\u0131lmas\u0131, al\u0131nacak kamu yarar\u0131 karar\u0131nda g\u00fcne\u015f enerjisi santralinin de belirtilmesi, g\u00fcne\u015f enerjisine ba\u011fl\u0131 \u00fcretilen enerjinin i\u015fletme d\u0131\u015f\u0131nda kullan\u0131lmamas\u0131 ve sat\u0131\u015f\u0131n\u0131n yap\u0131lmamas\u0131 \u015fart\u0131 ile kurulacak g\u00fcne\u015f enerjisi \u00fcretim tesisleri i\u00e7in de planl\u0131 alana veya herhangi bir yola s\u0131n\u0131r olma zorunlulu\u011fu aranmayacak.<\/p>\n<p>Daha \u00f6nce tar\u0131m d\u0131\u015f\u0131 ama\u00e7la kullan\u0131m izni verilen faaliyetler i\u00e7in yap\u0131lacak g\u00fcne\u015f enerjisi \u00fcretim tesisi kurulum taleplerinde ise, kamu yarar\u0131 karar\u0131 al\u0131nmas\u0131, g\u00fcne\u015f enerjisine ba\u011fl\u0131 \u00fcretilen enerjinin i\u015fletme d\u0131\u015f\u0131nda kullan\u0131lmamas\u0131 ve sat\u0131\u015f\u0131n\u0131n yap\u0131lmamas\u0131 \u015fart\u0131 ile kurulacak g\u00fcne\u015f enerjisi \u00fcretim tesisi de bu kapsamda de\u011ferlendirilecek.<\/p>\n<p>Kaynak: <a href=\"http:\/\/enerjigunlugu.net\/tarlaya-ges-kurmada-yola-sinir-sarti-kalkti_12405.html#.VO8wg_msV8E\" target=\"_blank\" rel=\"nofollow\">Enerji G\u00fcnl\u00fc\u011f\u00fc<\/a><\/p>","protected":false},"excerpt":{"rendered":"<p>Sorry, this entry is only available in Turkish. For the sake of viewer convenience, the content is shown below in the alternative language. You may click the link to switch the active language.G\u00fcne\u015f enerjisi yat\u0131r\u0131mlar\u0131 i\u00e7in tar\u0131msal b\u00fct\u00fcnl\u00fck de\u011ferlendirmesi yap\u0131l\u0131rken planl\u0131 alana veya herhangi bir yola s\u0131n\u0131r olma zorunlulu\u011fu aranmayacak. T.C. G\u0131da Tar\u0131m ve Hayvanc\u0131l\u0131k [&hellip;]<\/p>\n","protected":false},"author":1,"featured_media":36753,"comment_status":"open","ping_status":"open","sticky":false,"template":"","format":"standard","meta":[],"categories":[53,49],"tags":[63,67,1009,2698,165,2326,227,13,2569,2450,21619,21617,1286,21618],"views":638,"_links":{"self":[{"href":"https:\/\/www.enerjigazetesi.ist\/en\/wp-json\/wp\/v2\/posts\/36752"}],"collection":[{"href":"https:\/\/www.enerjigazetesi.ist\/en\/wp-json\/wp\/v2\/posts"}],"about":[{"href":"https:\/\/www.enerjigazetesi.ist\/en\/wp-json\/wp\/v2\/types\/post"}],"author":[{"embeddable":true,"href":"https:\/\/www.enerjigazetesi.ist\/en\/wp-json\/wp\/v2\/users\/1"}],"replies":[{"embeddable":true,"href":"https:\/\/www.enerjigazetesi.ist\/en\/wp-json\/wp\/v2\/comments?post=36752"}],"version-history":[{"count":1,"href":"https:\/\/www.enerjigazetesi.ist\/en\/wp-json\/wp\/v2\/posts\/36752\/revisions"}],"predecessor-version":[{"id":36754,"href":"https:\/\/www.enerjigazetesi.ist\/en\/wp-json\/wp\/v2\/posts\/36752\/revisions\/36754"}],"wp:featuredmedia":[{"embeddable":true,"href":"https:\/\/www.enerjigazetesi.ist\/en\/wp-json\/wp\/v2\/media\/36753"}],"wp:attachment":[{"href":"https:\/\/www.enerjigazetesi.ist\/en\/wp-json\/wp\/v2\/media?parent=36752"}],"wp:term":[{"taxonomy":"category","embeddable":true,"href":"https:\/\/www.enerjigazetesi.ist\/en\/wp-json\/wp\/v2\/categories?post=36752"},{"taxonomy":"post_tag","embeddable":true,"href":"https:\/\/www.enerjigazetesi.ist\/en\/wp-json\/wp\/v2\/tags?post=36752"}],"curies":[{"name":"wp","href":"https:\/\/api.w.org\/{rel}","templated":true}]}}