{"id":36716,"date":"2015-02-26T10:41:19","date_gmt":"2015-02-26T07:41:19","guid":{"rendered":"https:\/\/www.enerjigazetesi.ist\/?p=36716"},"modified":"2015-02-26T10:41:19","modified_gmt":"2015-02-26T07:41:19","slug":"s-arabistan-petrol-bakani-naimi-petrolde-talep-artiyor","status":"publish","type":"post","link":"https:\/\/www.enerjigazetesi.ist\/en\/s-arabistan-petrol-bakani-naimi-petrolde-talep-artiyor\/","title":{"rendered":"(Turkish) S. Arabistan Petrol Bakan\u0131 Naimi: \u201cPetrolde Talep Art\u0131yor\u201d"},"content":{"rendered":"<p class=\"qtranxs-available-languages-message qtranxs-available-languages-message-en\">Sorry, this entry is only available in <a href=\"https:\/\/www.enerjigazetesi.ist\/tr\/wp-json\/wp\/v2\/posts\/36716\" class=\"qtranxs-available-language-link qtranxs-available-language-link-tr\" title=\"Turkish\">Turkish<\/a>. For the sake of viewer convenience, the content is shown below in the alternative language. You may click the link to switch the active language.<\/p><p><\/p>\n<p style=\"color: #000000;\"><strong>Suudi Arabistan Petrol Bakan\u0131 <img loading=\"lazy\" class=\"alignleft  wp-image-36717\" src=\"https:\/\/www.enerjigazetesi.ist\/wp-content\/uploads\/2015\/02\/suudi-arabistan-petrol-gelecek-iran-irak-300x197.jpg\" alt=\"suudi-arabistan-petrol-gelecek-iran-irak\" width=\"300\" height=\"210\" \/>Ali El Naimi petrol talebinin artmakta oldu\u011funu s\u00f6yledi.<\/strong><\/p>\n<p style=\"color: #000000;\">Suudi Arabistan\u2019da d\u00fczenlenen bir konferansta konu\u015fan Naimi, piyasalar\u0131n yat\u0131\u015fm\u0131\u015f olmas\u0131na dikkat \u00e7ekti.<br \/>\n<span id=\"more-70486\"><\/span><\/p>\n<p style=\"color: #000000;\">Naimi, Ekvator Devlet Ba\u015fkan\u0131\u2019n\u0131n \u201cOPEC ola\u011fand\u0131\u015f\u0131 toplant\u0131 \u00e7a\u011fr\u0131s\u0131 yapmal\u0131\u201d a\u00e7\u0131klamas\u0131na ili\u015fkin yorum yapmazken, OPEC kaynaklar\u0131 kartelde bu y\u00f6nde bir plan olmad\u0131\u011f\u0131n\u0131 bildirdi.<\/p>\n<p style=\"color: #000000;\">Naimi, Petrol \u0130hra\u00e7 Eden \u00dclkeler \u00d6rg\u00fct\u00fc\u2019n\u00fcn (OPEC) Kas\u0131m\u2019da yapt\u0131\u011f\u0131 toplant\u0131da \u00fcretimi azaltmama y\u00f6n\u00fcnde bir politika benimsemesinin arkas\u0131nda etkili olan isimdi.<\/p>\n<p style=\"color: #000000;\">Petrol fiyatlar\u0131nda Haziran\u2019dan bu yana y\u00fczde 50 dolay\u0131nda d\u00fc\u015f\u00fc\u015f ger\u00e7ekle\u015fti.<\/p>\n<p style=\"color: #000000;\">Kaynak: Enerji Enstit\u00fcs\u00fc<\/p>\n<p><\/p>","protected":false},"excerpt":{"rendered":"<p>Sorry, this entry is only available in Turkish. For the sake of viewer convenience, the content is shown below in the alternative language. You may click the link to switch the active language. Suudi Arabistan Petrol Bakan\u0131 Ali El Naimi petrol talebinin artmakta oldu\u011funu s\u00f6yledi. Suudi Arabistan\u2019da d\u00fczenlenen bir konferansta konu\u015fan Naimi, piyasalar\u0131n yat\u0131\u015fm\u0131\u015f olmas\u0131na [&hellip;]<\/p>\n","protected":false},"author":1,"featured_media":36717,"comment_status":"open","ping_status":"open","sticky":false,"template":"","format":"standard","meta":[],"categories":[53,44],"tags":[21600,8033,1377,347,6790,2415,11131],"views":668,"_links":{"self":[{"href":"https:\/\/www.enerjigazetesi.ist\/en\/wp-json\/wp\/v2\/posts\/36716"}],"collection":[{"href":"https:\/\/www.enerjigazetesi.ist\/en\/wp-json\/wp\/v2\/posts"}],"about":[{"href":"https:\/\/www.enerjigazetesi.ist\/en\/wp-json\/wp\/v2\/types\/post"}],"author":[{"embeddable":true,"href":"https:\/\/www.enerjigazetesi.ist\/en\/wp-json\/wp\/v2\/users\/1"}],"replies":[{"embeddable":true,"href":"https:\/\/www.enerjigazetesi.ist\/en\/wp-json\/wp\/v2\/comments?post=36716"}],"version-history":[{"count":1,"href":"https:\/\/www.enerjigazetesi.ist\/en\/wp-json\/wp\/v2\/posts\/36716\/revisions"}],"predecessor-version":[{"id":36718,"href":"https:\/\/www.enerjigazetesi.ist\/en\/wp-json\/wp\/v2\/posts\/36716\/revisions\/36718"}],"wp:featuredmedia":[{"embeddable":true,"href":"https:\/\/www.enerjigazetesi.ist\/en\/wp-json\/wp\/v2\/media\/36717"}],"wp:attachment":[{"href":"https:\/\/www.enerjigazetesi.ist\/en\/wp-json\/wp\/v2\/media?parent=36716"}],"wp:term":[{"taxonomy":"category","embeddable":true,"href":"https:\/\/www.enerjigazetesi.ist\/en\/wp-json\/wp\/v2\/categories?post=36716"},{"taxonomy":"post_tag","embeddable":true,"href":"https:\/\/www.enerjigazetesi.ist\/en\/wp-json\/wp\/v2\/tags?post=36716"}],"curies":[{"name":"wp","href":"https:\/\/api.w.org\/{rel}","templated":true}]}}