{"id":3664,"date":"2012-11-22T10:14:16","date_gmt":"2012-11-22T07:14:16","guid":{"rendered":"https:\/\/www.enerjigazetesi.ist\/?p=3664"},"modified":"2012-11-22T10:14:16","modified_gmt":"2012-11-22T07:14:16","slug":"can-termik-santrali-3-aydir-uretim-yapamiyor","status":"publish","type":"post","link":"https:\/\/www.enerjigazetesi.ist\/en\/can-termik-santrali-3-aydir-uretim-yapamiyor\/","title":{"rendered":"(Turkish) \u00c7an Termik Santrali 3 Ayd\u0131r \u00dcretim Yapam\u0131yor"},"content":{"rendered":"<p class=\"qtranxs-available-languages-message qtranxs-available-languages-message-en\">Sorry, this entry is only available in <a href=\"https:\/\/www.enerjigazetesi.ist\/tr\/wp-json\/wp\/v2\/posts\/3664\" class=\"qtranxs-available-language-link qtranxs-available-language-link-tr\" title=\"Turkish\">Turkish<\/a>. For the sake of viewer convenience, the content is shown below in the alternative language. You may click the link to switch the active language.<\/p><p><strong>CHP\u2019li vekiller, kamu kurumlar\u0131, i\u015f\u00e7i sendikalar\u0131, sivil toplum \u00f6rg\u00fctleri, \u00c7anakkale\/\u00c7an\u2019da bulunan k\u00f6m\u00fcr madenleri ve termik santralde yap\u0131lan yerinde incelemelerde bulundu.<\/strong><\/p>\n<p><img loading=\"lazy\" class=\"alignleft size-medium wp-image-3665\" title=\"can-termik-santrali-euas-ihale-505x378\" src=\"https:\/\/www.enerjigazetesi.ist\/wp-content\/uploads\/2012\/11\/can-termik-santrali-euas-ihale-505x378-300x190.jpg\" alt=\"\" width=\"300\" height=\"190\" srcset=\"https:\/\/www.enerjigazetesi.ist\/wp-content\/uploads\/2012\/11\/can-termik-santrali-euas-ihale-505x378-300x190.jpg 300w, https:\/\/www.enerjigazetesi.ist\/wp-content\/uploads\/2012\/11\/can-termik-santrali-euas-ihale-505x378-80x50.jpg 80w, https:\/\/www.enerjigazetesi.ist\/wp-content\/uploads\/2012\/11\/can-termik-santrali-euas-ihale-505x378.jpg 479w\" sizes=\"(max-width: 300px) 100vw, 300px\" \/>Yakla\u015f\u0131k 400 Milyon ABD Dolar\u0131na mal olan 320 MW g\u00fcc\u00fcnde \u00c7anakkale\/\u00c7an termik santralinin ihale usuls\u00fczl\u00fckleri dolay\u0131s\u0131yla 3 ayd\u0131r \u00fcretim yapamad\u0131\u011f\u0131, bu durumun \u00f6zelle\u015ftirme \u00f6ncesinde bilin\u00e7li olarak olu\u015fturuldu\u011fu s\u00f6ylendi.<\/p>\n<p>Kaynak: <a href=\"http:\/\/enerjienstitusu.com\/2012\/11\/21\/can-termik-santrali-3-aydir-uretim-yapamiyor\/\" target=\"_blank\">Enerji Enstit\u00fcs\u00fc<\/a><\/p>","protected":false},"excerpt":{"rendered":"<p>Sorry, this entry is only available in Turkish. For the sake of viewer convenience, the content is shown below in the alternative language. You may click the link to switch the active language.CHP\u2019li vekiller, kamu kurumlar\u0131, i\u015f\u00e7i sendikalar\u0131, sivil toplum \u00f6rg\u00fctleri, \u00c7anakkale\/\u00c7an\u2019da bulunan k\u00f6m\u00fcr madenleri ve termik santralde yap\u0131lan yerinde incelemelerde bulundu. Yakla\u015f\u0131k 400 Milyon [&hellip;]<\/p>\n","protected":false},"author":1,"featured_media":3665,"comment_status":"open","ping_status":"open","sticky":false,"template":"","format":"standard","meta":[],"categories":[53],"tags":[1061,67],"views":1142,"_links":{"self":[{"href":"https:\/\/www.enerjigazetesi.ist\/en\/wp-json\/wp\/v2\/posts\/3664"}],"collection":[{"href":"https:\/\/www.enerjigazetesi.ist\/en\/wp-json\/wp\/v2\/posts"}],"about":[{"href":"https:\/\/www.enerjigazetesi.ist\/en\/wp-json\/wp\/v2\/types\/post"}],"author":[{"embeddable":true,"href":"https:\/\/www.enerjigazetesi.ist\/en\/wp-json\/wp\/v2\/users\/1"}],"replies":[{"embeddable":true,"href":"https:\/\/www.enerjigazetesi.ist\/en\/wp-json\/wp\/v2\/comments?post=3664"}],"version-history":[{"count":2,"href":"https:\/\/www.enerjigazetesi.ist\/en\/wp-json\/wp\/v2\/posts\/3664\/revisions"}],"predecessor-version":[{"id":3667,"href":"https:\/\/www.enerjigazetesi.ist\/en\/wp-json\/wp\/v2\/posts\/3664\/revisions\/3667"}],"wp:featuredmedia":[{"embeddable":true,"href":"https:\/\/www.enerjigazetesi.ist\/en\/wp-json\/wp\/v2\/media\/3665"}],"wp:attachment":[{"href":"https:\/\/www.enerjigazetesi.ist\/en\/wp-json\/wp\/v2\/media?parent=3664"}],"wp:term":[{"taxonomy":"category","embeddable":true,"href":"https:\/\/www.enerjigazetesi.ist\/en\/wp-json\/wp\/v2\/categories?post=3664"},{"taxonomy":"post_tag","embeddable":true,"href":"https:\/\/www.enerjigazetesi.ist\/en\/wp-json\/wp\/v2\/tags?post=3664"}],"curies":[{"name":"wp","href":"https:\/\/api.w.org\/{rel}","templated":true}]}}