{"id":36606,"date":"2015-02-22T18:31:38","date_gmt":"2015-02-22T15:31:38","guid":{"rendered":"https:\/\/www.enerjigazetesi.ist\/?p=36606"},"modified":"2015-02-22T18:31:38","modified_gmt":"2015-02-22T15:31:38","slug":"enerji-verimliligi-dernegi-adanaya-sube-acti","status":"publish","type":"post","link":"https:\/\/www.enerjigazetesi.ist\/en\/enerji-verimliligi-dernegi-adanaya-sube-acti\/","title":{"rendered":"(Turkish) Enerji Verimlili\u011fi Derne\u011fi Adana`ya \u015eube A\u00e7t\u0131!"},"content":{"rendered":"<p class=\"qtranxs-available-languages-message qtranxs-available-languages-message-en\">Sorry, this entry is only available in <a href=\"https:\/\/www.enerjigazetesi.ist\/tr\/wp-json\/wp\/v2\/posts\/36606\" class=\"qtranxs-available-language-link qtranxs-available-language-link-tr\" title=\"Turkish\">Turkish<\/a>. For the sake of viewer convenience, the content is shown below in the alternative language. You may click the link to switch the active language.<\/p><p><strong>Enerji Verimlili\u011fi Derne\u011fi\u2019nin 14. \u015fubesi Adana Sanayi Odas\u0131`nda a\u00e7\u0131larak hizmete ba\u015flad\u0131. Enerjinin en verimli \u015fekilde kullan\u0131labilmesi konusunda T\u00fcrkiye genelinde Enerji Han\u0131m, Enerji \u00c7ocuk, Enerji Verimli Ula\u015f\u0131m ve Enerji Verimli Sanayi\u2019den olu\u015fan \u2018Enerji Tak\u0131m\u0131\u2019 ile \u00e7al\u0131\u015fmalar y\u00fcr\u00fcten Enerji Verimlili\u011fi Derne\u011fi\u2019nin 14. \u015fubesi Adana\u2019da a\u00e7\u0131ld\u0131.<\/strong><br \/>\n<a href=\"https:\/\/www.enerjigazetesi.ist\/wp-content\/uploads\/2015\/02\/enerji-verimliligi-dernegi-adanaya-sube-acti.jpg\"><img loading=\"lazy\" class=\"alignright size-medium wp-image-36607\" src=\"https:\/\/www.enerjigazetesi.ist\/wp-content\/uploads\/2015\/02\/enerji-verimliligi-dernegi-adanaya-sube-acti-300x167.jpg\" alt=\"enerji-verimliligi-dernegi-adanaya-sube-acti\" width=\"300\" height=\"167\" srcset=\"https:\/\/www.enerjigazetesi.ist\/wp-content\/uploads\/2015\/02\/enerji-verimliligi-dernegi-adanaya-sube-acti-300x167.jpg 300w, https:\/\/www.enerjigazetesi.ist\/wp-content\/uploads\/2015\/02\/enerji-verimliligi-dernegi-adanaya-sube-acti-80x44.jpg 80w, https:\/\/www.enerjigazetesi.ist\/wp-content\/uploads\/2015\/02\/enerji-verimliligi-dernegi-adanaya-sube-acti.jpg 448w\" sizes=\"(max-width: 300px) 100vw, 300px\" \/><\/a><br \/>\nA\u00e7\u0131l\u0131\u015fta konu\u015fan Enerji Verimlili\u011fi Derne\u011fi Genel Sekreteri Ye\u015fim Beyla, T\u00fcrkiye\u2019nin ithalat kaynaklar\u0131nda en \u00f6nemli kalemi enerjinin daha az t\u00fcketilebilmesi i\u00e7in \u2018enerji verimlili\u011fi\u2019nin alternatif bir enerji kayna\u011f\u0131 oldu\u011fu ger\u00e7e\u011finin herkesin g\u00fcndeminde olmas\u0131 gerekti\u011fine dikkat \u00e7ekerek, yap\u0131lan hesaplamalara g\u00f6re verimlili\u011fin sa\u011flanmas\u0131 halinde elde edilen tasarruf de\u011ferinin enerji kaynaklar\u0131ndan \u00fcretilebilecek enerjiden daha fazla oldu\u011funu s\u00f6yledi.<\/p>\n<p>Beyla, \u201cYani verimlilik \u00e7ok \u00f6nemli bir unsurdur. \u00c7\u00fcnk\u00fc bir birim mal \u00fcretebilmek i\u00e7in bizler geli\u015fmi\u015f \u00fclkelere g\u00f6re \u00fc\u00e7 kat\u0131 daha fazla enerji harc\u0131yoruz\u201d diye konu\u015ftu.<\/p>\n<p><strong><i>G\u00dcNE\u015e ENERJ\u0130S\u0130 \u00d6N PLANDA<\/i><\/strong><\/p>\n<p>Adana Sanayi Odas\u0131 Y\u00f6netim Kurulu Ba\u015fkan\u0131 ve Enerji Verimlili\u011fi Derne\u011fi Adana \u015eube Ba\u015fkan\u0131 Zeki K\u0131van\u00e7 ise, kentte g\u00fcne\u015f enerjisinin \u00f6n plana \u00e7\u0131kt\u0131\u011f\u0131n\u0131 vurgulayarak, \u201cT\u00fcrkiye\u2019nin sahip oldu\u011fu g\u00fcne\u015f potansiyeli dikkate al\u0131nd\u0131\u011f\u0131nda g\u00fcne\u015f enerjisi kullan\u0131m\u0131 \u00fclkemizin enerji gelece\u011fi a\u00e7\u0131s\u0131ndan b\u00fcy\u00fck \u00f6neme sahiptir. Yenilenebilir Enerji Kanunu\u2019nda yap\u0131lan son d\u00fczenlemeler, bu sekt\u00f6rde d\u00fcnya genelinde en belirleyici politikalardan olan destek politikalar\u0131n\u0131n \u00fclkemizde de uygulanmaya ba\u015flanmas\u0131na ve b\u00f6ylelikle yat\u0131r\u0131mlar\u0131n h\u0131zlanmas\u0131na imkan sa\u011flam\u0131\u015ft\u0131r. \u00c7ukurova B\u00f6lgesi g\u00fcne\u015f potansiyeli olarak en elveri\u015fli b\u00f6lgelerden birisidir ve bu potansiyelin de\u011ferlendirilmesi hem b\u00f6lge hem de \u00fclke ekonomisi i\u00e7in b\u00fcy\u00fck \u00f6neme sahiptir. \u0130lgili sekt\u00f6rde kullan\u0131lan ekipmanlar\u0131n b\u00f6lgede \u00fcretilmesinin meydana getirece\u011fi ekonomik katk\u0131 olduk\u00e7a \u00f6nemlidir\u201d ifadelerini kulland\u0131.<\/p>\n<p><strong><i>D\u00d6V\u0130Z\u0130M\u0130Z DI\u015eARI G\u0130D\u0130YOR<\/i><\/strong><\/p>\n<p>Adana B\u00fcy\u00fck\u015fehir Belediye Ba\u015fkan\u0131 H\u00fcseyin S\u00f6zl\u00fc de, do\u011falgaz \u00fczerinden elektrik elde etme politikas\u0131n\u0131 ve son zamanlarda h\u0131zla artan do\u011falgaz santrallerini pahal\u0131 olmas\u0131 nedeniyle ele\u015ftirdi. Enerji t\u00fcketimi konusunda insanlar\u0131 bilin\u00e7lendirmek i\u00e7in kampanya ba\u015flatacaklar\u0131n\u0131 belirten S\u00f6zl\u00fc, basit tasarruflarla ciddi kazan\u0131mlar elde edilebilece\u011fini kaydetti. Ba\u015fkan S\u00f6zl\u00fc, \u201cEnerjide kullan\u0131m artt\u0131k\u00e7a \u00fcretim santralleri devreye giriyor.<\/p>\n<p>\u00dcretim artt\u0131k\u00e7a do\u011falgaz, k\u00f6m\u00fcr, di\u011fer birimler devreye giriyor ve \u00f6zellikle fosil yak\u0131tl\u0131 ithal ikame \u00fcr\u00fcnlerde d\u00f6vizimiz d\u0131\u015far\u0131 \u00e7ok gidiyor, ba\u011f\u0131ml\u0131l\u0131\u011f\u0131m\u0131z art\u0131yor. Bu konuya dikkat \u00e7ekmek, fark\u0131ndal\u0131k olu\u015fturmak noktas\u0131nda Enerji Verimlili\u011fi Derne\u011fi\u2019nin gayretinin ne kadar oldu\u011funun biz de fark\u0131nda olduk, biz de destekleyece\u011fiz\u201d diye konu\u015ftu.<\/p>","protected":false},"excerpt":{"rendered":"<p>Sorry, this entry is only available in Turkish. For the sake of viewer convenience, the content is shown below in the alternative language. You may click the link to switch the active language.Enerji Verimlili\u011fi Derne\u011fi\u2019nin 14. \u015fubesi Adana Sanayi Odas\u0131`nda a\u00e7\u0131larak hizmete ba\u015flad\u0131. Enerjinin en verimli \u015fekilde kullan\u0131labilmesi konusunda T\u00fcrkiye genelinde Enerji Han\u0131m, Enerji \u00c7ocuk, [&hellip;]<\/p>\n","protected":false},"author":1,"featured_media":36607,"comment_status":"open","ping_status":"open","sticky":false,"template":"","format":"standard","meta":[],"categories":[53,52],"tags":[3272,63,67,1009,2698,165,12,1525,21534,21531,793,21532,21533],"views":532,"_links":{"self":[{"href":"https:\/\/www.enerjigazetesi.ist\/en\/wp-json\/wp\/v2\/posts\/36606"}],"collection":[{"href":"https:\/\/www.enerjigazetesi.ist\/en\/wp-json\/wp\/v2\/posts"}],"about":[{"href":"https:\/\/www.enerjigazetesi.ist\/en\/wp-json\/wp\/v2\/types\/post"}],"author":[{"embeddable":true,"href":"https:\/\/www.enerjigazetesi.ist\/en\/wp-json\/wp\/v2\/users\/1"}],"replies":[{"embeddable":true,"href":"https:\/\/www.enerjigazetesi.ist\/en\/wp-json\/wp\/v2\/comments?post=36606"}],"version-history":[{"count":1,"href":"https:\/\/www.enerjigazetesi.ist\/en\/wp-json\/wp\/v2\/posts\/36606\/revisions"}],"predecessor-version":[{"id":36608,"href":"https:\/\/www.enerjigazetesi.ist\/en\/wp-json\/wp\/v2\/posts\/36606\/revisions\/36608"}],"wp:featuredmedia":[{"embeddable":true,"href":"https:\/\/www.enerjigazetesi.ist\/en\/wp-json\/wp\/v2\/media\/36607"}],"wp:attachment":[{"href":"https:\/\/www.enerjigazetesi.ist\/en\/wp-json\/wp\/v2\/media?parent=36606"}],"wp:term":[{"taxonomy":"category","embeddable":true,"href":"https:\/\/www.enerjigazetesi.ist\/en\/wp-json\/wp\/v2\/categories?post=36606"},{"taxonomy":"post_tag","embeddable":true,"href":"https:\/\/www.enerjigazetesi.ist\/en\/wp-json\/wp\/v2\/tags?post=36606"}],"curies":[{"name":"wp","href":"https:\/\/api.w.org\/{rel}","templated":true}]}}