{"id":3660,"date":"2012-11-22T10:08:51","date_gmt":"2012-11-22T07:08:51","guid":{"rendered":"https:\/\/www.enerjigazetesi.ist\/?p=3660"},"modified":"2012-11-22T10:09:46","modified_gmt":"2012-11-22T07:09:46","slug":"malkarada-enerji-verimliligi-konferansi-yapildi","status":"publish","type":"post","link":"https:\/\/www.enerjigazetesi.ist\/en\/malkarada-enerji-verimliligi-konferansi-yapildi\/","title":{"rendered":"(Turkish) Malkara&#8217;da Enerji Verimlili\u011fi Konferans\u0131 Yap\u0131ld\u0131"},"content":{"rendered":"<p class=\"qtranxs-available-languages-message qtranxs-available-languages-message-en\">Sorry, this entry is only available in <a href=\"https:\/\/www.enerjigazetesi.ist\/tr\/wp-json\/wp\/v2\/posts\/3660\" class=\"qtranxs-available-language-link qtranxs-available-language-link-tr\" title=\"Turkish\">Turkish<\/a>. For the sake of viewer convenience, the content is shown below in the alternative language. You may click the link to switch the active language.<\/p><p><strong>Tekirda\u011f\u2019\u0131n Malkara il\u00e7esinde Ticaret ve Sanayi odas\u0131 konferans salonunda Mimar\u00a0 Mustafa Altay taraf\u0131ndan, in\u015faatlarda enerji tasarrufunu \u00f6nlemesi, kullan\u0131lan\u00a0 meskenlerde enerji tasarrufu i\u00e7in uygulanacak tedbirler ile ilgili konferans\u00a0 d\u00fczenlendi.<\/strong><\/p>\n<p><strong><\/strong><br \/>\n<img loading=\"lazy\" class=\"alignleft size-medium wp-image-3661\" title=\"malkarada-enerji-verimliligi-konferansi-yapildi-153200n\" src=\"https:\/\/www.enerjigazetesi.ist\/wp-content\/uploads\/2012\/11\/malkarada-enerji-verimliligi-konferansi-yapildi-153200n-300x224.jpg\" alt=\"\" width=\"300\" height=\"224\" srcset=\"https:\/\/www.enerjigazetesi.ist\/wp-content\/uploads\/2012\/11\/malkarada-enerji-verimliligi-konferansi-yapildi-153200n-300x224.jpg 300w, https:\/\/www.enerjigazetesi.ist\/wp-content\/uploads\/2012\/11\/malkarada-enerji-verimliligi-konferansi-yapildi-153200n-66x50.jpg 66w, https:\/\/www.enerjigazetesi.ist\/wp-content\/uploads\/2012\/11\/malkarada-enerji-verimliligi-konferansi-yapildi-153200n.jpg 310w\" sizes=\"(max-width: 300px) 100vw, 300px\" \/>20 Kas\u0131m 2012 Sal\u0131 g\u00fcn\u00fc saat 18:00&#8217;da Malkara Ticaret ve\u00a0 Sanayi Odas\u0131 Konferans Salonu&#8217;nda ger\u00e7ekle\u015fen toplant\u0131ya, Ticaret ve Sanayi\u00a0 Odas\u0131 Ba\u015fkan\u0131 \u00dcmran Bilgin, Meclis Ba\u015fkan\u0131 H\u00fcseyin Vasvi G\u00fcner, CHP Belediye\u00a0 Meclis \u00dcyesi Ali \u0130hsan Uslu ve Ticaret ve Sanayi Odas\u0131 \u00fcyeleri\u00a0 kat\u0131ld\u0131lar.<br \/>\nToplant\u0131da s\u00f6z alan Mimar Mustafa Altay, konutlarda,\u00a0 i\u015f yerlerinde,\u00a0 ara\u00e7larda ve kamu binalar\u0131nda enerjinin verimli kullan\u0131lmamas\u0131na\u00a0 de\u011finerek s\u00f6zlerine \u015f\u00f6yle devam etti. &#8220;Enerji verimlili\u011fi denilen \u015fey, binalarda\u00a0 ve end\u00fcstriyel alanlarda ya\u015fam standard\u0131n\u0131 ve hizmet kalitesini d\u00fc\u015f\u00fcrmeden,\u00a0 enerjinin az ve do\u011fru kullan\u0131lmas\u0131d\u0131r. T\u00fcrkiye\u2019de yap\u0131lan istatistiklerde bina\u00a0 sekt\u00f6r\u00fcnde y\u00fczde 30, sanayi y\u00fczde 20 ula\u015f\u0131mda ise y\u00fczde 15 olmak \u00fczere bir y\u0131l\u00a0 i\u00e7erisinde d\u00f6rt adet Keban Baraj\u0131 in\u015fa edile bilecek olan 7,5 milyar liray\u0131 \u00e7\u00f6pe\u00a0 atmaktay\u0131z. \u0130htiya\u00e7lar\u0131m\u0131z\u0131 kar\u015f\u0131larken, elektrikli ev e\u015fyalar\u0131m\u0131z\u0131 kullan\u0131rken\u00a0 k\u0131saca g\u00fcnl\u00fck hayat\u0131m\u0131z\u0131n her alan\u0131nda enerjiyi verimli kullanmak suretiyle\u00a0 ihtiya\u00e7lar\u0131m\u0131zdan k\u0131s\u0131tlama yapmadan \u00fcstelik aile b\u00fct\u00e7esine, \u00fclke ekonomisine ve\u00a0 \u00e7evremizin korunmas\u0131na katk\u0131da bulunmam\u0131z m\u00fcmk\u00fcnd\u00fcr. Binalar\u0131m\u0131zda en \u00e7ok enerji\u00a0 kayb\u0131 duvarlardan y\u00fczde 40, pencerelerden y\u00fczde 30,\u00a0 kap\u0131lardan y\u00fczde 17,\u00a0 \u00e7at\u0131dan y\u00fczde 7 d\u00f6\u015femelerden ise y\u00fczde 6 kay\u0131p olmaktad\u0131r. Buda bize g\u00f6steriyor\u00a0 ki binalar\u0131m\u0131z\u0131n d\u0131\u015f cephelerine kaplama yapt\u0131rmal\u0131 sadece boya yap\u0131p\u00a0 b\u0131rakmamal\u0131y\u0131z.\u201d dedi.<br \/>\nAltay daha sonra kat\u0131l\u0131mc\u0131lar\u0131n sorular\u0131n\u0131 cevapland\u0131rarak toplant\u0131 sona erdi.<\/p>\n<p>Kaynak: <a href=\"http:\/\/www.haberyurdum.com\/malkarada-enerji-verimliligi-konferansi-yapildi-271844n\/\" target=\"_blank\">HaberYurdum<\/a><\/p>","protected":false},"excerpt":{"rendered":"<p>Sorry, this entry is only available in Turkish. For the sake of viewer convenience, the content is shown below in the alternative language. You may click the link to switch the active language.Tekirda\u011f\u2019\u0131n Malkara il\u00e7esinde Ticaret ve Sanayi odas\u0131 konferans salonunda Mimar\u00a0 Mustafa Altay taraf\u0131ndan, in\u015faatlarda enerji tasarrufunu \u00f6nlemesi, kullan\u0131lan\u00a0 meskenlerde enerji tasarrufu i\u00e7in uygulanacak [&hellip;]<\/p>\n","protected":false},"author":1,"featured_media":3661,"comment_status":"open","ping_status":"open","sticky":false,"template":"","format":"standard","meta":[],"categories":[53,52],"tags":[67,12,1060],"views":583,"_links":{"self":[{"href":"https:\/\/www.enerjigazetesi.ist\/en\/wp-json\/wp\/v2\/posts\/3660"}],"collection":[{"href":"https:\/\/www.enerjigazetesi.ist\/en\/wp-json\/wp\/v2\/posts"}],"about":[{"href":"https:\/\/www.enerjigazetesi.ist\/en\/wp-json\/wp\/v2\/types\/post"}],"author":[{"embeddable":true,"href":"https:\/\/www.enerjigazetesi.ist\/en\/wp-json\/wp\/v2\/users\/1"}],"replies":[{"embeddable":true,"href":"https:\/\/www.enerjigazetesi.ist\/en\/wp-json\/wp\/v2\/comments?post=3660"}],"version-history":[{"count":2,"href":"https:\/\/www.enerjigazetesi.ist\/en\/wp-json\/wp\/v2\/posts\/3660\/revisions"}],"predecessor-version":[{"id":3663,"href":"https:\/\/www.enerjigazetesi.ist\/en\/wp-json\/wp\/v2\/posts\/3660\/revisions\/3663"}],"wp:featuredmedia":[{"embeddable":true,"href":"https:\/\/www.enerjigazetesi.ist\/en\/wp-json\/wp\/v2\/media\/3661"}],"wp:attachment":[{"href":"https:\/\/www.enerjigazetesi.ist\/en\/wp-json\/wp\/v2\/media?parent=3660"}],"wp:term":[{"taxonomy":"category","embeddable":true,"href":"https:\/\/www.enerjigazetesi.ist\/en\/wp-json\/wp\/v2\/categories?post=3660"},{"taxonomy":"post_tag","embeddable":true,"href":"https:\/\/www.enerjigazetesi.ist\/en\/wp-json\/wp\/v2\/tags?post=3660"}],"curies":[{"name":"wp","href":"https:\/\/api.w.org\/{rel}","templated":true}]}}