{"id":36552,"date":"2015-02-20T09:42:01","date_gmt":"2015-02-20T06:42:01","guid":{"rendered":"https:\/\/www.enerjigazetesi.ist\/?p=36552"},"modified":"2015-02-20T09:42:01","modified_gmt":"2015-02-20T06:42:01","slug":"abde-enerji-verimliligi-dusuk-firin-ve-ocaklar-yasaklaniyor","status":"publish","type":"post","link":"https:\/\/www.enerjigazetesi.ist\/en\/abde-enerji-verimliligi-dusuk-firin-ve-ocaklar-yasaklaniyor\/","title":{"rendered":"(Turkish) AB\u2019de Enerji Verimlili\u011fi D\u00fc\u015f\u00fck F\u0131r\u0131n ve Ocaklar Yasaklan\u0131yor!"},"content":{"rendered":"<p class=\"qtranxs-available-languages-message qtranxs-available-languages-message-en\">Sorry, this entry is only available in <a href=\"https:\/\/www.enerjigazetesi.ist\/tr\/wp-json\/wp\/v2\/posts\/36552\" class=\"qtranxs-available-language-link qtranxs-available-language-link-tr\" title=\"Turkish\">Turkish<\/a>. For the sake of viewer convenience, the content is shown below in the alternative language. You may click the link to switch the active language.<\/p><p><\/p>\n<p style=\"color: #000000;\"><strong>AB\u2019de ev e\u015fyalar\u0131n\u0131 daha verimli hale getirmeye y\u00f6nelik yeni kurallar 20 \u015eubat Cuma g\u00fcn\u00fc y\u00fcr\u00fcrl\u00fc\u011fe giriyor. Bundan sonra AB\u2019de y\u00fcksek miktarda enerji t\u00fcketen f\u0131r\u0131n, ocak ve aspirat\u00f6rler sat\u0131\u015fa sunulamayacak.<\/strong><span id=\"more-70404\"><\/span><\/p>\n<p style=\"color: #000000;\">Cuma g\u00fcn\u00fcnden itibaren belli bi<a href=\"https:\/\/www.enerjigazetesi.ist\/wp-content\/uploads\/2015\/02\/dogalgaz-elektrik-zam-maliyet-2014-fiyati.jpg\"><img loading=\"lazy\" class=\"alignleft  wp-image-36553\" src=\"https:\/\/www.enerjigazetesi.ist\/wp-content\/uploads\/2015\/02\/dogalgaz-elektrik-zam-maliyet-2014-fiyati-300x121.jpg\" alt=\"dogalgaz-elektrik-zam-maliyet-2014-fiyati\" width=\"300\" height=\"161\" \/><\/a>r enerji verimlili\u011fi d\u00fczeyini yakalayamayan ocak, f\u0131r\u0131n ve aspirat\u00f6r modelleri piyasaya s\u00fcr\u00fclemeyecek. Ma\u011fazalar\u0131n ise ellerindeki stoklar\u0131 eritmelerine izin verilecek.<\/p>\n<p style=\"color: #000000;\">Avrupa Komisyonu, enerji verimlili\u011fi d\u00fc\u015f\u00fck ev e\u015fyalar\u0131ndan kurtulman\u0131n, t\u00fcketicilerin y\u0131lda 50 Euro tasarruf sa\u011flayaca\u011f\u0131n\u0131 s\u00f6yledi. Yeni kurallar sayesinde AB \u00e7ap\u0131nda sa\u011flanacak tasarruf ise milyarlar\u0131 buluyor.<\/p>\n<p style=\"color: #000000;\">AB, ekodizayn politikas\u0131yla enerji ithalat\u0131n\u0131 ve karbon emisyonlar\u0131n\u0131 azaltmay\u0131 hedefliyor.<\/p>\n<p style=\"color: #000000;\">Yeni kurallar olu\u015fturulurken g\u00f6r\u00fc\u015fleri al\u0131nan ev e\u015fyas\u0131 \u00fcretici birlikleri, d\u00fczenlemeleri memnuniyetle kar\u015f\u0131lad\u0131.<\/p>\n<p style=\"color: #000000;\">Ancak ekodizayn politikas\u0131 ayn\u0131 zamanda, AB\u2019deki b\u00fcrokratik y\u00fck\u00fcn bir ba\u015fka \u00f6rne\u011fi olmakla da ele\u015ftirildi. Ge\u00e7ti\u011fimiz y\u0131l piyasadaki elektrikli s\u00fcp\u00fcrgelerin motor g\u00fcc\u00fcne belli bir s\u0131n\u0131rlama getiren kurallar, ba\u015fta \u0130ngiltere olmak \u00fczere yo\u011fun tart\u0131\u015fmalara yol a\u00e7m\u0131\u015ft\u0131.<\/p>\n<p style=\"color: #000000;\">Kaynak: Enerji Enstit\u00fcs\u00fc<\/p>\n<p><\/p>","protected":false},"excerpt":{"rendered":"<p>Sorry, this entry is only available in Turkish. For the sake of viewer convenience, the content is shown below in the alternative language. You may click the link to switch the active language. AB\u2019de ev e\u015fyalar\u0131n\u0131 daha verimli hale getirmeye y\u00f6nelik yeni kurallar 20 \u015eubat Cuma g\u00fcn\u00fc y\u00fcr\u00fcrl\u00fc\u011fe giriyor. Bundan sonra AB\u2019de y\u00fcksek miktarda enerji [&hellip;]<\/p>\n","protected":false},"author":1,"featured_media":36553,"comment_status":"open","ping_status":"open","sticky":false,"template":"","format":"standard","meta":[],"categories":[53,52],"tags":[1192,21502,94,103,12,21503,21504,2221,21505],"views":985,"_links":{"self":[{"href":"https:\/\/www.enerjigazetesi.ist\/en\/wp-json\/wp\/v2\/posts\/36552"}],"collection":[{"href":"https:\/\/www.enerjigazetesi.ist\/en\/wp-json\/wp\/v2\/posts"}],"about":[{"href":"https:\/\/www.enerjigazetesi.ist\/en\/wp-json\/wp\/v2\/types\/post"}],"author":[{"embeddable":true,"href":"https:\/\/www.enerjigazetesi.ist\/en\/wp-json\/wp\/v2\/users\/1"}],"replies":[{"embeddable":true,"href":"https:\/\/www.enerjigazetesi.ist\/en\/wp-json\/wp\/v2\/comments?post=36552"}],"version-history":[{"count":1,"href":"https:\/\/www.enerjigazetesi.ist\/en\/wp-json\/wp\/v2\/posts\/36552\/revisions"}],"predecessor-version":[{"id":36554,"href":"https:\/\/www.enerjigazetesi.ist\/en\/wp-json\/wp\/v2\/posts\/36552\/revisions\/36554"}],"wp:featuredmedia":[{"embeddable":true,"href":"https:\/\/www.enerjigazetesi.ist\/en\/wp-json\/wp\/v2\/media\/36553"}],"wp:attachment":[{"href":"https:\/\/www.enerjigazetesi.ist\/en\/wp-json\/wp\/v2\/media?parent=36552"}],"wp:term":[{"taxonomy":"category","embeddable":true,"href":"https:\/\/www.enerjigazetesi.ist\/en\/wp-json\/wp\/v2\/categories?post=36552"},{"taxonomy":"post_tag","embeddable":true,"href":"https:\/\/www.enerjigazetesi.ist\/en\/wp-json\/wp\/v2\/tags?post=36552"}],"curies":[{"name":"wp","href":"https:\/\/api.w.org\/{rel}","templated":true}]}}