{"id":36528,"date":"2015-02-19T11:44:09","date_gmt":"2015-02-19T08:44:09","guid":{"rendered":"https:\/\/www.enerjigazetesi.ist\/?p=36528"},"modified":"2015-02-19T11:44:09","modified_gmt":"2015-02-19T08:44:09","slug":"ispanya-hibrit-sokak-lambalari-kullanacak","status":"publish","type":"post","link":"https:\/\/www.enerjigazetesi.ist\/en\/ispanya-hibrit-sokak-lambalari-kullanacak\/","title":{"rendered":"(Turkish) \u0130spanya, Hibrit Sokak Lambalar\u0131 Kullanacak&#8230;"},"content":{"rendered":"<p class=\"qtranxs-available-languages-message qtranxs-available-languages-message-en\">Sorry, this entry is only available in <a href=\"https:\/\/www.enerjigazetesi.ist\/tr\/wp-json\/wp\/v2\/posts\/36528\" class=\"qtranxs-available-language-link qtranxs-available-language-link-tr\" title=\"Turkish\">Turkish<\/a>. For the sake of viewer convenience, the content is shown below in the alternative language. You may click the link to switch the active language.<\/p><p><strong>\u0130spanya, sokaklar\u0131n\u0131 r\u00fczgar ve g\u00fcne\u015f enerjisi ile \u00e7al\u0131\u015fan elektrik lambalar\u0131 ile ayd\u0131nlatacak.<\/strong><\/p>\n<p>\u0130spanya, kamu alanlar\u0131n\u0131 g\u00fcne\u015f ve r\u00fczgar enerjisi ile ayd\u0131nlatan ilk \u00fclke olacak. Katalonya Teknik \u00dcniversitesi`ne ba\u011fl\u0131 Barcelona<a href=\"https:\/\/www.enerjigazetesi.ist\/wp-content\/uploads\/2015\/02\/ispanya-hibrit-sokak-lambalari-kullanacak.jpg\"><img loading=\"lazy\" class=\"alignleft wp-image-36529\" src=\"https:\/\/www.enerjigazetesi.ist\/wp-content\/uploads\/2015\/02\/ispanya-hibrit-sokak-lambalari-kullanacak-300x247.jpg\" alt=\"ispanya-hibrit-sokak-lambalari-kullanacak\" width=\"216\" height=\"178\" srcset=\"https:\/\/www.enerjigazetesi.ist\/wp-content\/uploads\/2015\/02\/ispanya-hibrit-sokak-lambalari-kullanacak-300x247.jpg 300w, https:\/\/www.enerjigazetesi.ist\/wp-content\/uploads\/2015\/02\/ispanya-hibrit-sokak-lambalari-kullanacak-60x50.jpg 60w, https:\/\/www.enerjigazetesi.ist\/wp-content\/uploads\/2015\/02\/ispanya-hibrit-sokak-lambalari-kullanacak.jpg 408w\" sizes=\"(max-width: 216px) 100vw, 216px\" \/><\/a> Sanayi M\u00fchendisli\u011fi KolejiElektrik B\u00f6l\u00fcm\u00fcnde ara\u015ft\u0131rmac\u0131 olan RamonBargall\u00f3, Eolgreen \u015firketi ile birlikte geli\u015ftirdi\u011fi hibrit sokak ayd\u0131nlatma sistemi kamu demirba\u015f\u0131 olarak kurulan ilk sistem olacak.<\/p>\n<p>Yakla\u015f\u0131k 16 metre uzunlu\u011funda olan direklerin i\u00e7inde bir batarya bulunuyor. T\u00fcrbinler dakikada 10 ila 200 defa d\u00f6n\u00fcyor ve en fazla 400 watt elektrik \u00fcretiyorlar. Enerjiyi bo\u015fa harcamayacak \u015fekilde do\u011fru bir kombinasyon i\u00e7eren yeni tip sokak lambas\u0131 \u00fczerinde \u00e7al\u0131\u015fmalar ise s\u00fcr\u00fcyor.<\/p>\n<p>Eolgreen \u015firketi sokak lambalar\u0131 i\u00e7in Huelva liman\u0131 ve Sant Boi de Llobregat, Girona ve Andalusia`da bir dizi belediye ile anla\u015fma imzalad\u0131. \u015eirket bu y\u0131l\u0131n sonuna kadar 700 adet hibrit sokak lambas\u0131 \u00fcretmeyi planl\u0131yor.<\/p>\n<p>Kaynak: <a href=\"http:\/\/enerjigunlugu.net\/ispanya-hibrit-sokak-lambalari-kullanacak_12313.html#.VOWhhPmsV8E\" target=\"_blank\" rel=\"nofollow\">Enerji G\u00fcnl\u00fc\u011f\u00fc<\/a><\/p>","protected":false},"excerpt":{"rendered":"<p>Sorry, this entry is only available in Turkish. For the sake of viewer convenience, the content is shown below in the alternative language. You may click the link to switch the active language.\u0130spanya, sokaklar\u0131n\u0131 r\u00fczgar ve g\u00fcne\u015f enerjisi ile \u00e7al\u0131\u015fan elektrik lambalar\u0131 ile ayd\u0131nlatacak. \u0130spanya, kamu alanlar\u0131n\u0131 g\u00fcne\u015f ve r\u00fczgar enerjisi ile ayd\u0131nlatan ilk \u00fclke [&hellip;]<\/p>\n","protected":false},"author":1,"featured_media":36529,"comment_status":"open","ping_status":"open","sticky":false,"template":"","format":"standard","meta":[],"categories":[53,49,50],"tags":[63,67,1009,2698,165,21488,13,21486,21487,4353,21489,16],"views":1662,"_links":{"self":[{"href":"https:\/\/www.enerjigazetesi.ist\/en\/wp-json\/wp\/v2\/posts\/36528"}],"collection":[{"href":"https:\/\/www.enerjigazetesi.ist\/en\/wp-json\/wp\/v2\/posts"}],"about":[{"href":"https:\/\/www.enerjigazetesi.ist\/en\/wp-json\/wp\/v2\/types\/post"}],"author":[{"embeddable":true,"href":"https:\/\/www.enerjigazetesi.ist\/en\/wp-json\/wp\/v2\/users\/1"}],"replies":[{"embeddable":true,"href":"https:\/\/www.enerjigazetesi.ist\/en\/wp-json\/wp\/v2\/comments?post=36528"}],"version-history":[{"count":1,"href":"https:\/\/www.enerjigazetesi.ist\/en\/wp-json\/wp\/v2\/posts\/36528\/revisions"}],"predecessor-version":[{"id":36530,"href":"https:\/\/www.enerjigazetesi.ist\/en\/wp-json\/wp\/v2\/posts\/36528\/revisions\/36530"}],"wp:featuredmedia":[{"embeddable":true,"href":"https:\/\/www.enerjigazetesi.ist\/en\/wp-json\/wp\/v2\/media\/36529"}],"wp:attachment":[{"href":"https:\/\/www.enerjigazetesi.ist\/en\/wp-json\/wp\/v2\/media?parent=36528"}],"wp:term":[{"taxonomy":"category","embeddable":true,"href":"https:\/\/www.enerjigazetesi.ist\/en\/wp-json\/wp\/v2\/categories?post=36528"},{"taxonomy":"post_tag","embeddable":true,"href":"https:\/\/www.enerjigazetesi.ist\/en\/wp-json\/wp\/v2\/tags?post=36528"}],"curies":[{"name":"wp","href":"https:\/\/api.w.org\/{rel}","templated":true}]}}