{"id":36497,"date":"2015-02-18T21:47:08","date_gmt":"2015-02-18T18:47:08","guid":{"rendered":"https:\/\/www.enerjigazetesi.ist\/?p=36497"},"modified":"2015-02-18T21:47:08","modified_gmt":"2015-02-18T18:47:08","slug":"icsg-istanbul-2015e-geri-sayim-basladi","status":"publish","type":"post","link":"https:\/\/www.enerjigazetesi.ist\/en\/icsg-istanbul-2015e-geri-sayim-basladi\/","title":{"rendered":"(Turkish) ICSG \u0130stanbul 2015\u2019e Geri Say\u0131m Ba\u015flad\u0131&#8230;"},"content":{"rendered":"<p class=\"qtranxs-available-languages-message qtranxs-available-languages-message-en\">Sorry, this entry is only available in <a href=\"https:\/\/www.enerjigazetesi.ist\/tr\/wp-json\/wp\/v2\/posts\/36497\" class=\"qtranxs-available-language-link qtranxs-available-language-link-tr\" title=\"Turkish\">Turkish<\/a>. For the sake of viewer convenience, the content is shown below in the alternative language. You may click the link to switch the active language.<\/p><p><strong>T.C. Bilim, Sanayi ve Teknoloji Bakanl\u0131\u011f\u0131, T.C. Enerji ve Tabii Kaynaklar Bakanl\u0131\u011f\u0131 ve UGETAM\u2019\u0131n (\u0130stanbul Uygulamal\u0131 Gaz ve Enerji Teknolojileri Ara\u015ft\u0131rma M\u00fchendislik Sanayi ve Ticaret A\u015e.) himayesinde, TRT, Sabah Gazetesi, Turkcell ve Vodafone\u2019un ana sponsorluklar\u0131n da ve bunun yan\u0131 s\u0131ra sekt\u00f6r\u00fcn \u00f6nde gelen firmalar\u0131n\u0131n yer ald\u0131\u011f\u0131 \u201c3. Uluslararas\u0131 \u0130stanbul Ak\u0131ll\u0131 \u015eebekeler Kongre ve Fuar\u0131\u201d bu y\u0131l, 29-30 Nisan 2015 tarihlerinde \u0130stanbul Hali\u00e7 Kongre Merkezi\u2019nde ger\u00e7ekle\u015ftirilecektir.<\/strong><\/p>\n<p>\u0130lkinin a\u00e7\u0131l\u0131\u015f\u0131n\u0131 9 May\u0131s 2013 tarihinde <strong>Cumhurba\u015fkan\u0131m\u0131z Say\u0131n Recep Tayyip Erdo\u011fan<\/strong>\u2019\u0131n d\u00f6nemin Ba\u015fbakan\u0131 s\u0131fat\u0131yla onurland\u0131rd\u0131klar\u0131 <strong>\u201cUluslararas\u0131 \u0130stanbul Ak\u0131ll\u0131 \u015eebekeler Kongre ve Fuar\u0131 \u201d<\/strong> (ICSG \u0130stanbul 2013), 3.<a href=\"https:\/\/www.enerjigazetesi.ist\/wp-content\/uploads\/2015\/02\/icsg-istanbul-2015e-geri-sayim-basladi.jpg\"><img loading=\"lazy\" class=\"alignright size-medium wp-image-36498\" src=\"https:\/\/www.enerjigazetesi.ist\/wp-content\/uploads\/2015\/02\/icsg-istanbul-2015e-geri-sayim-basladi-300x225.jpg\" alt=\"icsg-istanbul-2015e-geri-sayim-basladi\" width=\"300\" height=\"225\" srcset=\"https:\/\/www.enerjigazetesi.ist\/wp-content\/uploads\/2015\/02\/icsg-istanbul-2015e-geri-sayim-basladi-300x225.jpg 300w, https:\/\/www.enerjigazetesi.ist\/wp-content\/uploads\/2015\/02\/icsg-istanbul-2015e-geri-sayim-basladi-500x375.jpg 500w, https:\/\/www.enerjigazetesi.ist\/wp-content\/uploads\/2015\/02\/icsg-istanbul-2015e-geri-sayim-basladi-66x50.jpg 66w, https:\/\/www.enerjigazetesi.ist\/wp-content\/uploads\/2015\/02\/icsg-istanbul-2015e-geri-sayim-basladi.jpg 800w\" sizes=\"(max-width: 300px) 100vw, 300px\" \/><\/a> y\u0131l\u0131nda ICSG \u0130stanbul 2015, d\u00fcnya fuarlar listesine girmi\u015f olup, (UFI approved) ve IEEE \u00a0PES (D\u00fcnya Elektrik ve Elektronik M\u00fchendisleri Enstit\u00fcs\u00fc) \u00a0taraf\u0131ndan da onaylanarak Uluslararas\u0131 Bilimsel Kongre olma \u00f6zelli\u011fine sahip olmu\u015ftur.<\/p>\n<p><strong>Yurtd\u0131\u015f\u0131ndan Enerji Bakanlar\u0131 bir araya geliyor.<\/strong><\/p>\n<p>\u0130ngiltere Enerji Bakan\u0131, \u0130rlanda Enerji Bakan\u0131, \u00dcrd\u00fcn Enerji Bakan\u0131, Azerbaycan Enerji Bakan\u0131 ve Almanya Enerji Bakan\u0131, T.C. Enerji ve Tabii Kaynaklar Bakan\u0131 Say\u0131n Taner Y\u0131ld\u0131z taraf\u0131ndan davet edilmi\u015ftir.<\/p>\n<p><strong>H\u00fck\u00fcmet Heyetleri ICSG \u0130stanbul 2015\u2019de <\/strong><\/p>\n<p>ICSG \u0130stanbul 2015 i\u00e7in \u00f6zellikle, <strong>Amerika, \u0130ngiltere, Fransa, Danimarka, Hindistan, Hollanda, Almanya<\/strong> \u00fclkelerinden heyetler fuara kat\u0131lacak ve \u00fccretsiz ikili g\u00f6r\u00fc\u015fmeler ger\u00e7ekle\u015fecektir. S\u00f6z konusu ikili g\u00f6r\u00fc\u015fmeler fuara kat\u0131lan \u015firketlere, yabanc\u0131 \u015firketlerle i\u015f birliklerini art\u0131rma imk\u00e2n\u0131 sunacakt\u0131r. T.C. Ekonomi Bakanl\u0131\u011f\u0131 ayn\u0131 zamanda ICSG 2015\u2019e \u201cAl\u0131m Heyeti Program\u0131\u201d organize edecektir.\u00a0 Al\u0131m Heyeti Program\u0131 kapsam\u0131nda i\u015ftirak edecek \u00fclkeler; Hollanda, \u00dcrd\u00fcn, \u0130talya, Almanya, \u0130ngiltere olarak belirlenmi\u015ftir.<\/p>\n<p><strong>D\u00fcnyadaki se\u00e7kin konu\u015fmac\u0131lar bu Kongre&#8217;de<\/strong><\/p>\n<p>IEEE\u2019nin eski ba\u015fkan\u0131, IEEE PES 3. B\u00f6lge Bilim Kurulu \u00dcyesi, CIGRE ABD Milli Komitesi (USNC) Teknik Faaliyetler Ba\u015fkan Yard\u0131mc\u0131s\u0131, IEEE PES Trafo Komitesi Eski Ba\u015fkan\u0131 ve Ak\u0131ll\u0131 \u015eebeke T\u00fcketici \u0130\u015fbirli\u011fi (SGCC) Kurulu Ba\u015fkan\u0131, GE Teknik Strateji ve Geli\u015ftirme Direkt\u00f6r\u00fc olan ve ayn\u0131 zamanda Beyaz Saray\u2019a dan\u0131\u015fmanl\u0131k yapan <strong>John McDonald<\/strong> ve Ak\u0131ll\u0131 \u015eebekeler Avrupa Komisyonu Proje Lideri <strong>Gianluca Fulli<\/strong> ICSG \u0130stanbul 2015 Kongre ve fuar\u0131na \u201ckeynote speaker\u201d olarak kat\u0131lacaklard\u0131r.<\/p>\n<p><strong>Ba\u015fbakan\u0131m\u0131z Say\u0131n Ahmet Davuto\u011flu, T\u00fcrkiye\u2019nin yeni ekonomik eylem plan\u0131n\u0131 Kas\u0131m 2014\u2019te a\u00e7\u0131klam\u0131\u015ft\u0131r. Ak\u0131ll\u0131 \u015eebekeler sekt\u00f6r\u00fc bu eylem plan\u0131 i\u00e7erisinde \u00f6ncelikli ilk be\u015f\u00a0 maddede yer almaktad\u0131r.<\/strong><\/p>\n<p>T\u00fcrkiye Cumhuriyeti 62\u2019nci h\u00fck\u00fcmet program\u0131nda ve kalk\u0131nma planlar\u0131nda yer alan 25 \u00f6ncelikli d\u00f6n\u00fc\u015f\u00fcm program\u0131 kamuoyuna, reel ekonomi, makroekonomi ve insan odakl\u0131 konular olmak \u00fczere 3 k\u0131s\u0131m halinde T.C. Ba\u015fbakan\u0131 Say\u0131n Prof. Dr. Ahmet Davuto\u011flu taraf\u0131ndan a\u00e7\u0131klanm\u0131\u015ft\u0131r. H\u00fck\u00fcmet program\u0131nda ve kalk\u0131nma planlar\u0131nda \u00f6ncelikli ilk be\u015f madde ak\u0131ll\u0131 \u015febekeler ile ilgili olup, \u015fu \u015fekilde listelenmi\u015ftir;<\/p>\n<p>&#8211; \u0130thalata Olan Ba\u011f\u0131ml\u0131l\u0131\u011f\u0131n Azalt\u0131lmas\u0131 Program\u0131<\/p>\n<p>&#8211; \u00d6ncelikli Teknoloji Alanlar\u0131nda Ticarile\u015ftirme Program\u0131<\/p>\n<p>&#8211; Kamu Al\u0131mlar\u0131 Yoluyla Teknoloji Geli\u015ftirme ve Yerli \u00dcretim<\/p>\n<p>&#8211; Yerli Kaynaklara Dayal\u0131 Enerji \u00dcretim Program\u0131<\/p>\n<p>&#8211; Enerji Verimlili\u011finin Geli\u015ftirilmesi Program\u0131<\/p>\n<p><strong>ICSG \u0130stanbul 2015 Yurt D\u0131\u015f\u0131 \u00c7al\u0131\u015fmalar\u0131 h\u0131zl\u0131 bir \u015fekilde devam ediyor.<\/strong><\/p>\n<p>Cimperium &#8211; International Marketing and Sales Programs firmas\u0131 ile Amerikal\u0131 firmalar\u0131n i\u015ftirakleri hususunda g\u00f6r\u00fc\u015fmeler sonucunda, Amerikan Firmalar\u0131 ICSG \u0130stanbul 2015\u2019te yerlerini alacaklard\u0131r.<\/p>\n<p>Leocadia I. ZAK, USTDA (Amerika Ticaret ve Kalk\u0131nma Ajans\u0131) Direkt\u00f6r\u00fc &#8211; ICSG \u0130stanbul 2015 kongresine kat\u0131l\u0131m sa\u011flayacak olup USTDA taraf\u0131ndan yap\u0131lacak olan seminere moderat\u00f6rl\u00fck edecektir. Ayr\u0131ca USTDA taraf\u0131ndan ICSG \u0130stanbul 2015 kongre ve fuar\u0131na \u00fcst d\u00fczey yabanc\u0131 devlet yetkililerinden olu\u015fan heyet getirilecektir.<\/p>\n<p>British Chamber of Commerce in Turkey (\u0130ngiltere Ticaret Odas\u0131) ICSG 2015\u2019i partner event\u2019i olarak g\u00f6rm\u00fc\u015f ve ICSG 2015\u2019in \u0130ngiltere tan\u0131t\u0131m \u00e7al\u0131\u015fmalar\u0131n\u0131 y\u00fcr\u00fctmektedir<\/p>\n<p>Frans\u0131z Ticaret M\u00fc\u015favirli\u011fi ICSG 2015\u2019in Fransa\u2019da yer alan firmalara duyurulmas\u0131 konusunda \u00e7al\u0131\u015fmalar yap\u0131lmaktad\u0131r.<\/p>\n<p>Danimarka Ba\u015fkonsoloslu\u011fu Ticaret Ata\u015feli\u011fi ve Danimarka Y\u00fcksek \u00d6\u011fretim ve Bilim Bakanl\u0131\u011f\u0131 ICSG 2015\u2019e stantl\u0131 kat\u0131l\u0131m yaparak, workshop organize edeceklerdir. Ayn\u0131 zamanda Danimarka\u2019dan gelecek olan heyetle ikili g\u00f6r\u00fc\u015fmeler organize edilecektir.<\/p>\n<p>India Smart Grid b\u00fcnyesine yer alan 40bin adet dataya e-mailing yaparak ve 2.500 adet \u00fcst d\u00fczey y\u00f6neticiye posta yoluyla ICSG 2015\u2019in tan\u0131t\u0131m\u0131 yapm\u0131\u015ft\u0131r. Hindistan\u2019dan gelecek olan heyet ile ikili g\u00f6r\u00fc\u015fmeler organize edilecektir.<\/p>\n<p>Hollanda\u2019da yer alan ICSG \u0130stanbul 2015 partneri ve ayn\u0131 zamanda T\u00fcrkiye temsilcili\u011fini yapt\u0131\u011f\u0131m\u0131z European Utility Week fuar organizat\u00f6r\u00fc Synergy Events firmas\u0131 fuar\u0131m\u0131z\u0131n tan\u0131t\u0131m \u00e7al\u0131\u015fmalar\u0131n\u0131\u00a0 t\u00fcm Avrupa \u00fclkelerine aktif olarak s\u00fcrd\u00fcrmektedir.<\/p>\n<p>Alman-T\u00fcrk Ticaret ve Sanayi Odas\u0131 ICSG 2015\u2019i partner event olarak g\u00f6rmektedir ve fuar\u0131m\u0131z\u0131n tan\u0131t\u0131m \u00e7al\u0131\u015fmalar\u0131n\u0131 hem kat\u0131l\u0131mc\u0131 hem de ziyaret\u00e7i y\u00f6n\u00fcnden Almanya\u2019da aktif olarak s\u00fcrd\u00fcrmektedir. Fuar\u0131m\u0131zla ilgili haber web sayfalar\u0131nda Almanca olarak yer verilmi\u015ftir<\/p>\n<p>\u0130ngiltere Ticaret Odas\u0131, Macaristan Ticaret Odas\u0131,Bosna Hersek Ticaret Odas\u0131 ve \u00dcrd\u00fcn Ticaret Odas\u0131 ile i\u015fbirli\u011fi kapsam\u0131nda ICSG \u0130stanbul 2015\u2019e heyet getireceklerdir.<\/p>\n<p>Uluslararas\u0131 kongre ve fuarlar\u0131n tan\u0131t\u0131m\u0131n\u0131n yap\u0131ld\u0131\u011f\u0131, Kore\u2019de en yayg\u0131n \u015fekilde kullan\u0131lan web sayfas\u0131 GEP taraf\u0131ndan, KOTRA (Kore Ticaret-Yat\u0131r\u0131m Te\u015fvik Ajans\u0131)\u2019n\u0131n katk\u0131lar\u0131yla ICSG \u0130stanbul 2015 Kongre ve Fuar\u0131n\u0131n bilgilerine yer verilmi\u015ftir, ayn\u0131 zamanda Korea Smart Grid Association (Kore Ak\u0131ll\u0131 \u015eebekeler Derne\u011fi) heyet organize edilmesi konusunda \u00e7al\u0131\u015fmalar y\u00fcr\u00fct\u00fclmektedir.<\/p>\n<p><strong>\u00a003-05 \u015eubat 2015<\/strong> tarihlerinde ger\u00e7ekle\u015fen Distributech (San Diego) ICSG\u2019nin fuar tan\u0131t\u0131m \u00e7al\u0131\u015fmalar\u0131 ger\u00e7ekle\u015fmi\u015ftir.<\/p>\n<p><strong>ICSG 2015\u2019i destekleyen kurumlar\u0131n ve sekt\u00f6rel derneklerin \u00f6nemi.<\/strong><\/p>\n<p>T\u00fcrkiye Enerji Vakf\u0131 b\u00fcnyesinde yer alan \u00fcye\/kurumlar ICSG 2015\u2019i ziyaret edecektir.<\/p>\n<p>T\u00fcrkiye\u00a0 Elektrik \u0130letim A.\u015e. (TE\u0130A\u015e), Ankara\u2019da bulunan Genel M\u00fcd\u00fcrl\u00fck ile T\u00fcrkiye\u2019nin \u00e7e\u015fitli yerlerinde bulunan 22 adet \u0130letim Tesis ve \u0130\u015fletme Grup M\u00fcd\u00fcrl\u00fckleri ve 10 adet Y\u00fck Tevzi \u0130\u015fletme M\u00fcd\u00fcrl\u00fckleriyle ICSG 2015\u2019i ziyaret edecektir.<\/p>\n<p>T\u00fcrkiye\u00a0 Elektrik Da\u011f\u0131t\u0131m A.\u015e. (TEDA\u015e), \u015fu anda 21 da\u011f\u0131t\u0131m b\u00f6lgesini kapsamaktad\u0131r ve b\u00fcnyesinde yer alan t\u00fcm da\u011f\u0131t\u0131m \u015firketleri ICSG 2015\u2019i ziyaret edecektir.<\/p>\n<p>Elektrik Da\u011f\u0131t\u0131m \u015eirketleri Derne\u011fi (ELDER), b\u00fcnyesinde yer alan 21 da\u011f\u0131t\u0131m \u015firketinin \u00fcst d\u00fczey y\u00f6neticileri ICSG 2015\u2019i ziyaret edecektir.<\/p>\n<p>T\u00fcrkiye Do\u011fal Gaz Da\u011f\u0131t\u0131c\u0131lar\u0131 Birli\u011fi Derne\u011fi (GAZB\u0130R) b\u00fcnyesinde yer alan kurumlarla ICSG 2015\u2019i ziyaret edecektir.<\/p>\n<p><strong>ICSG \u0130stanbul 2015 program komitesi taraf\u0131ndan kongre program\u0131 haz\u0131rlanm\u0131\u015ft\u0131r.<\/strong><\/p>\n<p>Ana Kongre Salonu; Kongrenin a\u00e7\u0131l\u0131\u015f\u0131n\u0131n ve end\u00fcstriyel sunumlar\u0131n ger\u00e7ekle\u015fece\u011fi sunumlar ve panellerin oldu\u011fu salon olarak belirlenmi\u015f olup, ana salon d\u0131\u015f\u0131nda Bilim Kurulu taraf\u0131ndan programlar\u0131 ger\u00e7ekle\u015ftirilecek \u0130ki adet paralel bildiri salonlar\u0131 olacakt\u0131r. Bildiriler toplanacak olup, Bilim kurulunun de\u011ferlendirmesi ile program haz\u0131rlanacakt\u0131r. Bildiriler IEEE esaslar\u0131na g\u00f6re de\u011ferlendirilecektir. Kongremiz IEEE taraf\u0131ndan desteklenen kongre olmu\u015ftur.<\/p>\n<p>Fuar alan\u0131nda HUB yap\u0131lm\u0131\u015f olup, bu alan da Workshop yap\u0131labilecektir. Kat\u0131l\u0131mc\u0131 firmalar \u00fccretsiz olarak sunum yapabilecektir. HUB &amp; BUSINESS LOUNGE sponsoru ORACLE UTILITIES firmas\u0131 olmu\u015ftur.<\/p>\n<p><strong>Detayl\u0131 Bilgi i\u00e7in;<\/strong><\/p>\n<p><strong>ICSG web sayfas\u0131: <\/strong><a href=\"http:\/\/www.icsgistanbul.com\/\"><strong>www.icsgistanbul.com<\/strong><\/a><\/p>\n<p><strong>ICSG video tan\u0131t\u0131m linki; <\/strong><a href=\"http:\/\/vimeo.com\/109445935\">http:\/\/vimeo.com\/109445935<\/a> \u00a0<em>( T\u00fcrk\u00e7e)<\/em><\/p>\n<p><a href=\"http:\/\/vimeo.com\/109455318\">http:\/\/vimeo.com\/109455318<\/a> <em>( \u0130ngilizce) <\/em><strong>adreslerini ziyaret ediniz.<\/strong><\/p>\n<p>Yay\u0131nc\u0131: <a href=\"https:\/\/www.enerjigazetesi.ist\" target=\"_blank\">Enerji Gazetesi<\/a><\/p>\n<p>&nbsp;<\/p>","protected":false},"excerpt":{"rendered":"<p>Sorry, this entry is only available in Turkish. For the sake of viewer convenience, the content is shown below in the alternative language. You may click the link to switch the active language.T.C. Bilim, Sanayi ve Teknoloji Bakanl\u0131\u011f\u0131, T.C. Enerji ve Tabii Kaynaklar Bakanl\u0131\u011f\u0131 ve UGETAM\u2019\u0131n (\u0130stanbul Uygulamal\u0131 Gaz ve Enerji Teknolojileri Ara\u015ft\u0131rma M\u00fchendislik Sanayi [&hellip;]<\/p>\n","protected":false},"author":1,"featured_media":36498,"comment_status":"open","ping_status":"open","sticky":false,"template":"","format":"standard","meta":[],"categories":[53],"tags":[63,67,1009,2698,165,17649],"views":679,"_links":{"self":[{"href":"https:\/\/www.enerjigazetesi.ist\/en\/wp-json\/wp\/v2\/posts\/36497"}],"collection":[{"href":"https:\/\/www.enerjigazetesi.ist\/en\/wp-json\/wp\/v2\/posts"}],"about":[{"href":"https:\/\/www.enerjigazetesi.ist\/en\/wp-json\/wp\/v2\/types\/post"}],"author":[{"embeddable":true,"href":"https:\/\/www.enerjigazetesi.ist\/en\/wp-json\/wp\/v2\/users\/1"}],"replies":[{"embeddable":true,"href":"https:\/\/www.enerjigazetesi.ist\/en\/wp-json\/wp\/v2\/comments?post=36497"}],"version-history":[{"count":1,"href":"https:\/\/www.enerjigazetesi.ist\/en\/wp-json\/wp\/v2\/posts\/36497\/revisions"}],"predecessor-version":[{"id":36499,"href":"https:\/\/www.enerjigazetesi.ist\/en\/wp-json\/wp\/v2\/posts\/36497\/revisions\/36499"}],"wp:featuredmedia":[{"embeddable":true,"href":"https:\/\/www.enerjigazetesi.ist\/en\/wp-json\/wp\/v2\/media\/36498"}],"wp:attachment":[{"href":"https:\/\/www.enerjigazetesi.ist\/en\/wp-json\/wp\/v2\/media?parent=36497"}],"wp:term":[{"taxonomy":"category","embeddable":true,"href":"https:\/\/www.enerjigazetesi.ist\/en\/wp-json\/wp\/v2\/categories?post=36497"},{"taxonomy":"post_tag","embeddable":true,"href":"https:\/\/www.enerjigazetesi.ist\/en\/wp-json\/wp\/v2\/tags?post=36497"}],"curies":[{"name":"wp","href":"https:\/\/api.w.org\/{rel}","templated":true}]}}