{"id":36491,"date":"2015-02-18T11:50:09","date_gmt":"2015-02-18T08:50:09","guid":{"rendered":"https:\/\/www.enerjigazetesi.ist\/?p=36491"},"modified":"2015-02-18T11:50:26","modified_gmt":"2015-02-18T08:50:26","slug":"yildiz-orman-bakanliginin-harclarla-ilgili-almis-oldugu-karar-yatirimciya-olumsuz-yansidi","status":"publish","type":"post","link":"https:\/\/www.enerjigazetesi.ist\/en\/yildiz-orman-bakanliginin-harclarla-ilgili-almis-oldugu-karar-yatirimciya-olumsuz-yansidi\/","title":{"rendered":"(Turkish) Y\u0131ld\u0131z: Har\u00e7larla \u0130lgili Alm\u0131\u015f Oldu\u011fu Karar Yat\u0131r\u0131mc\u0131ya Olumsuz Yans\u0131d\u0131&#8230;"},"content":{"rendered":"<p class=\"qtranxs-available-languages-message qtranxs-available-languages-message-en\">Sorry, this entry is only available in <a href=\"https:\/\/www.enerjigazetesi.ist\/tr\/wp-json\/wp\/v2\/posts\/36491\" class=\"qtranxs-available-language-link qtranxs-available-language-link-tr\" title=\"Turkish\">Turkish<\/a>. For the sake of viewer convenience, the content is shown below in the alternative language. You may click the link to switch the active language.<\/p><p><\/p>\n<p style=\"color: #000000;\"><strong>Enerji ve Tabii Kaynaklar Bakan\u0131 Taner Y\u0131ld\u0131z, T\u00fcrkiye R\u00fczgar Enerjisi Sekt\u00f6r Toplant\u0131s\u0131nda yapt\u0131\u011f\u0131 konu\u015fmada,\u00a0r\u00fczgar yat\u0131r\u0131mlar\u0131na ili\u015fkin Orman ve Su \u0130\u015fleri Bakanl\u0131\u011f\u0131n\u0131n har\u00e7larla ilgili ald\u0131\u011f\u0131 karar\u0131n yat\u0131r\u0131mc\u0131ya olumsuz yans\u0131d\u0131\u011f\u0131n\u0131 s\u00f6yledi.<\/strong><\/p>\n<p style=\"color: #000000;\">Sorunu Orman ve Su \u0130\u015fleri Bakan\u0131 Veysel Ero\u011flu ile payla\u015ft<a href=\"https:\/\/www.enerjigazetesi.ist\/wp-content\/uploads\/2015\/02\/yildiz-orman-bakanliginin-harclarla-ilgili-almis-oldugu-karar-yatirimciya-olumsuz-yansidi.jpg\"><img loading=\"lazy\" class=\"alignright size-medium wp-image-36492\" src=\"https:\/\/www.enerjigazetesi.ist\/wp-content\/uploads\/2015\/02\/yildiz-orman-bakanliginin-harclarla-ilgili-almis-oldugu-karar-yatirimciya-olumsuz-yansidi-300x158.jpg\" alt=\"yildiz-orman-bakanliginin-harclarla-ilgili-almis-oldugu-karar-yatirimciya-olumsuz-yansidi\" width=\"300\" height=\"158\" srcset=\"https:\/\/www.enerjigazetesi.ist\/wp-content\/uploads\/2015\/02\/yildiz-orman-bakanliginin-harclarla-ilgili-almis-oldugu-karar-yatirimciya-olumsuz-yansidi-300x158.jpg 300w, https:\/\/www.enerjigazetesi.ist\/wp-content\/uploads\/2015\/02\/yildiz-orman-bakanliginin-harclarla-ilgili-almis-oldugu-karar-yatirimciya-olumsuz-yansidi-500x264.jpg 500w, https:\/\/www.enerjigazetesi.ist\/wp-content\/uploads\/2015\/02\/yildiz-orman-bakanliginin-harclarla-ilgili-almis-oldugu-karar-yatirimciya-olumsuz-yansidi-80x42.jpg 80w, https:\/\/www.enerjigazetesi.ist\/wp-content\/uploads\/2015\/02\/yildiz-orman-bakanliginin-harclarla-ilgili-almis-oldugu-karar-yatirimciya-olumsuz-yansidi.jpg 870w\" sizes=\"(max-width: 300px) 100vw, 300px\" \/><\/a>\u0131\u011f\u0131n\u0131 belirten Y\u0131ld\u0131z, \u201cKonuyu Hazine\u2019ye intikal ettirdik. Har\u00e7larla ilgili karar\u0131nda ister 1 liral\u0131k vergi art\u0131\u015f\u0131, ister 2 liral\u0131k herhangi bir fiyat uygulamas\u0131, nas\u0131l Bakanlar Kurulundan \u00e7\u0131k\u0131yorsa, i\u00e7 y\u00f6netmeli\u011fin de mutlaka Bakanlar Kurulundan \u00e7\u0131kmas\u0131 laz\u0131m\u201d dedi.<br \/>\n<span id=\"more-70370\"><\/span><\/p>\n<p style=\"color: #000000;\">Orman ve Su \u0130\u015fleri Bakanl\u0131\u011f\u0131n\u0131n birtak\u0131m d\u00fczenlemelere gidebilece\u011fini ifade eden Y\u0131ld\u0131z, bu konunun sekt\u00f6r ad\u0131na olumlu bir geli\u015fme olaca\u011f\u0131n\u0131 belirtti.&lt;<\/p>\n<h2 style=\"color: #232323;\">Milli R\u00fczgar T\u00fcrbini<\/h2>\n<p style=\"color: #000000;\">\u201cR\u00fczgarda iletim bedellerini katk\u0131 paylar\u0131 ile alakal\u0131 art\u0131\u015flar\u0131n\u0131 ge\u00e7ti\u011fimiz cuma TE\u0130A\u015e\u2019dan yetkili arkada\u015flarla konu\u015ftuk ve normal bir noktaya ba\u011fland\u0131. Biz, yerli \u00fcretimin artmas\u0131 ad\u0131na geldi\u011fimiz noktada yakla\u015f\u0131k 52 milyon liral\u0131k bir Ar-Ge projesiyle Milli R\u00fczgar Enerji Sistemleri Geli\u015ftirilmesi ve Prototip T\u00fcrbin \u00dcretimi (M\u0130LRES) ile yar\u0131m megavatl\u0131k \u00fcretimlerde hamdolsun bir sonuca ula\u015ft\u0131k. Amac\u0131m\u0131z, bunu 2-2,5 megavatlara \u00e7\u0131kartmak. Tabii ki yaln\u0131zca bizimle de\u011fil, ayn\u0131 zamanda yurt d\u0131\u015f\u0131ndan T\u00fcrkiye\u2019ye yat\u0131r\u0131m yapmak isteyen ve T\u00fcrkiye\u2019yi bir merkez olarak g\u00f6r\u00fcp, bunu Afrika\u2019ya ve Ortado\u011fu\u2019ya ayn\u0131 \u015fekilde ta\u015f\u0131mak isteyen yat\u0131r\u0131mc\u0131lar var.\u201d<\/p>\n<p style=\"color: #000000;\">Kaynak: <a href=\"http:\/\/enerjienstitusu.com\/2015\/02\/18\/orman-bakanligi-ruzgar-santralleri-harclarla-ilgili-almis-oldugu-karar-yatirimciya-olumsuz-yansidi\/\" target=\"_blank\" rel=\"nofollow\">Enerji Enstit\u00fcs\u00fc<\/a><\/p>\n<p><\/p>","protected":false},"excerpt":{"rendered":"<p>Sorry, this entry is only available in Turkish. For the sake of viewer convenience, the content is shown below in the alternative language. You may click the link to switch the active language. Enerji ve Tabii Kaynaklar Bakan\u0131 Taner Y\u0131ld\u0131z, T\u00fcrkiye R\u00fczgar Enerjisi Sekt\u00f6r Toplant\u0131s\u0131nda yapt\u0131\u011f\u0131 konu\u015fmada,\u00a0r\u00fczgar yat\u0131r\u0131mlar\u0131na ili\u015fkin Orman ve Su \u0130\u015fleri Bakanl\u0131\u011f\u0131n\u0131n har\u00e7larla [&hellip;]<\/p>\n","protected":false},"author":1,"featured_media":36492,"comment_status":"open","ping_status":"open","sticky":false,"template":"","format":"standard","meta":[],"categories":[53],"tags":[710,63,67,1009,2698,165,21467,21466,2772,21468,21469,21470,667,12158],"views":749,"_links":{"self":[{"href":"https:\/\/www.enerjigazetesi.ist\/en\/wp-json\/wp\/v2\/posts\/36491"}],"collection":[{"href":"https:\/\/www.enerjigazetesi.ist\/en\/wp-json\/wp\/v2\/posts"}],"about":[{"href":"https:\/\/www.enerjigazetesi.ist\/en\/wp-json\/wp\/v2\/types\/post"}],"author":[{"embeddable":true,"href":"https:\/\/www.enerjigazetesi.ist\/en\/wp-json\/wp\/v2\/users\/1"}],"replies":[{"embeddable":true,"href":"https:\/\/www.enerjigazetesi.ist\/en\/wp-json\/wp\/v2\/comments?post=36491"}],"version-history":[{"count":2,"href":"https:\/\/www.enerjigazetesi.ist\/en\/wp-json\/wp\/v2\/posts\/36491\/revisions"}],"predecessor-version":[{"id":36494,"href":"https:\/\/www.enerjigazetesi.ist\/en\/wp-json\/wp\/v2\/posts\/36491\/revisions\/36494"}],"wp:featuredmedia":[{"embeddable":true,"href":"https:\/\/www.enerjigazetesi.ist\/en\/wp-json\/wp\/v2\/media\/36492"}],"wp:attachment":[{"href":"https:\/\/www.enerjigazetesi.ist\/en\/wp-json\/wp\/v2\/media?parent=36491"}],"wp:term":[{"taxonomy":"category","embeddable":true,"href":"https:\/\/www.enerjigazetesi.ist\/en\/wp-json\/wp\/v2\/categories?post=36491"},{"taxonomy":"post_tag","embeddable":true,"href":"https:\/\/www.enerjigazetesi.ist\/en\/wp-json\/wp\/v2\/tags?post=36491"}],"curies":[{"name":"wp","href":"https:\/\/api.w.org\/{rel}","templated":true}]}}