{"id":36434,"date":"2015-02-16T16:40:23","date_gmt":"2015-02-16T13:40:23","guid":{"rendered":"https:\/\/www.enerjigazetesi.ist\/?p=36434"},"modified":"2015-02-16T16:41:29","modified_gmt":"2015-02-16T13:41:29","slug":"yildiz-butun-yatirimcilari-yerli-komur-madeni-isletmesi-icin-tesvik-ediyoruz","status":"publish","type":"post","link":"https:\/\/www.enerjigazetesi.ist\/en\/yildiz-butun-yatirimcilari-yerli-komur-madeni-isletmesi-icin-tesvik-ediyoruz\/","title":{"rendered":"(Turkish) Y\u0131ld\u0131z: \u201cYat\u0131r\u0131mc\u0131lar\u0131 Yerli K\u00f6m\u00fcr Madeni \u0130\u015fletmesi \u0130\u00e7in Te\u015fvik Ediyoruz\u201d"},"content":{"rendered":"<p class=\"qtranxs-available-languages-message qtranxs-available-languages-message-en\">Sorry, this entry is only available in <a href=\"https:\/\/www.enerjigazetesi.ist\/tr\/wp-json\/wp\/v2\/posts\/36434\" class=\"qtranxs-available-language-link qtranxs-available-language-link-tr\" title=\"Turkish\">Turkish<\/a>. For the sake of viewer convenience, the content is shown below in the alternative language. You may click the link to switch the active language.<\/p><p><\/p>\n<p style=\"color: #000000;\"><strong>Enerji ve Tabii Kaynaklar Bakan\u0131 Taner Y\u0131ld\u0131z, \u201cB\u00fct\u00fcn yerli yat\u0131r\u0131mc\u0131lar\u0131m\u0131z\u0131, uluslararas\u0131 yat\u0131r\u0131mc\u0131y\u0131, uluslararas\u0131 sermayeyi T\u00fcrkiye\u2019de yerli k\u00f6m\u00fcr madenlerini i\u015fletmeleri i\u00e7in te\u015fvik ediyoruz. Bununla alakal\u0131, Hazine\u2019nin ortaya koymu\u015f oldu\u011fu te\u015fviklerin de yap\u0131c\u0131 bir rol alaca\u011f\u0131na inan\u0131yoruz\u201d dedi.<\/strong><span id=\"more-70334\"><\/span><\/p>\n<p style=\"color: #000000;\">Y\u0131ld\u0131z, Kayseri B\u00fcy\u00fck\u015fehir Belediyesini ziyaretinin ard\u0131ndan bas\u0131n mensuplar\u0131na yapt\u0131\u011f\u0131 a\u00e7\u0131klamada, Cumhurba\u015fkan\u0131 Recep Tayyip Erdo\u011fan\u2019\u0131n ba\u015fba<a href=\"https:\/\/www.enerjigazetesi.ist\/wp-content\/uploads\/2015\/02\/yildiz-butun-yatirimcilari-yerli-komur-madeni-isletmesi-icin-tesvik-ediyoruz.jpg\"><img loading=\"lazy\" class=\"alignleft wp-image-36435 size-medium\" src=\"https:\/\/www.enerjigazetesi.ist\/wp-content\/uploads\/2015\/02\/yildiz-butun-yatirimcilari-yerli-komur-madeni-isletmesi-icin-tesvik-ediyoruz-300x191.jpg\" alt=\"yildiz-butun-yatirimcilari-yerli-komur-madeni-isletmesi-icin-tesvik-ediyoruz\" width=\"300\" height=\"191\" srcset=\"https:\/\/www.enerjigazetesi.ist\/wp-content\/uploads\/2015\/02\/yildiz-butun-yatirimcilari-yerli-komur-madeni-isletmesi-icin-tesvik-ediyoruz-300x191.jpg 300w, https:\/\/www.enerjigazetesi.ist\/wp-content\/uploads\/2015\/02\/yildiz-butun-yatirimcilari-yerli-komur-madeni-isletmesi-icin-tesvik-ediyoruz-500x319.jpg 500w, https:\/\/www.enerjigazetesi.ist\/wp-content\/uploads\/2015\/02\/yildiz-butun-yatirimcilari-yerli-komur-madeni-isletmesi-icin-tesvik-ediyoruz-78x50.jpg 78w, https:\/\/www.enerjigazetesi.ist\/wp-content\/uploads\/2015\/02\/yildiz-butun-yatirimcilari-yerli-komur-madeni-isletmesi-icin-tesvik-ediyoruz.jpg 868w\" sizes=\"(max-width: 300px) 100vw, 300px\" \/><\/a>kanl\u0131\u011f\u0131 d\u00f6neminde de T\u00fcrkiye\u2019nin yerli kaynaklar\u0131na, yenilenebilir enerji kaynaklar\u0131na verdi\u011fi y\u00fcksek destek ve himayesinin a\u00e7\u0131k net oldu\u011funu belirterek, \u201cT\u00fcrkiye, son 11 y\u0131l i\u00e7erisinde 11 ayr\u0131 yerli k\u00f6m\u00fcr havzas\u0131na, rezervine sahip oldu. Yeni 7 milyar ton civar\u0131nda bir rezervin buluculu\u011funu yapt\u0131. MTA\u2019n\u0131n yapt\u0131\u011f\u0131 \u00e7al\u0131\u015fmalarla hamdolsun bu noktaya geldik\u201d ifadelerini kulland\u0131.<\/p>\n<p style=\"color: #000000;\">Bakan Y\u0131ld\u0131z, \u201c7 milyar ton -yaln\u0131zca kar\u015f\u0131la\u015ft\u0131rma olsun diye s\u00f6yl\u00fcyorum- d\u00fcnyan\u0131n 1 y\u0131lda kulland\u0131\u011f\u0131 k\u00f6m\u00fcr miktar\u0131na denk. Konya Karap\u0131nar\u2019da, Af\u015fin Elbistan\u2019da, Eski\u015fehir Alpu\u2019da, Afyon Dinar\u2019da, bir\u00e7ok merkezde k\u00f6m\u00fcr rezervlerimizin miktar\u0131n\u0131n 2 kat\u0131n\u0131 \u00e7\u0131kard\u0131k. AK Parti h\u00fck\u00fcmetlerimizle beraber -Say\u0131n Cumhurba\u015fkan\u0131m\u0131z\u0131n demeci vesilesiyle bir kez daha bir duyuruda bulunmak isterim- b\u00fct\u00fcn yerli yat\u0131r\u0131mc\u0131lar\u0131m\u0131z\u0131, uluslararas\u0131 yat\u0131r\u0131mc\u0131y\u0131, uluslararas\u0131 sermayeyi T\u00fcrkiye\u2019de yerli k\u00f6m\u00fcr madenlerini i\u015fletmeleri i\u00e7in te\u015fvik ediyoruz. Hazine te\u015fviklerin de yap\u0131c\u0131 bir rol alaca\u011f\u0131na inan\u0131yoruz.<\/p>\n<p style=\"color: #000000;\">T\u00fcrkiye\u2019de gerek yerli k\u00f6m\u00fcr kaynaklar\u0131m\u0131z\u0131n, gerekse yenilenebilir enerji kaynaklar\u0131 r\u00fczgar, su, g\u00fcne\u015f, jeotermal ve biyok\u00fctle gibi kaynaklar\u0131n in\u015fallah daha b\u00fcy\u00fck oranda yer almas\u0131 i\u00e7in hep beraber enerji politikalar\u0131 ve stratejileri \u00e7er\u00e7evesinde u\u011fra\u015faca\u011f\u0131z ve ko\u015fturaca\u011f\u0131z\u201d diye konu\u015ftu.<\/p>\n<p style=\"color: #000000;\">Kaynak: <a href=\"http:\/\/enerjienstitusu.com\/2015\/02\/16\/bakan-yildiz-butun-yatirimcilari-yerli-komur-madenlerini-isletmeleri-icin-tesvik-ediyoruz\/\" target=\"_blank\">Enerji Enstit\u00fcs\u00fc<\/a><\/p>\n<p><\/p>","protected":false},"excerpt":{"rendered":"<p>Sorry, this entry is only available in Turkish. For the sake of viewer convenience, the content is shown below in the alternative language. You may click the link to switch the active language. Enerji ve Tabii Kaynaklar Bakan\u0131 Taner Y\u0131ld\u0131z, \u201cB\u00fct\u00fcn yerli yat\u0131r\u0131mc\u0131lar\u0131m\u0131z\u0131, uluslararas\u0131 yat\u0131r\u0131mc\u0131y\u0131, uluslararas\u0131 sermayeyi T\u00fcrkiye\u2019de yerli k\u00f6m\u00fcr madenlerini i\u015fletmeleri i\u00e7in te\u015fvik ediyoruz. [&hellip;]<\/p>\n","protected":false},"author":1,"featured_media":36435,"comment_status":"open","ping_status":"open","sticky":false,"template":"","format":"standard","meta":[],"categories":[53],"tags":[21422,9125,710,63,67,1009,2698,165,20347,1675,10835,4860,667,508,21423,21424],"views":1955,"_links":{"self":[{"href":"https:\/\/www.enerjigazetesi.ist\/en\/wp-json\/wp\/v2\/posts\/36434"}],"collection":[{"href":"https:\/\/www.enerjigazetesi.ist\/en\/wp-json\/wp\/v2\/posts"}],"about":[{"href":"https:\/\/www.enerjigazetesi.ist\/en\/wp-json\/wp\/v2\/types\/post"}],"author":[{"embeddable":true,"href":"https:\/\/www.enerjigazetesi.ist\/en\/wp-json\/wp\/v2\/users\/1"}],"replies":[{"embeddable":true,"href":"https:\/\/www.enerjigazetesi.ist\/en\/wp-json\/wp\/v2\/comments?post=36434"}],"version-history":[{"count":2,"href":"https:\/\/www.enerjigazetesi.ist\/en\/wp-json\/wp\/v2\/posts\/36434\/revisions"}],"predecessor-version":[{"id":36437,"href":"https:\/\/www.enerjigazetesi.ist\/en\/wp-json\/wp\/v2\/posts\/36434\/revisions\/36437"}],"wp:featuredmedia":[{"embeddable":true,"href":"https:\/\/www.enerjigazetesi.ist\/en\/wp-json\/wp\/v2\/media\/36435"}],"wp:attachment":[{"href":"https:\/\/www.enerjigazetesi.ist\/en\/wp-json\/wp\/v2\/media?parent=36434"}],"wp:term":[{"taxonomy":"category","embeddable":true,"href":"https:\/\/www.enerjigazetesi.ist\/en\/wp-json\/wp\/v2\/categories?post=36434"},{"taxonomy":"post_tag","embeddable":true,"href":"https:\/\/www.enerjigazetesi.ist\/en\/wp-json\/wp\/v2\/tags?post=36434"}],"curies":[{"name":"wp","href":"https:\/\/api.w.org\/{rel}","templated":true}]}}