{"id":36394,"date":"2015-02-14T15:09:45","date_gmt":"2015-02-14T12:09:45","guid":{"rendered":"https:\/\/www.enerjigazetesi.ist\/?p=36394"},"modified":"2015-02-14T15:09:45","modified_gmt":"2015-02-14T12:09:45","slug":"enerji-bakanliginda-ruzgar-zirvesi-duzenleniyor","status":"publish","type":"post","link":"https:\/\/www.enerjigazetesi.ist\/en\/enerji-bakanliginda-ruzgar-zirvesi-duzenleniyor\/","title":{"rendered":"(Turkish) Enerji Bakanl\u0131\u011f\u0131`nda R\u00fczgar Zirvesi D\u00fczenleniyor&#8230;"},"content":{"rendered":"<p class=\"qtranxs-available-languages-message qtranxs-available-languages-message-en\">Sorry, this entry is only available in <a href=\"https:\/\/www.enerjigazetesi.ist\/tr\/wp-json\/wp\/v2\/posts\/36394\" class=\"qtranxs-available-language-link qtranxs-available-language-link-tr\" title=\"Turkish\">Turkish<\/a>. For the sake of viewer convenience, the content is shown below in the alternative language. You may click the link to switch the active language.<\/p><p><strong>T\u00fcrkiye`de r\u00fczgar enerjisi yat\u0131r\u0131mlar\u0131n\u0131n \u00f6n\u00fcndeki sorunlar, Enerji Bakanl\u0131\u011f\u0131`nda d\u00fczenlenecek bir zirvede masaya yat\u0131r\u0131lacak. <\/strong><strong>R\u00fczgar enerjisi alan\u0131ndaki yat\u0131r\u0131mlar\u0131n, g\u00f6sterilen b\u00fct\u00fcn \u00e7abalara ra\u011fmen istenilen h\u0131za ve seyiyeye ula\u015ft\u0131r\u0131lamamamas\u0131, sekt\u00f6r\u00fcn payda\u015flar\u0131n\u0131 harekete ge\u00e7irdi.<\/strong><\/p>\n<p>T\u00fcrkiye R\u00fczgar Enerjisi Birli\u011fi (T\u00dcREB) <strong>16 \u015eubat 2015<\/strong> pazartesi g\u00fcn\u00fc Enerji Bakanl\u0131\u011f\u0131\u2019nda R\u00fczgar sekt\u00f6r bulu\u015f<a href=\"https:\/\/www.enerjigazetesi.ist\/wp-content\/uploads\/2012\/09\/ab-ruzgar-enerjisi1.jpg\"><img loading=\"lazy\" class=\"alignright size-full wp-image-2439\" src=\"https:\/\/www.enerjigazetesi.ist\/wp-content\/uploads\/2012\/09\/ab-ruzgar-enerjisi1.jpg\" alt=\"ruzgar-enerjisi\" width=\"300\" height=\"168\" srcset=\"https:\/\/www.enerjigazetesi.ist\/wp-content\/uploads\/2012\/09\/ab-ruzgar-enerjisi1.jpg 300w, https:\/\/www.enerjigazetesi.ist\/wp-content\/uploads\/2012\/09\/ab-ruzgar-enerjisi1-80x44.jpg 80w\" sizes=\"(max-width: 300px) 100vw, 300px\" \/><\/a>mas\u0131 ger\u00e7ekle\u015ftirecek.<\/p>\n<p>Toplant\u0131ya Enerji ve Tabi Kaynaklar Bakan\u0131 Say\u0131n Taner Y\u0131ld\u0131z ba\u015fta olmak \u00fczere, Enerji ve \u00c7evre Komisyonu Ba\u015fkanlar\u0131, kamu kurum ve kurulu\u015flar\u0131n\u0131n yetkilileri, yat\u0131r\u0131mc\u0131lar\u0131n \u00fcst d\u00fczey y\u00f6neticileri ve T\u00dcREB \u00fcyeleri kat\u0131lacak.<\/p>\n<p>R\u00fczgar sekt\u00f6r\u00fcnde hen\u00fcz \u00e7\u00f6z\u00fcme kavu\u015famayan orman ve in\u015faat izinleri, RES\u2019lere kar\u015f\u0131 olu\u015fan halk tepkisi, lisans iptalleri ve di\u011fer sorunlar g\u00f6r\u00fc\u015f\u00fclecek.<br \/>\n<strong>16 \u015eubat 2015<\/strong> Pazartesi g\u00fcn\u00fc saat <strong>10:00-13:00<\/strong> aras\u0131nda ger\u00e7ekle\u015ftirilecek zirvenin 10:00-11:00 aras\u0131ndaki a\u00e7\u0131l\u0131\u015f konu\u015fmalar\u0131 b\u00f6l\u00fcm\u00fc bas\u0131na a\u00e7\u0131k yap\u0131lacak. Toplant\u0131 daha sonra bas\u0131na kapal\u0131 olarak devam edecek.<\/p>\n<p>Yay\u0131nc\u0131: <a href=\"http:\/\/www.enerjigazetes.com\" target=\"_blank\">Enerji Gazetesi<\/a><\/p>","protected":false},"excerpt":{"rendered":"<p>Sorry, this entry is only available in Turkish. For the sake of viewer convenience, the content is shown below in the alternative language. You may click the link to switch the active language.T\u00fcrkiye`de r\u00fczgar enerjisi yat\u0131r\u0131mlar\u0131n\u0131n \u00f6n\u00fcndeki sorunlar, Enerji Bakanl\u0131\u011f\u0131`nda d\u00fczenlenecek bir zirvede masaya yat\u0131r\u0131lacak. R\u00fczgar enerjisi alan\u0131ndaki yat\u0131r\u0131mlar\u0131n, g\u00f6sterilen b\u00fct\u00fcn \u00e7abalara ra\u011fmen istenilen h\u0131za [&hellip;]<\/p>\n","protected":false},"author":1,"featured_media":20222,"comment_status":"open","ping_status":"open","sticky":false,"template":"","format":"standard","meta":[],"categories":[53,50],"tags":[63,67,1009,2698,165,69,16],"views":705,"_links":{"self":[{"href":"https:\/\/www.enerjigazetesi.ist\/en\/wp-json\/wp\/v2\/posts\/36394"}],"collection":[{"href":"https:\/\/www.enerjigazetesi.ist\/en\/wp-json\/wp\/v2\/posts"}],"about":[{"href":"https:\/\/www.enerjigazetesi.ist\/en\/wp-json\/wp\/v2\/types\/post"}],"author":[{"embeddable":true,"href":"https:\/\/www.enerjigazetesi.ist\/en\/wp-json\/wp\/v2\/users\/1"}],"replies":[{"embeddable":true,"href":"https:\/\/www.enerjigazetesi.ist\/en\/wp-json\/wp\/v2\/comments?post=36394"}],"version-history":[{"count":1,"href":"https:\/\/www.enerjigazetesi.ist\/en\/wp-json\/wp\/v2\/posts\/36394\/revisions"}],"predecessor-version":[{"id":36395,"href":"https:\/\/www.enerjigazetesi.ist\/en\/wp-json\/wp\/v2\/posts\/36394\/revisions\/36395"}],"wp:featuredmedia":[{"embeddable":true,"href":"https:\/\/www.enerjigazetesi.ist\/en\/wp-json\/wp\/v2\/media\/20222"}],"wp:attachment":[{"href":"https:\/\/www.enerjigazetesi.ist\/en\/wp-json\/wp\/v2\/media?parent=36394"}],"wp:term":[{"taxonomy":"category","embeddable":true,"href":"https:\/\/www.enerjigazetesi.ist\/en\/wp-json\/wp\/v2\/categories?post=36394"},{"taxonomy":"post_tag","embeddable":true,"href":"https:\/\/www.enerjigazetesi.ist\/en\/wp-json\/wp\/v2\/tags?post=36394"}],"curies":[{"name":"wp","href":"https:\/\/api.w.org\/{rel}","templated":true}]}}