{"id":36343,"date":"2015-02-12T14:09:02","date_gmt":"2015-02-12T11:09:02","guid":{"rendered":"https:\/\/www.enerjigazetesi.ist\/?p=36343"},"modified":"2015-02-12T14:09:09","modified_gmt":"2015-02-12T11:09:09","slug":"tesla-evler-icin-batarya-gelistirecek","status":"publish","type":"post","link":"https:\/\/www.enerjigazetesi.ist\/en\/tesla-evler-icin-batarya-gelistirecek\/","title":{"rendered":"(Turkish) Tesla Evler \u0130\u00e7in Batarya Geli\u015ftirecek&#8230;"},"content":{"rendered":"<p class=\"qtranxs-available-languages-message qtranxs-available-languages-message-en\">Sorry, this entry is only available in <a href=\"https:\/\/www.enerjigazetesi.ist\/tr\/wp-json\/wp\/v2\/posts\/36343\" class=\"qtranxs-available-language-link qtranxs-available-language-link-tr\" title=\"Turkish\">Turkish<\/a>. For the sake of viewer convenience, the content is shown below in the alternative language. You may click the link to switch the active language.<\/p><p><\/p>\n<p style=\"color: #000000;\"><strong>Elektrikli ara\u00e7 \u00fcreticisi Tesla Motors, artan elektrik depolama ihtiyac\u0131n\u0131 kar\u015f\u0131lamak i\u00e7in evlerde ve i\u015fyerlerinde kullan\u0131lacak batarya sunmaya haz\u0131rland\u0131klar\u0131n\u0131 belirtti. Bataryalar g\u00fcne\u015f enerjili binalarda b\u00fcy\u00fck enerji tasarrufu sa\u011flayacak.<\/strong><span id=\"more-70300\"><\/span><\/p>\n<p style=\"color: #000000;\">Tesla Motors, elektrikli ara\u00e7lar\u0131nda kulland\u0131\u011f\u0131 lityum iyon pilleri gelecekte ev ve ve i\u015fyerlerini ayd\u0131nlatmak i\u00e7in sunabilir. Tesla Motors CEO\u2019su Elon Musk, \u2018hanelerde ve i\u015fyerlerinde kulla<a href=\"https:\/\/www.enerjigazetesi.ist\/wp-content\/uploads\/2015\/02\/tesla-evler-icin-batarya-gelistirecek.jpg\"><img loading=\"lazy\" class=\"alignleft size-medium wp-image-36344\" src=\"https:\/\/www.enerjigazetesi.ist\/wp-content\/uploads\/2015\/02\/tesla-evler-icin-batarya-gelistirecek-300x176.jpg\" alt=\"tesla-evler-icin-batarya-gelistirecek\" width=\"300\" height=\"176\" srcset=\"https:\/\/www.enerjigazetesi.ist\/wp-content\/uploads\/2015\/02\/tesla-evler-icin-batarya-gelistirecek-300x176.jpg 300w, https:\/\/www.enerjigazetesi.ist\/wp-content\/uploads\/2015\/02\/tesla-evler-icin-batarya-gelistirecek-500x293.jpg 500w, https:\/\/www.enerjigazetesi.ist\/wp-content\/uploads\/2015\/02\/tesla-evler-icin-batarya-gelistirecek-80x46.jpg 80w, https:\/\/www.enerjigazetesi.ist\/wp-content\/uploads\/2015\/02\/tesla-evler-icin-batarya-gelistirecek.jpg 870w\" sizes=\"(max-width: 300px) 100vw, 300px\" \/><\/a>n\u0131lacak Tesla ev bataryas\u0131n\u0131 yak\u0131n zamanda sunmay\u0131 planlad\u0131klar\u0131n\u0131\u2019 s\u00f6yledi.<br \/>\nBloomberg\u2019\u00fcn haberine g\u00f6re, ev bataryas\u0131 fikri \u00f6zellikle evinde ve i\u015fyerinde g\u00fcne\u015f panelleri kullananlar\u0131n ilgisini \u00e7ekebilir. Elektrik depolayan bataryalar ve g\u00fcne\u015f panelleri sayesinde enerji maliyetinin ciddi \u00f6l\u00e7\u00fcde azalt\u0131labilece\u011fi belirtiliyor. Morgan Stanley ge\u00e7ti\u011fimiz y\u0131l a\u00e7\u0131klad\u0131\u011f\u0131 \u00f6ng\u00f6r\u00fcde, Tesla\u2019n\u0131n batarya sunarak ABD ve Avrupa\u2019daki elektrik \u015febekelerinde \u2018d\u00fczensizli\u011fe\u2019 neden olabilece\u011fini \u00f6ne s\u00fcrm\u00fc\u015ft\u00fc.<\/p>\n<p style=\"color: #000000;\">Musk ise \u2018ilk batarya modelinin haz\u0131r oldu\u011funu ve \u00fcretime alt\u0131 ay i\u00e7inde ba\u015flamay\u0131 planlad\u0131klar\u0131n\u0131\u2019 s\u00f6yledi. Tesla, evler i\u00e7in sunaca\u011f\u0131 bataryalar\u0131 Musk\u2019un ba\u015fkan\u0131 ve en b\u00fcy\u00fck hisse sahibi oldu\u011fu SolarCity \u015firketi arac\u0131l\u0131\u011f\u0131yla sunacak. Tesla\u2019n\u0131n California\u2019da bulunan fabrikas\u0131 ise i\u015fyerleri i\u00e7in geli\u015ftirilen daha b\u00fcy\u00fck bataryalar \u00fcretecek.<\/p>\n<p style=\"color: #000000;\">G\u00fcne\u015f paneli kullanan ev ve i\u015fyerlerinin \u015farj edebilece\u011fi bataryalar, ba\u015fta California eyaleti olmak \u00fczere ABD\u2019de b\u00fcy\u00fck bir sekt\u00f6r haline gelmek \u00fczere.<\/p>\n<p style=\"color: #000000;\">PG&amp;E \u015firketi 2020 y\u0131l\u0131nda enerji depolama kapasitesinin 1.3 gigawatt\u2019a ula\u015fmas\u0131n\u0131 \u00f6ng\u00f6r\u00fcyor. Bu enerji 1 milyon evi ayd\u0131nlatabilecek.<\/p>\n<p style=\"color: #000000;\">Kaynak:\u00a0<a style=\"color: #c75615;\" href=\"http:\/\/www.aljazeera.com.tr\/haber\/tesla-evler-icin-batarya-gelistirecek\" target=\"_blank\" rel=\"nofollow\">Al Jazeera<\/a><\/p>\n<p><\/p>","protected":false},"excerpt":{"rendered":"<p>Sorry, this entry is only available in Turkish. For the sake of viewer convenience, the content is shown below in the alternative language. You may click the link to switch the active language. Elektrikli ara\u00e7 \u00fcreticisi Tesla Motors, artan elektrik depolama ihtiyac\u0131n\u0131 kar\u015f\u0131lamak i\u00e7in evlerde ve i\u015fyerlerinde kullan\u0131lacak batarya sunmaya haz\u0131rland\u0131klar\u0131n\u0131 belirtti. Bataryalar g\u00fcne\u015f enerjili [&hellip;]<\/p>\n","protected":false},"author":1,"featured_media":36344,"comment_status":"open","ping_status":"open","sticky":false,"template":"","format":"standard","meta":[],"categories":[51,53,157],"tags":[68,61,19590,19638,784,63,67,1009,2698,165,103,21376,21377,21378,21379,19437,21380],"views":1318,"_links":{"self":[{"href":"https:\/\/www.enerjigazetesi.ist\/en\/wp-json\/wp\/v2\/posts\/36343"}],"collection":[{"href":"https:\/\/www.enerjigazetesi.ist\/en\/wp-json\/wp\/v2\/posts"}],"about":[{"href":"https:\/\/www.enerjigazetesi.ist\/en\/wp-json\/wp\/v2\/types\/post"}],"author":[{"embeddable":true,"href":"https:\/\/www.enerjigazetesi.ist\/en\/wp-json\/wp\/v2\/users\/1"}],"replies":[{"embeddable":true,"href":"https:\/\/www.enerjigazetesi.ist\/en\/wp-json\/wp\/v2\/comments?post=36343"}],"version-history":[{"count":1,"href":"https:\/\/www.enerjigazetesi.ist\/en\/wp-json\/wp\/v2\/posts\/36343\/revisions"}],"predecessor-version":[{"id":36345,"href":"https:\/\/www.enerjigazetesi.ist\/en\/wp-json\/wp\/v2\/posts\/36343\/revisions\/36345"}],"wp:featuredmedia":[{"embeddable":true,"href":"https:\/\/www.enerjigazetesi.ist\/en\/wp-json\/wp\/v2\/media\/36344"}],"wp:attachment":[{"href":"https:\/\/www.enerjigazetesi.ist\/en\/wp-json\/wp\/v2\/media?parent=36343"}],"wp:term":[{"taxonomy":"category","embeddable":true,"href":"https:\/\/www.enerjigazetesi.ist\/en\/wp-json\/wp\/v2\/categories?post=36343"},{"taxonomy":"post_tag","embeddable":true,"href":"https:\/\/www.enerjigazetesi.ist\/en\/wp-json\/wp\/v2\/tags?post=36343"}],"curies":[{"name":"wp","href":"https:\/\/api.w.org\/{rel}","templated":true}]}}