{"id":36303,"date":"2015-02-11T11:49:13","date_gmt":"2015-02-11T08:49:13","guid":{"rendered":"https:\/\/www.enerjigazetesi.ist\/?p=36303"},"modified":"2015-02-11T11:49:13","modified_gmt":"2015-02-11T08:49:13","slug":"turkiyenin-ruzgar-enerjisi-kapasitesi-2014te-yuzde-27-artti","status":"publish","type":"post","link":"https:\/\/www.enerjigazetesi.ist\/en\/turkiyenin-ruzgar-enerjisi-kapasitesi-2014te-yuzde-27-artti\/","title":{"rendered":"(Turkish) T\u00fcrkiye\u2019nin R\u00fczgar Enerjisi Kapasitesi 2014\u2019te Y\u00fczde 27 Artt\u0131!"},"content":{"rendered":"<p class=\"qtranxs-available-languages-message qtranxs-available-languages-message-en\">Sorry, this entry is only available in <a href=\"https:\/\/www.enerjigazetesi.ist\/tr\/wp-json\/wp\/v2\/posts\/36303\" class=\"qtranxs-available-language-link qtranxs-available-language-link-tr\" title=\"Turkish\">Turkish<\/a>. For the sake of viewer convenience, the content is shown below in the alternative language. You may click the link to switch the active language.<\/p><p><\/p>\n<p style=\"color: #000000;\"><strong>T\u00fcrkiye\u2019nin kurulu r\u00fczgar enerjisi kapasitesi ge\u00e7en y\u0131l y\u00fczde 27 art\u0131\u015fla 3 bin 763 megavata ula\u015ft\u0131. Avrupa R\u00fczgar Enerjisi Birli\u011fi\u2019nin (EWEA) verilerine g\u00f6re T\u00fcrkiye, 2014\u2019te Avrupa\u2019da yeni r\u00fczgar yat\u0131r\u0131mlar\u0131n\u0131n y\u00fczde 6,3\u2019\u00fcn\u00fc ger\u00e7ekle\u015ftirdi.<\/strong><\/p>\n<p style=\"color: #000000;\">Toplam kurulu kapasitede Avrupa\u2019da 10\u2019uncu s\u0131radaki yerini koruyan T\u00fcrkiye, ge\u00e7en y\u0131l r\u00fczgar enerjisine yeni yat\u0131r\u0131mlarda Almanya, \u0130ngiltere, \u0130sve\u00e7 ve Fransa\u2019n\u0131n ard\u0131ndan 5\u2019inci s\u0131ray\u0131 ald\u0131.<a href=\"https:\/\/www.enerjigazetesi.ist\/wp-content\/uploads\/2015\/02\/turkiyenin-ruzgar-enerjisi-kapasitesi-2014te-yuzde-27-artti.jpg\"><img loading=\"lazy\" class=\"alignright size-medium wp-image-36304\" src=\"https:\/\/www.enerjigazetesi.ist\/wp-content\/uploads\/2015\/02\/turkiyenin-ruzgar-enerjisi-kapasitesi-2014te-yuzde-27-artti-300x200.jpg\" alt=\"turkiyenin-ruzgar-enerjisi-kapasitesi-2014te-yuzde-27-artti\" width=\"300\" height=\"200\" srcset=\"https:\/\/www.enerjigazetesi.ist\/wp-content\/uploads\/2015\/02\/turkiyenin-ruzgar-enerjisi-kapasitesi-2014te-yuzde-27-artti-300x200.jpg 300w, https:\/\/www.enerjigazetesi.ist\/wp-content\/uploads\/2015\/02\/turkiyenin-ruzgar-enerjisi-kapasitesi-2014te-yuzde-27-artti-500x333.jpg 500w, https:\/\/www.enerjigazetesi.ist\/wp-content\/uploads\/2015\/02\/turkiyenin-ruzgar-enerjisi-kapasitesi-2014te-yuzde-27-artti-75x50.jpg 75w, https:\/\/www.enerjigazetesi.ist\/wp-content\/uploads\/2015\/02\/turkiyenin-ruzgar-enerjisi-kapasitesi-2014te-yuzde-27-artti.jpg 870w\" sizes=\"(max-width: 300px) 100vw, 300px\" \/><\/a><\/p>\n<p style=\"color: #000000;\">EWEA\u2019n\u0131n y\u0131ll\u0131k raporuna g\u00f6re Avrupa\u2019da 2014\u2019te kurulu r\u00fczgar g\u00fcc\u00fc y\u00fczde 10,5 art\u0131\u015fla 134 gigavata y\u00fckseldi.<\/p>\n<p style=\"color: #000000;\">Almanya\u2019n\u0131n 39,2 gigavat kurulu kapasite ile Avrupa lideri oldu\u011fu r\u00fczgar enerjisinde 23 gigavatla \u0130spanya, 12,4 gigavatla \u0130ngiltere, 9,3 gigavatla Fransa, 8,7 gigavatla \u0130talya, 5,4 gigavatla \u0130sve\u00e7, 4,9 gigavatla Portekiz, 4,8 gigavatla Danimarka, 3,8 gigavatla Polonya ve T\u00fcrkiye ilk 10\u2019u olu\u015fturdu.<\/p>\n<p style=\"color: #000000;\">R\u00fczgar enerjisinde ge\u00e7en y\u0131l d\u00fcnya genelinde ilave kapasite art\u0131\u015f\u0131nda 50 gigavata ula\u015f\u0131larak rekor k\u0131r\u0131l\u0131rken toplam kurulu kapasite 370 gigavata yakla\u015ft\u0131.<\/p>\n<p style=\"color: #000000;\">\u00c7in\u2019in 114,8 gigavat, ABD\u2019nin 65,9 gigavatla, Almanya\u2019n\u0131n 39,2 gigavatla ilk \u00fc\u00e7te yerald\u0131\u011f\u0131 listede T\u00fcrkiye 3,8 gigavatla 16\u2019nc\u0131 s\u0131rada bulunuyor.<\/p>\n<p style=\"color: #000000;\">D\u00fcnya R\u00fczgar Enerjisi Birli\u011fi, 2014 sonu itibariyle k\u00fcresel elektrik talebinin yakla\u015f\u0131k y\u00fczde 5\u2019inin r\u00fczgardan sa\u011fland\u0131\u011f\u0131n\u0131 belirtiyor.<\/p>\n<p style=\"color: #000000;\">Kaynak: <a href=\"http:\/\/enerjienstitusu.com\/2015\/02\/11\/turkiyenin-ruzgar-enerjisi-kapasitesi-2014te-yuzde-27-artti\/\" target=\"_blank\" rel=\"nofollow\">Enerji Enstit\u00fcs\u00fc<\/a><\/p>\n<p><\/p>","protected":false},"excerpt":{"rendered":"<p>Sorry, this entry is only available in Turkish. For the sake of viewer convenience, the content is shown below in the alternative language. You may click the link to switch the active language. T\u00fcrkiye\u2019nin kurulu r\u00fczgar enerjisi kapasitesi ge\u00e7en y\u0131l y\u00fczde 27 art\u0131\u015fla 3 bin 763 megavata ula\u015ft\u0131. Avrupa R\u00fczgar Enerjisi Birli\u011fi\u2019nin (EWEA) verilerine g\u00f6re [&hellip;]<\/p>\n","protected":false},"author":1,"featured_media":36304,"comment_status":"open","ping_status":"open","sticky":false,"template":"","format":"standard","meta":[],"categories":[53,50],"tags":[1681,68,19590,19638,63,67,3136,1009,2698,165,1683,69,16,19146,5131,6439],"views":763,"_links":{"self":[{"href":"https:\/\/www.enerjigazetesi.ist\/en\/wp-json\/wp\/v2\/posts\/36303"}],"collection":[{"href":"https:\/\/www.enerjigazetesi.ist\/en\/wp-json\/wp\/v2\/posts"}],"about":[{"href":"https:\/\/www.enerjigazetesi.ist\/en\/wp-json\/wp\/v2\/types\/post"}],"author":[{"embeddable":true,"href":"https:\/\/www.enerjigazetesi.ist\/en\/wp-json\/wp\/v2\/users\/1"}],"replies":[{"embeddable":true,"href":"https:\/\/www.enerjigazetesi.ist\/en\/wp-json\/wp\/v2\/comments?post=36303"}],"version-history":[{"count":1,"href":"https:\/\/www.enerjigazetesi.ist\/en\/wp-json\/wp\/v2\/posts\/36303\/revisions"}],"predecessor-version":[{"id":36305,"href":"https:\/\/www.enerjigazetesi.ist\/en\/wp-json\/wp\/v2\/posts\/36303\/revisions\/36305"}],"wp:featuredmedia":[{"embeddable":true,"href":"https:\/\/www.enerjigazetesi.ist\/en\/wp-json\/wp\/v2\/media\/36304"}],"wp:attachment":[{"href":"https:\/\/www.enerjigazetesi.ist\/en\/wp-json\/wp\/v2\/media?parent=36303"}],"wp:term":[{"taxonomy":"category","embeddable":true,"href":"https:\/\/www.enerjigazetesi.ist\/en\/wp-json\/wp\/v2\/categories?post=36303"},{"taxonomy":"post_tag","embeddable":true,"href":"https:\/\/www.enerjigazetesi.ist\/en\/wp-json\/wp\/v2\/tags?post=36303"}],"curies":[{"name":"wp","href":"https:\/\/api.w.org\/{rel}","templated":true}]}}