{"id":36272,"date":"2015-02-10T11:58:11","date_gmt":"2015-02-10T08:58:11","guid":{"rendered":"https:\/\/www.enerjigazetesi.ist\/?p=36272"},"modified":"2015-02-10T11:58:11","modified_gmt":"2015-02-10T08:58:11","slug":"yildiz-rusya-ile-dogalgaz-muzakerelerinde-istedigimiz-noktaya-gelinmedi","status":"publish","type":"post","link":"https:\/\/www.enerjigazetesi.ist\/en\/yildiz-rusya-ile-dogalgaz-muzakerelerinde-istedigimiz-noktaya-gelinmedi\/","title":{"rendered":"(Turkish) Y\u0131ld\u0131z: \u201cRusya \u0130le Do\u011falgaz M\u00fczakerelerinde \u0130stedi\u011fimiz Noktaya Gelinmedi!\u201d"},"content":{"rendered":"<p class=\"qtranxs-available-languages-message qtranxs-available-languages-message-en\">Sorry, this entry is only available in <a href=\"https:\/\/www.enerjigazetesi.ist\/tr\/wp-json\/wp\/v2\/posts\/36272\" class=\"qtranxs-available-language-link qtranxs-available-language-link-tr\" title=\"Turkish\">Turkish<\/a>. For the sake of viewer convenience, the content is shown below in the alternative language. You may click the link to switch the active language.<\/p><p><\/p>\n<p style=\"color: #000000;\"><strong>Bakan Y\u0131ld\u0131z,\u201dUlusal Yenilenebilir Enerji Eylem Plan\u0131 Tan\u0131t\u0131m Toplant\u0131s\u0131\u2019nda bas\u0131n mensuplar\u0131n\u0131n sorular\u0131n\u0131 yan\u0131tlad\u0131.<\/strong><span id=\"more-70260\"><\/span><\/p>\n<p style=\"color: #000000;\">Enerji ve Tabii Kaynaklar Bakan\u0131 Taner Y\u0131ld\u0131z, \u201cT\u00fcrk Ak\u0131m\u0131\u201d boru hatt\u0131 projesinin muhtemel rotas\u0131na ili\u015fkin, \u201cK\u0131y\u0131k\u00f6y, bu bakt\u0131\u011f\u0131m\u0131z yerlerden bir tanesi ama \u2018tamam\u0131n\u0131 b\u00f6yle ba\u015flat\u0131yoruz ve kesinle\u015fmi\u015f bir proje\u2019 diye tan\u0131mlamak \u015fu an erken <a href=\"https:\/\/www.enerjigazetesi.ist\/wp-content\/uploads\/2015\/02\/yildiz-rusya-ile-dogalgaz-fiyati-muzakerelerinde-istedigimiz-noktaya-gelinmedi.jpg\"><img loading=\"lazy\" class=\"alignright size-medium wp-image-36273\" src=\"https:\/\/www.enerjigazetesi.ist\/wp-content\/uploads\/2015\/02\/yildiz-rusya-ile-dogalgaz-fiyati-muzakerelerinde-istedigimiz-noktaya-gelinmedi-300x178.jpg\" alt=\"yildiz-rusya-ile-dogalgaz-fiyati-muzakerelerinde-istedigimiz-noktaya-gelinmedi\" width=\"300\" height=\"178\" srcset=\"https:\/\/www.enerjigazetesi.ist\/wp-content\/uploads\/2015\/02\/yildiz-rusya-ile-dogalgaz-fiyati-muzakerelerinde-istedigimiz-noktaya-gelinmedi-300x178.jpg 300w, https:\/\/www.enerjigazetesi.ist\/wp-content\/uploads\/2015\/02\/yildiz-rusya-ile-dogalgaz-fiyati-muzakerelerinde-istedigimiz-noktaya-gelinmedi-500x298.jpg 500w, https:\/\/www.enerjigazetesi.ist\/wp-content\/uploads\/2015\/02\/yildiz-rusya-ile-dogalgaz-fiyati-muzakerelerinde-istedigimiz-noktaya-gelinmedi-80x47.jpg 80w, https:\/\/www.enerjigazetesi.ist\/wp-content\/uploads\/2015\/02\/yildiz-rusya-ile-dogalgaz-fiyati-muzakerelerinde-istedigimiz-noktaya-gelinmedi.jpg 870w\" sizes=\"(max-width: 300px) 100vw, 300px\" \/><\/a>olur. Biz daha \u00e7ok nerelerin olamayaca\u011f\u0131yla alakal\u0131 konular\u0131 konu\u015ftuk\u201d dedi.<\/p>\n<p style=\"color: #000000;\">Y\u0131ld\u0131z, bakanl\u0131k toplant\u0131 salonunda ger\u00e7ekle\u015ftirilen \u201cUlusal Yenilenebilir Enerji Eylem Plan\u0131 Tan\u0131t\u0131m Toplant\u0131s\u0131\u2019nda bas\u0131n mensuplar\u0131n\u0131n sorular\u0131n\u0131 yan\u0131tlad\u0131.<\/p>\n<p style=\"color: #000000;\">\u201cT\u00fcrk Ak\u0131m\u0131\u201d boru hatt\u0131 projesinin muhtemel rotas\u0131na ili\u015fkin soru \u00fczerine Y\u0131ld\u0131z, \u015f\u00f6yle konu\u015ftu:<\/p>\n<p style=\"color: #000000;\">\u201c(Gazprom Ba\u015fkan\u0131 Aleksey Miller ile) Projenin g\u00fczergah\u0131n\u0131 de\u011ferlendirdik. Sulak alanlar var, tar\u0131m arazileri var, orman arazileri var, ye\u015fil alanlar var. Bunlar\u0131 dikkate ald\u0131\u011f\u0131m\u0131zda K\u0131y\u0131k\u00f6y, bu bakt\u0131\u011f\u0131m\u0131z yerlerden bir tanesi ama \u2018tamam\u0131n\u0131 b\u00f6yle ba\u015flat\u0131yoruz ve kesinle\u015fmi\u015f bir proje\u2019 diye tan\u0131mlamak \u015fu an erken olur. Biz daha \u00e7ok nerelerin olamayaca\u011f\u0131yla alakal\u0131 konular\u0131 konu\u015ftuk. L\u00fcleburgaz ve \u0130psala\u2019ya var\u0131ncaya kadar \u00f6zellikle o g\u00fczergahta herhangi bir s\u0131k\u0131nt\u0131 olu\u015fabilir mi, buna bakt\u0131k.\u201d<\/p>\n<p style=\"color: #000000;\">Bakanl\u0131k olarak \u00e7evreye kar\u015f\u0131 hassasiyetlerini her vesilede vurgulad\u0131klar\u0131n\u0131 belirten Y\u0131ld\u0131z, proje hakk\u0131nda \u00e7ar\u015famba g\u00fcn\u00fc Orman ve Su \u0130\u015fleri Bakanl\u0131\u011f\u0131, G\u0131da, Tar\u0131m ve Hayvanc\u0131l\u0131k Bakanl\u0131\u011f\u0131, \u00c7evre ve \u015eehircilik Bakanl\u0131\u011f\u0131 ve ilgili bakanl\u0131klara konuya ili\u015fkin bilgi vereceklerini anlatt\u0131.<\/p>\n<p style=\"color: #000000;\">Y\u0131ld\u0131z, do\u011falgaz fiyatlar\u0131ndaki indirim m\u00fczakerelerinin s\u00fcrd\u00fc\u011f\u00fcn\u00fc, Rusya ve T\u00fcrkiye\u2019nin m\u00fczakere s\u00fcrecinde birbirine al\u0131\u015fk\u0131n iki \u00fclke oldu\u011funu ifade ederek, \u201c\u0130stedi\u011fimiz nokta hen\u00fcz olu\u015fmu\u015f de\u011fil. Tabii kar\u015f\u0131l\u0131kl\u0131 g\u00fc\u00e7l\u00fc bir m\u00fczakere tekni\u011fi diyebiliriz\u201d dedi.<\/p>\n<p style=\"color: #000000;\">Do\u011falgazda maliyetlerin y\u00fcksek oldu\u011funu belirten Y\u0131ld\u0131z, \u201c\u015eu ana kadar 10 dolara al\u0131p 9 dolara satt\u0131\u011f\u0131m\u0131z bir ortamda, ilk defa sat\u0131\u015f noktam\u0131z\u0131n art\u0131k maliyetlerin daha \u00fczerinde kalmas\u0131n\u0131 istiyoruz\u201d diye konu\u015ftu.<\/p>\n<p style=\"color: #000000;\">Y\u0131ld\u0131z, indirim ve di\u011fer konular\u0131 bir b\u00fct\u00fcn olarak d\u00fc\u015f\u00fcnd\u00fcklerini ifade ederek, \u015f\u00f6yle devam etti:<\/p>\n<p style=\"color: #000000;\">\u201cB\u00fct\u00fcn bunlar\u0131n hepsini bir paket olarak de\u011ferlendiriyoruz. Fiyat m\u00fczakereleri, T\u00fcrk Ak\u0131m\u0131\u2019yla alakal\u0131 projelerin de\u011ferlendirilmesi, g\u00fczergah yap\u0131land\u0131r\u0131lmas\u0131 ve Bat\u0131 Hatt\u0131\u2019n\u0131n tekrar yenilenmesi ile alakal\u0131 konular\u0131n hepsi bir pakettir. Bunu en seri \u015fekilde yapmaya gayret ediyoruz.\u201d<\/p>\n<p style=\"color: #000000;\">Kaynak: <a href=\"http:\/\/enerjienstitusu.com\/2015\/02\/10\/bakan-yildiz-dogalgaz-fiyatlarinda-istedigimiz-noktaya-gelinmedi\/\" target=\"_blank\" rel=\"nofollow\">Enerji Enstit\u00fcs\u00fc<\/a><\/p>\n<p><\/p>","protected":false},"excerpt":{"rendered":"<p>Sorry, this entry is only available in Turkish. For the sake of viewer convenience, the content is shown below in the alternative language. You may click the link to switch the active language. Bakan Y\u0131ld\u0131z,\u201dUlusal Yenilenebilir Enerji Eylem Plan\u0131 Tan\u0131t\u0131m Toplant\u0131s\u0131\u2019nda bas\u0131n mensuplar\u0131n\u0131n sorular\u0131n\u0131 yan\u0131tlad\u0131. Enerji ve Tabii Kaynaklar Bakan\u0131 Taner Y\u0131ld\u0131z, \u201cT\u00fcrk Ak\u0131m\u0131\u201d boru [&hellip;]<\/p>\n","protected":false},"author":1,"featured_media":36273,"comment_status":"open","ping_status":"open","sticky":false,"template":"","format":"standard","meta":[],"categories":[46,53],"tags":[4086,710,92,226,21330,13155,63,67,3136,1009,2698,165,1277,667,20076,21331],"views":596,"_links":{"self":[{"href":"https:\/\/www.enerjigazetesi.ist\/en\/wp-json\/wp\/v2\/posts\/36272"}],"collection":[{"href":"https:\/\/www.enerjigazetesi.ist\/en\/wp-json\/wp\/v2\/posts"}],"about":[{"href":"https:\/\/www.enerjigazetesi.ist\/en\/wp-json\/wp\/v2\/types\/post"}],"author":[{"embeddable":true,"href":"https:\/\/www.enerjigazetesi.ist\/en\/wp-json\/wp\/v2\/users\/1"}],"replies":[{"embeddable":true,"href":"https:\/\/www.enerjigazetesi.ist\/en\/wp-json\/wp\/v2\/comments?post=36272"}],"version-history":[{"count":1,"href":"https:\/\/www.enerjigazetesi.ist\/en\/wp-json\/wp\/v2\/posts\/36272\/revisions"}],"predecessor-version":[{"id":36274,"href":"https:\/\/www.enerjigazetesi.ist\/en\/wp-json\/wp\/v2\/posts\/36272\/revisions\/36274"}],"wp:featuredmedia":[{"embeddable":true,"href":"https:\/\/www.enerjigazetesi.ist\/en\/wp-json\/wp\/v2\/media\/36273"}],"wp:attachment":[{"href":"https:\/\/www.enerjigazetesi.ist\/en\/wp-json\/wp\/v2\/media?parent=36272"}],"wp:term":[{"taxonomy":"category","embeddable":true,"href":"https:\/\/www.enerjigazetesi.ist\/en\/wp-json\/wp\/v2\/categories?post=36272"},{"taxonomy":"post_tag","embeddable":true,"href":"https:\/\/www.enerjigazetesi.ist\/en\/wp-json\/wp\/v2\/tags?post=36272"}],"curies":[{"name":"wp","href":"https:\/\/api.w.org\/{rel}","templated":true}]}}