{"id":3624,"date":"2012-11-20T16:48:47","date_gmt":"2012-11-20T13:48:47","guid":{"rendered":"https:\/\/www.enerjigazetesi.ist\/?p=3624"},"modified":"2012-11-20T16:48:47","modified_gmt":"2012-11-20T13:48:47","slug":"10-yilda-100-milyar-lira-yatirim","status":"publish","type":"post","link":"https:\/\/www.enerjigazetesi.ist\/en\/10-yilda-100-milyar-lira-yatirim\/","title":{"rendered":"(Turkish) 10 Y\u0131lda 100 Milyar Lira Yat\u0131r\u0131m"},"content":{"rendered":"<p class=\"qtranxs-available-languages-message qtranxs-available-languages-message-en\">Sorry, this entry is only available in <a href=\"https:\/\/www.enerjigazetesi.ist\/tr\/wp-json\/wp\/v2\/posts\/3624\" class=\"qtranxs-available-language-link qtranxs-available-language-link-tr\" title=\"Turkish\">Turkish<\/a>. For the sake of viewer convenience, the content is shown below in the alternative language. You may click the link to switch the active language.<\/p><p><strong>Enerji ve Tabii Kaynaklar Bakan\u0131 Taner Y\u0131ld\u0131z, &#8220;10 y\u0131lda enerjide \u00fcretim ve da\u011f\u0131t\u0131m da dahil 100 milyar lira yat\u0131r\u0131m yap\u0131ld\u0131. 2023 y\u0131l\u0131 hedefleri aras\u0131nda miktar a\u00e7\u0131s\u0131nda en b\u00fcy\u00fck 3 proje enerji sekt\u00f6r\u00fcnde yer al\u0131yor&#8221; dedi.<\/strong><\/p>\n<p><img loading=\"lazy\" class=\"alignright size-full wp-image-3625\" title=\"enerji-yatirimlari-tanet-yildiz\" src=\"https:\/\/www.enerjigazetesi.ist\/wp-content\/uploads\/2012\/11\/enerji-yatirimlari-tanet-yildiz.jpg\" alt=\"\" width=\"292\" height=\"203\" srcset=\"https:\/\/www.enerjigazetesi.ist\/wp-content\/uploads\/2012\/11\/enerji-yatirimlari-tanet-yildiz.jpg 292w, https:\/\/www.enerjigazetesi.ist\/wp-content\/uploads\/2012\/11\/enerji-yatirimlari-tanet-yildiz-71x50.jpg 71w\" sizes=\"(max-width: 292px) 100vw, 292px\" \/>Bakan Y\u0131ld\u0131z, Enerji Piyasas\u0131 D\u00fczenleme Kurumu&#8217;nun (EPDK) 11. kurulu\u015f y\u0131ld\u00f6n\u00fcm\u00fc dolay\u0131s\u0131yla JW Marriott Otel&#8217;de d\u00fczenlenen etkinli\u011fe kat\u0131ld\u0131. Enerji sekt\u00f6r\u00fcn\u00fcn de\u011fi\u015fiminin y\u00f6netilmesi i\u015fini \u00fcstlendiklerini belirten Y\u0131ld\u0131z, bu s\u00fcre\u00e7te ekonomideki b\u00fcy\u00fcmenin ve siyasi istikrar\u0131n katk\u0131lar\u0131n\u0131 g\u00f6rd\u00fcklerini s\u00f6yledi.<\/p>\n<p>T\u00fcrkiye&#8217;de enerji sekt\u00f6r\u00fcn\u00fcn h\u0131zl\u0131 geli\u015fen, serbestle\u015fen ve kamunun yat\u0131r\u0131mc\u0131 olarak geriye \u00e7ekildi\u011fi bir niteli\u011fe kavu\u015ftu\u011funu ifade eden Bakan Y\u0131ld\u0131z, \u015f\u00f6yle konu\u015ftu:<\/p>\n<p>&#8220;Kamu geriye \u00e7ekilirken \u00f6zel sekt\u00f6r de ayn\u0131 oranda ileriye do\u011fru ad\u0131m at\u0131yor. Biz b\u00f6yle bir s\u00fcreci y\u00f6netiyoruz. 10 y\u0131l \u00f6nce T\u00fcrkiye&#8217;de \u00f6zel sekt\u00f6r\u00fcn elektrik \u00fcretiminde pay\u0131 y\u00fczde 32 ila 33&#8217;ler civar\u0131ndayd\u0131. \u015eimdi oran y\u00fczde 61 seviyesinde. Bu oran daha da art\u0131yor. Bazen s\u00f6yl\u00fcyorum burada k\u0131sa vadede y\u00fczde 75&#8217;leri g\u00f6rmemiz laz\u0131m.&#8221;<\/p>\n<p>Enerji sekt\u00f6r\u00fcn\u00fcn yeniden yap\u0131land\u0131r\u0131lmas\u0131 ad\u0131na yasal d\u00fczenlemelerin de yap\u0131lmaya devam etti\u011fini kaydeden Y\u0131ld\u0131z, elektrik borsas\u0131n\u0131n kurulmas\u0131n\u0131n da bu \u00e7al\u0131\u015fmalardan birisi oldu\u011funu s\u00f6yledi.<\/p>\n<p><strong>&#8220;Da\u011f\u0131t\u0131m \u00f6zelle\u015ftirmeleri 2013&#8217;te bitecek&#8221;<\/strong><\/p>\n<p>Elektrik sekt\u00f6r\u00fcnde \u00f6zelle\u015ftirmelerin da\u011f\u0131t\u0131m \u015firketleriyle devam etti\u011fini an\u0131msatan Y\u0131ld\u0131z, &#8220;21 elektrik da\u011f\u0131t\u0131m b\u00f6lgesinden 13&#8217;\u00fcn\u00fcn \u00f6zelle\u015ftirmesi tamamland\u0131. Akdeniz, Gediz ve Bo\u011fazi\u00e7i da\u011f\u0131t\u0131m b\u00f6lgelerinin \u00f6zelle\u015ftirildi\u011fi bir 2012 g\u00f6rmek istiyoruz. 2013&#8217;de ise bu alandaki \u00f6zelle\u015ftirmeleri tamamlamay\u0131 planl\u0131yoruz&#8221; diye konu\u015ftu.<\/p>\n<p>Bakan Y\u0131ld\u0131z, T\u00fcrkiye&#8217;nin elektrikteki kay\u0131p-ka\u00e7ak bedelinin Van G\u00f6l\u00fc ve Dicle da\u011f\u0131t\u0131m b\u00f6lgeleri d\u0131\u015f\u0131nda AB standartlar\u0131n\u0131n alt\u0131nda oldu\u011funu bildirerek, &#8220;Bu oranlar do\u011fru yolda ilerledi\u011fimizi g\u00f6steriyor. Bu konuda yapmak isteyip de sonland\u0131ramad\u0131\u011f\u0131m\u0131z i\u015fler var. \u00c7ok iyi yapt\u0131\u011f\u0131m\u0131z i\u015fler var, yapamad\u0131\u011f\u0131m\u0131z i\u015fler var. Bunlar\u0131 a\u00e7\u0131kl\u0131kla konu\u015fmam\u0131z laz\u0131m&#8221; dedi.<\/p>\n<p>T\u00fcrkiye&#8217;nin elektrikte b\u00f6lgede referans fiyat olu\u015fturmada \u00f6nemli potansiyele sahip oldu\u011funu vurgulayan Y\u0131ld\u0131z, do\u011falgaz alan\u0131nda da Bat\u0131 Hatt\u0131&#8217;ndaki gaz\u0131n \u00f6zel sekt\u00f6r eliyle tedarikine imkan verilmeye devam edildi\u011fini s\u00f6yledi.<\/p>\n<p><strong>&#8220;Kesinti olmayacak demek ger\u00e7ek\u00e7i olmaz&#8221;<\/strong><\/p>\n<p>ABD&#8217;deki kas\u0131rgan\u0131n milyonlarca ki\u015fiyi elektriksiz b\u0131rakt\u0131\u011f\u0131n\u0131 ama bas\u0131n kurulu\u015flar\u0131n\u0131n elektrik kesintisini haberle\u015ftirmedi\u011fini belirten Y\u0131ld\u0131z, Van&#8217;daki depremin ard\u0131ndan kente bir g\u00fcn i\u00e7inde tekrar elektrik verilmeye ba\u015fland\u0131\u011f\u0131n\u0131, kesintilerle ilgili yap\u0131lan ele\u015ftirilerin makul \u00f6l\u00e7\u00fclerde olmas\u0131 gerekti\u011fini dile getirdi.<\/p>\n<p>Y\u0131ld\u0131z, elektrik ve do\u011falgazda kesintilerin olmayaca\u011f\u0131n\u0131n s\u00f6ylenmesinin ger\u00e7ek\u00e7i bir yakla\u015f\u0131m olmayaca\u011f\u0131n\u0131 ifade ederek, kamu ve \u00f6zel sekt\u00f6re d\u00fc\u015fen g\u00f6revin bunun en aza indirildi\u011fi ortam\u0131 sa\u011flamak oldu\u011funu kaydetti.<\/p>\n<p>&#8220;T\u00fcrkiye (enerjide) iyi bir i\u015fletmecilik yapmakta. Aksayan y\u00f6nlerini k\u0131sa s\u00fcrede onarmakta. EPDK&#8217;n\u0131n yapt\u0131\u011f\u0131 tarifelerle birlikte elektrik da\u011f\u0131t\u0131m hizmetlerinde her ge\u00e7en g\u00fcn daha h\u0131zl\u0131 m\u00fc\u015fteriye ula\u015f\u0131l\u0131r hale gelinmekte. \u0130n\u015fallah az \u015fikayetin \u00e7ok memnuniyetin oldu\u011fu bir yap\u0131ya do\u011fru ilerleyece\u011fiz&#8221; diyen Y\u0131ld\u0131z, EPDK&#8217;n\u0131n yo\u011fun g\u00fcndemle \u00e7al\u0131\u015fmas\u0131n\u0131 istemediklerini, kurumun g\u00fcndemini sadele\u015ftirmeye y\u00f6nelik \u00e7al\u0131\u015fmalar\u0131n\u0131n oldu\u011funu bildirdi.<\/p>\n<p><strong>\u00dc\u00e7 projenin toplam\u0131 55 milyar dolar<\/strong><\/p>\n<p>T\u00fcrkiye&#8217;nin b\u00fcy\u00fcyen ekonomisiyle \u00e7ok say\u0131da enerji yat\u0131r\u0131m\u0131na ev sahipli\u011fi yapt\u0131\u011f\u0131na i\u015faret eden Y\u0131ld\u0131z, \u015f\u00f6yle devam etti:<\/p>\n<p>&#8220;10 y\u0131lda enerjide \u00fcretim ve da\u011f\u0131t\u0131m da dahil 100 milyar lira yat\u0131r\u0131m yap\u0131ld\u0131. 2023 y\u0131l\u0131 hedefleri aras\u0131nda miktar a\u00e7\u0131s\u0131nda en b\u00fcy\u00fck 3 proje enerji sekt\u00f6r\u00fcnde yer al\u0131yor. Bunlar iki n\u00fckleer santral ile Af\u015fin-Elbistan Havzas\u0131&#8217;n\u0131n (k\u00f6m\u00fcr) blok olarak de\u011ferlendirilmesi. Bu yat\u0131r\u0131mlar\u0131n toplam tutar\u0131 yakla\u015f\u0131k 55-56 milyar dolar yani 100 milyar lira civar\u0131nda. T\u00fcrkiye&#8217;nin son 10 y\u0131lda enerjide yapt\u0131\u011f\u0131 yat\u0131r\u0131mlar kadar\u0131n\u0131 bu \u00fc\u00e7 yat\u0131r\u0131mla yapm\u0131\u015f olaca\u011f\u0131z.&#8221;<\/p>\n<p>Yenilenebilir enerji yat\u0131r\u0131mlar\u0131n\u0131 desteklemeye devam ettiklerinin alt\u0131n\u0131 \u00e7izen Y\u0131ld\u0131z, yenilenebilir enerji yat\u0131r\u0131mlar\u0131nda kaybeden taraf\u0131n olmayaca\u011f\u0131n\u0131, hem \u00fcreticinin hem de t\u00fcketicilerin bu yat\u0131r\u0131mlardan karl\u0131 \u00e7\u0131kaca\u011f\u0131n\u0131 vurgulad\u0131.<\/p>\n<p>Kaynak: <a href=\"http:\/\/www.cnnturk.com\/2012\/ekonomi\/genel\/11\/20\/10.yilda.100.milyar.lira.yatirim\/685372.0\/index.html\" target=\"_blank\">CnnTurk<\/a><\/p>","protected":false},"excerpt":{"rendered":"<p>Sorry, this entry is only available in Turkish. For the sake of viewer convenience, the content is shown below in the alternative language. You may click the link to switch the active language.Enerji ve Tabii Kaynaklar Bakan\u0131 Taner Y\u0131ld\u0131z, &#8220;10 y\u0131lda enerjide \u00fcretim ve da\u011f\u0131t\u0131m da dahil 100 milyar lira yat\u0131r\u0131m yap\u0131ld\u0131. 2023 y\u0131l\u0131 hedefleri [&hellip;]<\/p>\n","protected":false},"author":1,"featured_media":3625,"comment_status":"open","ping_status":"open","sticky":false,"template":"","format":"standard","meta":[],"categories":[51,53],"tags":[170,19,67,1046,750],"views":706,"_links":{"self":[{"href":"https:\/\/www.enerjigazetesi.ist\/en\/wp-json\/wp\/v2\/posts\/3624"}],"collection":[{"href":"https:\/\/www.enerjigazetesi.ist\/en\/wp-json\/wp\/v2\/posts"}],"about":[{"href":"https:\/\/www.enerjigazetesi.ist\/en\/wp-json\/wp\/v2\/types\/post"}],"author":[{"embeddable":true,"href":"https:\/\/www.enerjigazetesi.ist\/en\/wp-json\/wp\/v2\/users\/1"}],"replies":[{"embeddable":true,"href":"https:\/\/www.enerjigazetesi.ist\/en\/wp-json\/wp\/v2\/comments?post=3624"}],"version-history":[{"count":1,"href":"https:\/\/www.enerjigazetesi.ist\/en\/wp-json\/wp\/v2\/posts\/3624\/revisions"}],"predecessor-version":[{"id":3626,"href":"https:\/\/www.enerjigazetesi.ist\/en\/wp-json\/wp\/v2\/posts\/3624\/revisions\/3626"}],"wp:featuredmedia":[{"embeddable":true,"href":"https:\/\/www.enerjigazetesi.ist\/en\/wp-json\/wp\/v2\/media\/3625"}],"wp:attachment":[{"href":"https:\/\/www.enerjigazetesi.ist\/en\/wp-json\/wp\/v2\/media?parent=3624"}],"wp:term":[{"taxonomy":"category","embeddable":true,"href":"https:\/\/www.enerjigazetesi.ist\/en\/wp-json\/wp\/v2\/categories?post=3624"},{"taxonomy":"post_tag","embeddable":true,"href":"https:\/\/www.enerjigazetesi.ist\/en\/wp-json\/wp\/v2\/tags?post=3624"}],"curies":[{"name":"wp","href":"https:\/\/api.w.org\/{rel}","templated":true}]}}