{"id":36236,"date":"2015-02-09T11:48:47","date_gmt":"2015-02-09T08:48:47","guid":{"rendered":"https:\/\/www.enerjigazetesi.ist\/?p=36236"},"modified":"2015-02-09T11:48:47","modified_gmt":"2015-02-09T08:48:47","slug":"yildiz-yuksek-elektrik-faturasi-telafi-edilecek","status":"publish","type":"post","link":"https:\/\/www.enerjigazetesi.ist\/en\/yildiz-yuksek-elektrik-faturasi-telafi-edilecek\/","title":{"rendered":"(Turkish) Y\u0131ld\u0131z: \u201cY\u00fcksek Elektrik Faturas\u0131 Telafi Edilecek&#8230;\u201d"},"content":{"rendered":"<p class=\"qtranxs-available-languages-message qtranxs-available-languages-message-en\">Sorry, this entry is only available in <a href=\"https:\/\/www.enerjigazetesi.ist\/tr\/wp-json\/wp\/v2\/posts\/36236\" class=\"qtranxs-available-language-link qtranxs-available-language-link-tr\" title=\"Turkish\">Turkish<\/a>. For the sake of viewer convenience, the content is shown below in the alternative language. You may click the link to switch the active language.<\/p><p><\/p>\n<p style=\"color: #000000;\"><strong>Enerji Bakan\u0131 Taner Y\u0131ld\u0131z, elektrik da\u011f\u0131t\u0131m \u015firketlerinin Aral\u0131k\u2019ta kesmesi gereken faturas\u0131 Ocak\u2019ta kesmesine ili\u015fkin a\u00e7\u0131klama yapt\u0131.<a href=\"https:\/\/www.enerjigazetesi.ist\/wp-content\/uploads\/2015\/02\/yildiz-yuksek-elektrik-faturasi-telafi-edilecek.jpg\"><img loading=\"lazy\" class=\"alignleft wp-image-36237 size-medium\" src=\"https:\/\/www.enerjigazetesi.ist\/wp-content\/uploads\/2015\/02\/yildiz-yuksek-elektrik-faturasi-telafi-edilecek-300x224.jpg\" alt=\"yildiz-yuksek-elektrik-faturasi-telafi-edilecek\" width=\"300\" height=\"224\" srcset=\"https:\/\/www.enerjigazetesi.ist\/wp-content\/uploads\/2015\/02\/yildiz-yuksek-elektrik-faturasi-telafi-edilecek-300x224.jpg 300w, https:\/\/www.enerjigazetesi.ist\/wp-content\/uploads\/2015\/02\/yildiz-yuksek-elektrik-faturasi-telafi-edilecek-500x374.jpg 500w, https:\/\/www.enerjigazetesi.ist\/wp-content\/uploads\/2015\/02\/yildiz-yuksek-elektrik-faturasi-telafi-edilecek-66x50.jpg 66w, https:\/\/www.enerjigazetesi.ist\/wp-content\/uploads\/2015\/02\/yildiz-yuksek-elektrik-faturasi-telafi-edilecek.jpg 870w\" sizes=\"(max-width: 300px) 100vw, 300px\" \/><\/a><\/strong><span id=\"more-70250\"><\/span><\/p>\n<p style=\"color: #000000;\">Enerji ve Tabii Kaynaklar Bakan\u0131 Taner Y\u0131ld\u0131z, elektrik fiyatlar\u0131na aral\u0131k ve ocak aylar\u0131nda a\u00e7\u0131k veya gizli zam yapmad\u0131klar\u0131n\u0131 belirterek, \u201cOnlar\u0131 (elektrik da\u011f\u0131t\u0131m \u015firketlerini) uyard\u0131k. Aral\u0131k ay\u0131nda kesmedi\u011finiz faturay\u0131, ocakta m\u00fc\u015fteriye kestiniz. Bu do\u011fru bir \u015fey de\u011fil. Her ay kesmeniz laz\u0131m. Onlar da bunu telafi edeceklerini s\u00f6ylediler\u201d dedi.<\/p>\n<p style=\"color: #000000;\">Y\u0131ld\u0131z, bakanl\u0131k toplant\u0131 salonunda Ankara B\u00fcy\u00fck\u015fehir Belediyesi \u00c7ocuk Meclisi \u00fcyelerinin sorular\u0131n\u0131 yan\u0131tlad\u0131. \u201cBenzin fiyatlar\u0131, T\u00fcrkiye\u2019de daha d\u00fc\u015f\u00fck seviyelere inebilir mi?\u201d sorusu \u00fczerine Y\u0131ld\u0131z, \u201cBenzin ve motorin fiyatlar\u0131 d\u00fcnyada neredeyse ayn\u0131. Fakat \u00fclkelere g\u00f6re uygulanan vergiler farkl\u0131l\u0131k g\u00f6steriyor. Fiyat fark\u0131 da buradan kaynaklan\u0131yor\u201d diye konu\u015ftu.<\/p>\n<p style=\"color: #000000;\">T\u00fcrkiye\u2019de elektrik fiyatlar\u0131nda bir art\u0131\u015f olup olmad\u0131\u011f\u0131 y\u00f6n\u00fcndeki soru \u00fczerine de Y\u0131ld\u0131z, \u015funlar\u0131 kaydetti: \u201cBundan \u00fc\u00e7 ay, be\u015f ay \u00f6nce hangi birim fiyattan elektrik \u00f6d\u00fcyorsak, \u015fimdi ondan \u00f6d\u00fcyoruz. Vatanda\u015f\u0131n cebinden art\u0131 bir para \u00e7\u0131kt\u0131 m\u0131? Hay\u0131r, art\u0131 bir para yok. \u00d6nceki ay ayn\u0131 birim miktarda elektri\u011fi kullanm\u0131\u015fsa, ona 65 lira \u00f6demi\u015fse, yine bu ayda 65 lira \u00f6deyecek. Bundan yana s\u0131k\u0131nt\u0131 yok. Biz denetlemelerimize devam ediyoruz. Uyar\u0131lar\u0131m\u0131z\u0131 yap\u0131yoruz. Her \u015firketin g\u00f6revini do\u011fru yapmas\u0131n\u0131 temin ediyoruz.\u201d<br \/>\nPiyasada \u201cgizli zam, a\u00e7\u0131k zam var m\u0131d\u0131r\u201d denildi\u011fine i\u015faret eden Y\u0131ld\u0131z, aral\u0131k ve ocak aylar\u0131nda elektrik fiyatlar\u0131na a\u00e7\u0131k veya gizli zam yapmad\u0131klar\u0131n\u0131 s\u00f6yledi.<\/p>\n<p style=\"color: #000000;\">Kaynak: <a href=\"http:\/\/enerjienstitusu.com\/2015\/02\/09\/bakan-yildiz-yuksek-elektrik-faturasi-telafi-edilecek\/\" target=\"_blank\" rel=\"nofollow\">Enerji Enstit\u00fcs\u00fc<\/a><\/p>\n<p><\/p>","protected":false},"excerpt":{"rendered":"<p>Sorry, this entry is only available in Turkish. For the sake of viewer convenience, the content is shown below in the alternative language. You may click the link to switch the active language. Enerji Bakan\u0131 Taner Y\u0131ld\u0131z, elektrik da\u011f\u0131t\u0131m \u015firketlerinin Aral\u0131k\u2019ta kesmesi gereken faturas\u0131 Ocak\u2019ta kesmesine ili\u015fkin a\u00e7\u0131klama yapt\u0131. Enerji ve Tabii Kaynaklar Bakan\u0131 Taner [&hellip;]<\/p>\n","protected":false},"author":1,"featured_media":36237,"comment_status":"open","ping_status":"open","sticky":false,"template":"","format":"standard","meta":[],"categories":[51,53],"tags":[16937,68,1079,61,343,19590,19638,10325,63,67,1009,165,667,21312],"views":1031,"_links":{"self":[{"href":"https:\/\/www.enerjigazetesi.ist\/en\/wp-json\/wp\/v2\/posts\/36236"}],"collection":[{"href":"https:\/\/www.enerjigazetesi.ist\/en\/wp-json\/wp\/v2\/posts"}],"about":[{"href":"https:\/\/www.enerjigazetesi.ist\/en\/wp-json\/wp\/v2\/types\/post"}],"author":[{"embeddable":true,"href":"https:\/\/www.enerjigazetesi.ist\/en\/wp-json\/wp\/v2\/users\/1"}],"replies":[{"embeddable":true,"href":"https:\/\/www.enerjigazetesi.ist\/en\/wp-json\/wp\/v2\/comments?post=36236"}],"version-history":[{"count":1,"href":"https:\/\/www.enerjigazetesi.ist\/en\/wp-json\/wp\/v2\/posts\/36236\/revisions"}],"predecessor-version":[{"id":36238,"href":"https:\/\/www.enerjigazetesi.ist\/en\/wp-json\/wp\/v2\/posts\/36236\/revisions\/36238"}],"wp:featuredmedia":[{"embeddable":true,"href":"https:\/\/www.enerjigazetesi.ist\/en\/wp-json\/wp\/v2\/media\/36237"}],"wp:attachment":[{"href":"https:\/\/www.enerjigazetesi.ist\/en\/wp-json\/wp\/v2\/media?parent=36236"}],"wp:term":[{"taxonomy":"category","embeddable":true,"href":"https:\/\/www.enerjigazetesi.ist\/en\/wp-json\/wp\/v2\/categories?post=36236"},{"taxonomy":"post_tag","embeddable":true,"href":"https:\/\/www.enerjigazetesi.ist\/en\/wp-json\/wp\/v2\/tags?post=36236"}],"curies":[{"name":"wp","href":"https:\/\/api.w.org\/{rel}","templated":true}]}}