{"id":36194,"date":"2015-02-07T22:53:16","date_gmt":"2015-02-07T19:53:16","guid":{"rendered":"https:\/\/www.enerjigazetesi.ist\/?p=36194"},"modified":"2015-02-07T22:53:16","modified_gmt":"2015-02-07T19:53:16","slug":"geslere-2017ye-kadar-belediye-harci-yok","status":"publish","type":"post","link":"https:\/\/www.enerjigazetesi.ist\/en\/geslere-2017ye-kadar-belediye-harci-yok\/","title":{"rendered":"(Turkish) GES`lere 2017`ye Kadar Belediye Harc\u0131 Yok!"},"content":{"rendered":"<p class=\"qtranxs-available-languages-message qtranxs-available-languages-message-en\">Sorry, this entry is only available in <a href=\"https:\/\/www.enerjigazetesi.ist\/tr\/wp-json\/wp\/v2\/posts\/36194\" class=\"qtranxs-available-language-link qtranxs-available-language-link-tr\" title=\"Turkish\">Turkish<\/a>. For the sake of viewer convenience, the content is shown below in the alternative language. You may click the link to switch the active language.<\/p><p><strong>Belediyeler, k\u00f6y t\u00fczel ki\u015fili\u011fi kald\u0131r\u0131larak mahalleye d\u00f6n\u00fc\u015ft\u00fcr\u00fclen yerlerde 2017 y\u0131l\u0131 sonuna kadar har\u00e7 almayacak.<\/strong><a href=\"https:\/\/www.enerjigazetesi.ist\/wp-content\/uploads\/2015\/02\/geslere-2017ye-kadar-belediye-harci-yok.jpg\"><img loading=\"lazy\" class=\"alignleft wp-image-36195 size-medium\" src=\"https:\/\/www.enerjigazetesi.ist\/wp-content\/uploads\/2015\/02\/geslere-2017ye-kadar-belediye-harci-yok-300x199.jpg\" alt=\"geslere-2017ye-kadar-belediye-harci-yok\" width=\"300\" height=\"199\" srcset=\"https:\/\/www.enerjigazetesi.ist\/wp-content\/uploads\/2015\/02\/geslere-2017ye-kadar-belediye-harci-yok-300x199.jpg 300w, https:\/\/www.enerjigazetesi.ist\/wp-content\/uploads\/2015\/02\/geslere-2017ye-kadar-belediye-harci-yok-500x332.jpg 500w, https:\/\/www.enerjigazetesi.ist\/wp-content\/uploads\/2015\/02\/geslere-2017ye-kadar-belediye-harci-yok-75x50.jpg 75w, https:\/\/www.enerjigazetesi.ist\/wp-content\/uploads\/2015\/02\/geslere-2017ye-kadar-belediye-harci-yok.jpg 640w\" sizes=\"(max-width: 300px) 100vw, 300px\" \/><\/a><\/p>\n<p>Antalya B\u00fcy\u00fck\u015fehir Belediyesi`nin, bir g\u00fcne\u015f enerjisi yat\u0131r\u0131mc\u0131s\u0131n\u0131n ba\u015fvurusuna verdi\u011fi cevapta, B\u00fcy\u00fck\u015fehir Belediyesi Kanunu`nun ilgili maddesine g\u00f6re, k\u00f6y t\u00fczel ki\u015fili\u011fi kald\u0131r\u0131larak mahalleye d\u00f6n\u00fc\u015ft\u00fcr\u00fclen yerlerde 2017 y\u0131l\u0131 sonuna kadar yap\u0131lan yat\u0131r\u0131mlardan belediye harc\u0131 al\u0131nmayaca\u011f\u0131n\u0131 ifade etti.<\/p>\n<p>Enerji yat\u0131r\u0131mlar\u0131nda arazi planlama \u00e7al\u0131\u015fmalar\u0131nda da olduk\u00e7a \u00f6nemli olan bu durumun hukuksal dayana\u011f\u0131 6360 say\u0131l\u0131 Kanun. Bu Kanun kapsam\u0131nda al\u0131nmas\u0131 gereken emlak vergisi ve Belediyelerin alacaklar\u0131 vergi, har\u00e7 ve kat\u0131l\u0131m paylar\u0131 31 Aral\u0131k 2017 tarihine kadar (bu tarih dahil) al\u0131nmayacak.<\/p>\n<p>Ayn\u0131 kanun kapsam\u0131nda, bu yerlerde i\u00e7me ve kullanma sular\u0131 i\u00e7in al\u0131nacak \u00fccret 2017 y\u0131l\u0131n\u0131n sonuna kadarbe\u015f y\u0131l s\u00fcreyle en d\u00fc\u015f\u00fck tarifenin % 25`ini ge\u00e7emeyecek \u015fekilde belirlenecek.<\/p>\n<p>Kaynak: <a href=\"http:\/\/enerjigunlugu.net\/geslere-2017ye-kadar-belediye-harci-yok_12133.html\" target=\"_blank\" rel=\"nofollow\">Enerji G\u00fcnl\u00fc\u011f\u00fc<\/a><\/p>","protected":false},"excerpt":{"rendered":"<p>Sorry, this entry is only available in Turkish. For the sake of viewer convenience, the content is shown below in the alternative language. You may click the link to switch the active language.Belediyeler, k\u00f6y t\u00fczel ki\u015fili\u011fi kald\u0131r\u0131larak mahalleye d\u00f6n\u00fc\u015ft\u00fcr\u00fclen yerlerde 2017 y\u0131l\u0131 sonuna kadar har\u00e7 almayacak. Antalya B\u00fcy\u00fck\u015fehir Belediyesi`nin, bir g\u00fcne\u015f enerjisi yat\u0131r\u0131mc\u0131s\u0131n\u0131n ba\u015fvurusuna verdi\u011fi [&hellip;]<\/p>\n","protected":false},"author":1,"featured_media":36195,"comment_status":"open","ping_status":"open","sticky":false,"template":"","format":"standard","meta":[],"categories":[53,49],"tags":[21276,63,67,1009,2698,165,532,227,13,21277,21278,5793],"views":965,"_links":{"self":[{"href":"https:\/\/www.enerjigazetesi.ist\/en\/wp-json\/wp\/v2\/posts\/36194"}],"collection":[{"href":"https:\/\/www.enerjigazetesi.ist\/en\/wp-json\/wp\/v2\/posts"}],"about":[{"href":"https:\/\/www.enerjigazetesi.ist\/en\/wp-json\/wp\/v2\/types\/post"}],"author":[{"embeddable":true,"href":"https:\/\/www.enerjigazetesi.ist\/en\/wp-json\/wp\/v2\/users\/1"}],"replies":[{"embeddable":true,"href":"https:\/\/www.enerjigazetesi.ist\/en\/wp-json\/wp\/v2\/comments?post=36194"}],"version-history":[{"count":1,"href":"https:\/\/www.enerjigazetesi.ist\/en\/wp-json\/wp\/v2\/posts\/36194\/revisions"}],"predecessor-version":[{"id":36196,"href":"https:\/\/www.enerjigazetesi.ist\/en\/wp-json\/wp\/v2\/posts\/36194\/revisions\/36196"}],"wp:featuredmedia":[{"embeddable":true,"href":"https:\/\/www.enerjigazetesi.ist\/en\/wp-json\/wp\/v2\/media\/36195"}],"wp:attachment":[{"href":"https:\/\/www.enerjigazetesi.ist\/en\/wp-json\/wp\/v2\/media?parent=36194"}],"wp:term":[{"taxonomy":"category","embeddable":true,"href":"https:\/\/www.enerjigazetesi.ist\/en\/wp-json\/wp\/v2\/categories?post=36194"},{"taxonomy":"post_tag","embeddable":true,"href":"https:\/\/www.enerjigazetesi.ist\/en\/wp-json\/wp\/v2\/tags?post=36194"}],"curies":[{"name":"wp","href":"https:\/\/api.w.org\/{rel}","templated":true}]}}