{"id":36176,"date":"2015-02-07T13:47:56","date_gmt":"2015-02-07T10:47:56","guid":{"rendered":"https:\/\/www.enerjigazetesi.ist\/?p=36176"},"modified":"2015-02-07T13:47:56","modified_gmt":"2015-02-07T10:47:56","slug":"yildiz-kayip-kacaklari-bir-maliyet-unsuru-olarak-goruyoruz","status":"publish","type":"post","link":"https:\/\/www.enerjigazetesi.ist\/en\/yildiz-kayip-kacaklari-bir-maliyet-unsuru-olarak-goruyoruz\/","title":{"rendered":"(Turkish) Y\u0131ld\u0131z: \u201cKay\u0131p-Ka\u00e7aklar\u0131 Bir Maliyet Unsuru Olarak G\u00f6r\u00fcyoruz!\u201d"},"content":{"rendered":"<p class=\"qtranxs-available-languages-message qtranxs-available-languages-message-en\">Sorry, this entry is only available in <a href=\"https:\/\/www.enerjigazetesi.ist\/tr\/wp-json\/wp\/v2\/posts\/36176\" class=\"qtranxs-available-language-link qtranxs-available-language-link-tr\" title=\"Turkish\">Turkish<\/a>. For the sake of viewer convenience, the content is shown below in the alternative language. You may click the link to switch the active language.<\/p><p><strong>Enerji ve Tabii Kaynaklar Bakan\u0131 Taner Y\u0131ld\u0131z, elektrik faturalar\u0131nda kay\u0131p ka\u00e7ak bedellerinin vatanda\u015flardan al\u0131nmaya devam edilmesine y\u00f6nelik Meclis\u2019e gelen kanun tasar\u0131s\u0131 hakk\u0131nda, \u201cKay\u0131plar zaten maliyetin i\u00e7indeki bir unsurdur.\u201d \u015feklinde konu\u015ftu.<\/strong><span id=\"more-70232\"><\/span><\/p>\n<p>Y\u0131ld\u0131z, \u201cAyn\u0131 \u015fekilde ka\u00e7aklar\u0131 da makul bir seviyeye indirene kadar yine maliyet unsuru olarak g\u00f6r\u00fcyoruz. Herhangi bir da\u011f\u0131t\u0131m ba\u015fl\u0131\u011f\u0131 alt\u0131nda al\u0131nm\u0131\u015f olmas\u0131n\u0131 veya bununla alakal\u0131 kanuni d\u00fczenlemeyi de bu gerek\u00e7eyle getiriyoruz.\u201d dedi.\u00a0E<a href=\"https:\/\/www.enerjigazetesi.ist\/wp-content\/uploads\/2015\/02\/yildiz-kayip-kacaklari-bir-maliyet-unsuru-olarak-goruyoruz.jpg\"><img loading=\"lazy\" class=\"alignleft wp-image-36177 size-medium\" src=\"https:\/\/www.enerjigazetesi.ist\/wp-content\/uploads\/2015\/02\/yildiz-kayip-kacaklari-bir-maliyet-unsuru-olarak-goruyoruz-300x128.jpg\" alt=\"yildiz-kayip-kacaklari-bir-maliyet-unsuru-olarak-goruyoruz\" width=\"300\" height=\"128\" srcset=\"https:\/\/www.enerjigazetesi.ist\/wp-content\/uploads\/2015\/02\/yildiz-kayip-kacaklari-bir-maliyet-unsuru-olarak-goruyoruz-300x128.jpg 300w, https:\/\/www.enerjigazetesi.ist\/wp-content\/uploads\/2015\/02\/yildiz-kayip-kacaklari-bir-maliyet-unsuru-olarak-goruyoruz-500x214.jpg 500w, https:\/\/www.enerjigazetesi.ist\/wp-content\/uploads\/2015\/02\/yildiz-kayip-kacaklari-bir-maliyet-unsuru-olarak-goruyoruz-80x34.jpg 80w, https:\/\/www.enerjigazetesi.ist\/wp-content\/uploads\/2015\/02\/yildiz-kayip-kacaklari-bir-maliyet-unsuru-olarak-goruyoruz.jpg 870w\" sizes=\"(max-width: 300px) 100vw, 300px\" \/><\/a>nerji Bakan\u0131 Taner Y\u0131ld\u0131z, Enerji Bakanl\u0131\u011f\u0131\u2019nda Ankara B\u00fcy\u00fck\u015fehir Belediyesi \u00c7ocuk Meclisi \u00fcyelerini kabul etti. Burada \u00e7ocuklarla sohbet eden ve onlar\u0131n sorular\u0131n\u0131 cevaplayan Bakan Y\u0131ld\u0131z, ard\u0131ndan da gazetecilerin sorular\u0131n\u0131 cevaplad\u0131. Kendisine ilk olarak\u00a0son Bakanlar Kurulu\u2019nda da ele al\u0131nan, Dicle Elektrik Da\u011f\u0131t\u0131m A.\u015e. ile Diyarbak\u0131r B\u00fcy\u00fck\u015fehir Belediyesi Su ve Kanalizasyon \u0130daresi Genel M\u00fcd\u00fcrl\u00fc\u011f\u00fc aras\u0131nda ya\u015fanan elektrik krizi soruldu.<\/p>\n<p>Taner Y\u0131ld\u0131z ilk olarak, \u201c\u00d6ncelikle bu yap\u0131land\u0131rmaya olumlu cevap veren Batman Belediye Ba\u015fkan\u0131m\u0131za ve bu manada yap\u0131land\u0131rma isteyen, bor\u00e7lar\u0131n\u0131 \u00f6demek isteyen b\u00fct\u00fcn belediye ba\u015fkanlar\u0131m\u0131za pe\u015finen te\u015fekk\u00fcr ediyorum. \u00c7\u00fcnk\u00fc bu hepimizin mal\u0131.\u201d dedi.<\/p>\n<p>Elektri\u011fin, Edirne\u2019den Kars\u2019a var\u0131ncaya kadar T\u00fcrkiye\u2019nin tamam\u0131n\u0131n ortak mal\u0131 oldu\u011funu belirten Y\u0131ld\u0131z, \u201c\u00d6zelle\u015ftirilmeden \u00f6nce b\u00f6lgede elektrik faaliyetlerini y\u00fcr\u00fcten TEDA\u015e\u2019\u0131n ve \u00f6zel sekt\u00f6r\u00fcn toplam 2 milyar TL civar\u0131nda alaca\u011f\u0131 vard\u0131. \u015eu ana kadar TEDA\u015e alacaklar\u0131ndan belediyeler y\u00fczde 75\u2019ine olumlu cevap verdiler ve 743 milyon TL\u2019lik bir yap\u0131land\u0131rma sundular. \u00d6d\u00fcyor olmalar\u0131 halinde bu T\u00fcrkiye\u2019nin kazanc\u0131 olacak. Cari bor\u00e7lar\u0131n, yani g\u00fcnl\u00fck bor\u00e7lar\u0131n\u0131 \u00f6deyenler de ayn\u0131 \u015fekilde T\u00fcrkiye\u2019nin kalk\u0131nmas\u0131na, b\u00fcy\u00fcmesine katk\u0131 koyacaklar. O y\u00fczden \u00f6demeleriyle alakal\u0131 ne kadar taksit istiyorlarsa o kolayl\u0131klar sa\u011flanacakt\u0131r.\u201d dedi.<\/p>\n<p>Bu manada Batman Belediyesi\u2019nin g\u00f6sterdi\u011fi hassasiyeti Diyarbak\u0131r ve di\u011fer illerin ayn\u0131 \u015fekilde hassasiyet g\u00f6sterece\u011fine inand\u0131\u011f\u0131n\u0131 ifade eden Bakan Y\u0131ld\u0131z, \u201c\u0130sim saymak istemem, bu \u00fclke 81 iliyle beraber hepimizin ve her birimizin ortak sorumluluklar\u0131 var. Hem vatanda\u015fl\u0131k hem de \u00fclkesine olan sorumluluklar\u0131 itibar\u0131yla bunlar\u0131 yerine getirmemiz gerekiyor.\u201d \u015feklinde konu\u015ftu.<\/p>\n<p>Bakan Y\u0131ld\u0131z\u2019a ard\u0131ndan Meclis\u2019e gelen tasar\u0131yla, elektrik faturalar\u0131ndaki kay\u0131p-ka\u00e7ak bedellerinin vatanda\u015ftan al\u0131nmaya devam edilece\u011fi iddialar\u0131 soruldu. Bakan Y\u0131ld\u0131z, \u201cBiz kay\u0131p-ka\u00e7aklar\u0131 bir maliyet unsuru olarak g\u00f6r\u00fcyoruz. Kay\u0131p-ka\u00e7aklar\u0131n azalt\u0131lmas\u0131na d\u00f6n\u00fck hedeflerimizden vazge\u00e7mi\u015f de\u011filiz. Bu hedeflerimiz do\u011frultusunda gidece\u011fiz. T\u00fcrkiye\u2019deki 21 b\u00f6lgeden 18 b\u00f6lgenin ortalama kay\u0131p-ka\u00e7ak oran\u0131n\u0131n Avrupa Birli\u011fi \u00fcyesi \u00fclkelerin kay\u0131p-ka\u00e7ak oran\u0131ndan daha d\u00fc\u015f\u00fck. Demek ki do\u011fru bir i\u015f yap\u0131yoruz. Ama \u00fc\u00e7 b\u00f6lgedeki hadise, yaln\u0131zca teknik bir \u00e7al\u0131\u015fmadan \u00e7\u0131km\u0131\u015ft\u0131r. Ayn\u0131 zamanda baz\u0131 siyasi ve sosyal olaylar\u0131n g\u00f6lgesi alt\u0131nda kalm\u0131\u015ft\u0131r. O y\u00fczden o fakt\u00f6r\u00fc minimize ederek bunu yapmak zorunday\u0131z. Kay\u0131plar zaten maliyetin i\u00e7indeki bir unsurdur. Ayn\u0131 \u015fekilde ka\u00e7aklar\u0131 da makul bir seviyeye indirene kadar yine maliyet unsuru olarak g\u00f6r\u00fcyoruz. Herhangi bir da\u011f\u0131t\u0131m ba\u015fl\u0131\u011f\u0131 alt\u0131nda al\u0131nm\u0131\u015f olmas\u0131n\u0131 veya bununla alakal\u0131 kanuni d\u00fczenlemeyi de bu gerek\u00e7eyle getiriyoruz. T\u00fcrkiye\u2019nin b\u00fct\u00fcn toplad\u0131\u011f\u0131 paralar, yine T\u00fcrkiye\u2019nin tamam\u0131na, 77 milyonla payla\u015f\u0131lan paralard\u0131r. \u015eu anda elektri\u011fin girmedi\u011fi herhangi bir ev olmad\u0131\u011f\u0131 i\u00e7in bu konudaki d\u00fczenleme yine vatanda\u015f\u0131n tamam\u0131yla alakal\u0131d\u0131r. \u00d6n\u00fcm\u00fczdeki haftalarda gerek komisyonlarda, gerekse Genel Kurul\u2019da s\u0131ra buluyor olmas\u0131 halinde o kanun tasar\u0131s\u0131n\u0131n kanunla\u015fmas\u0131 i\u00e7in g\u00f6r\u00fc\u015fmelerimize devam edece\u011fiz.\u201d \u015feklinde konu\u015ftu.<\/p>","protected":false},"excerpt":{"rendered":"<p>Sorry, this entry is only available in Turkish. For the sake of viewer convenience, the content is shown below in the alternative language. You may click the link to switch the active language.Enerji ve Tabii Kaynaklar Bakan\u0131 Taner Y\u0131ld\u0131z, elektrik faturalar\u0131nda kay\u0131p ka\u00e7ak bedellerinin vatanda\u015flardan al\u0131nmaya devam edilmesine y\u00f6nelik Meclis\u2019e gelen kanun tasar\u0131s\u0131 hakk\u0131nda, \u201cKay\u0131plar [&hellip;]<\/p>\n","protected":false},"author":1,"featured_media":36177,"comment_status":"open","ping_status":"open","sticky":false,"template":"","format":"standard","meta":[],"categories":[51,53],"tags":[710,68,61,63,67,1009,2698,165,498,667],"views":810,"_links":{"self":[{"href":"https:\/\/www.enerjigazetesi.ist\/en\/wp-json\/wp\/v2\/posts\/36176"}],"collection":[{"href":"https:\/\/www.enerjigazetesi.ist\/en\/wp-json\/wp\/v2\/posts"}],"about":[{"href":"https:\/\/www.enerjigazetesi.ist\/en\/wp-json\/wp\/v2\/types\/post"}],"author":[{"embeddable":true,"href":"https:\/\/www.enerjigazetesi.ist\/en\/wp-json\/wp\/v2\/users\/1"}],"replies":[{"embeddable":true,"href":"https:\/\/www.enerjigazetesi.ist\/en\/wp-json\/wp\/v2\/comments?post=36176"}],"version-history":[{"count":1,"href":"https:\/\/www.enerjigazetesi.ist\/en\/wp-json\/wp\/v2\/posts\/36176\/revisions"}],"predecessor-version":[{"id":36178,"href":"https:\/\/www.enerjigazetesi.ist\/en\/wp-json\/wp\/v2\/posts\/36176\/revisions\/36178"}],"wp:featuredmedia":[{"embeddable":true,"href":"https:\/\/www.enerjigazetesi.ist\/en\/wp-json\/wp\/v2\/media\/36177"}],"wp:attachment":[{"href":"https:\/\/www.enerjigazetesi.ist\/en\/wp-json\/wp\/v2\/media?parent=36176"}],"wp:term":[{"taxonomy":"category","embeddable":true,"href":"https:\/\/www.enerjigazetesi.ist\/en\/wp-json\/wp\/v2\/categories?post=36176"},{"taxonomy":"post_tag","embeddable":true,"href":"https:\/\/www.enerjigazetesi.ist\/en\/wp-json\/wp\/v2\/tags?post=36176"}],"curies":[{"name":"wp","href":"https:\/\/api.w.org\/{rel}","templated":true}]}}