{"id":36139,"date":"2015-02-06T11:00:55","date_gmt":"2015-02-06T08:00:55","guid":{"rendered":"https:\/\/www.enerjigazetesi.ist\/?p=36139"},"modified":"2015-02-06T11:00:55","modified_gmt":"2015-02-06T08:00:55","slug":"yildiz-turk-akimi-projesi-icin-fiziken-arastirmaya-giriyoruz","status":"publish","type":"post","link":"https:\/\/www.enerjigazetesi.ist\/en\/yildiz-turk-akimi-projesi-icin-fiziken-arastirmaya-giriyoruz\/","title":{"rendered":"(Turkish) Y\u0131ld\u0131z: \u201cT\u00fcrk Ak\u0131m\u0131 Projesi \u0130\u00e7in Fiziken Ara\u015ft\u0131rmaya Giriyoruz&#8230;\u201d"},"content":{"rendered":"<p class=\"qtranxs-available-languages-message qtranxs-available-languages-message-en\">Sorry, this entry is only available in <a href=\"https:\/\/www.enerjigazetesi.ist\/tr\/wp-json\/wp\/v2\/posts\/36139\" class=\"qtranxs-available-language-link qtranxs-available-language-link-tr\" title=\"Turkish\">Turkish<\/a>. For the sake of viewer convenience, the content is shown below in the alternative language. You may click the link to switch the active language.<\/p><p><\/p>\n<p style=\"color: #000000;\"><strong>Enerji ve Tabii Kaynaklar Bakan\u0131 Taner Y\u0131ld\u0131z, T\u00fcrk Ak\u0131m\u0131 projesi i\u00e7in Cumartesi g\u00fcn\u00fc fiziken bir ara\u015ft\u0131rma i\u00e7ine girdiklerini belirterek, \u201cGazprom ve BOTA\u015e g\u00f6revlendirilmi\u015ftir\u201d dedi.<\/strong><span id=\"more-70221\"><\/span><\/p>\n<p style=\"color: #000000;\">TBMM i\u015f birli\u011finde Avrupa Birli\u011fi kat\u0131l\u0131m \u00f6ncesi \u00fclke meclisleri ve Avrupa Parlamentosu \u00fcyeleriyle \u201cBat\u0131 Balkanlar ve T\u00fcrkiye\u2019de Enerji G\u00fcvenli\u011fi, Enerji Verimlili\u011fi ve Ba\u011flant\u0131lar\u0131\u201d ba\u015fl\u0131kl\u0131 parlamentolararas\u0131 semin<a href=\"https:\/\/www.enerjigazetesi.ist\/wp-content\/uploads\/2015\/02\/yildiz-turk-akimi-projesi-icin-fiziken-arastirmaya-giriyoruz.jpg\"><img loading=\"lazy\" class=\"alignleft wp-image-36140 size-medium\" src=\"https:\/\/www.enerjigazetesi.ist\/wp-content\/uploads\/2015\/02\/yildiz-turk-akimi-projesi-icin-fiziken-arastirmaya-giriyoruz-300x168.jpg\" alt=\"yildiz-turk-akimi-projesi-icin-fiziken-arastirmaya-giriyoruz\" width=\"300\" height=\"168\" srcset=\"https:\/\/www.enerjigazetesi.ist\/wp-content\/uploads\/2015\/02\/yildiz-turk-akimi-projesi-icin-fiziken-arastirmaya-giriyoruz-300x168.jpg 300w, https:\/\/www.enerjigazetesi.ist\/wp-content\/uploads\/2015\/02\/yildiz-turk-akimi-projesi-icin-fiziken-arastirmaya-giriyoruz-500x281.jpg 500w, https:\/\/www.enerjigazetesi.ist\/wp-content\/uploads\/2015\/02\/yildiz-turk-akimi-projesi-icin-fiziken-arastirmaya-giriyoruz-80x44.jpg 80w, https:\/\/www.enerjigazetesi.ist\/wp-content\/uploads\/2015\/02\/yildiz-turk-akimi-projesi-icin-fiziken-arastirmaya-giriyoruz.jpg 870w\" sizes=\"(max-width: 300px) 100vw, 300px\" \/><\/a>er, TBMM T\u00f6ren Salonunda ba\u015flad\u0131.<\/p>\n<p style=\"color: #000000;\">Bakan Y\u0131ld\u0131z, enerjinin, uluslararas\u0131 ili\u015fkilerden ar\u0131nd\u0131r\u0131lamayacak kadar b\u00fcy\u00fck projelerde hem arz g\u00fcvenli\u011fiyle ilgili konularda hem de bar\u0131\u015f\u0131n gerek\u00e7esi olarak \u00e7ok \u00f6nemli bir ba\u015fl\u0131k oldu\u011funu s\u00f6yledi.<\/p>\n<p style=\"color: #000000;\">Y\u0131ld\u0131z, T\u00fcrkiye\u2019nin co\u011frafyas\u0131ndan kaynaklanan bir\u00e7ok avantaj\u0131, kom\u015fu \u00fclkeler ve Avrupa Birli\u011fi (AB) \u00fcyesi \u00fclkelerle payla\u015fma niyetinde oldu\u011funu bildirdi.<\/p>\n<p style=\"color: #000000;\">T\u00fcrkiye\u2019nin bir\u00e7ok alanda yapt\u0131\u011f\u0131 i\u015flemlerle son 12 y\u0131lda, GSYH\u2019y\u0131 \u00fc\u00e7 kat\u0131na, enerji sekt\u00f6r\u00fcyle ilgili alanlarda da iki kat\u0131ndan daha fazlas\u0131na \u00e7\u0131kard\u0131\u011f\u0131n\u0131 anlatan Y\u0131ld\u0131z, proje geli\u015ftirme kabiliyetinin her ge\u00e7en y\u0131l daha da artt\u0131\u011f\u0131n\u0131 kaydetti.<\/p>\n<p style=\"color: #000000;\">AB\u2019ye girme s\u00fcrecinde siyasi gerek\u00e7elerle enerji ba\u015fl\u0131\u011f\u0131 a\u00e7\u0131lmam\u0131\u015f olsa da T\u00fcrkiye\u2019nin, niyetini ve gayretini de\u011fi\u015ftirmeyece\u011fini bildiren Y\u0131ld\u0131z, \u201cT\u00fcrkiye politika ve stratejilerine ayn\u0131 \u015fekilde ayn\u0131 kararl\u0131l\u0131kla devam edecektir\u201d diye konu\u015ftu.<\/p>\n<p style=\"color: #000000;\">Y\u0131ld\u0131z, T\u00fcrkiye\u2019nin, kom\u015fular\u0131na ve AB co\u011frafyas\u0131na rahat hitap edecek yap\u0131ya sahip oldu\u011funu vurgulad\u0131.<\/p>\n<p style=\"color: #000000;\">\u00dclkelerin siyasi politikalar\u0131n\u0131n zaman zaman de\u011fi\u015fkenlik g\u00f6sterdi\u011fini dile getiren Y\u0131ld\u0131z, \u015f\u00f6yle konu\u015ftu:<\/p>\n<p style=\"color: #000000;\">\u201cRusya Devlet Ba\u015fkan\u0131 Vladimir Putin\u2019in aral\u0131k ay\u0131nda T\u00fcrkiye ziyaretiyle G\u00fcney Ak\u0131m Projesi\u2019nin kendi ifadesiyle nihayet buldu\u011funu, sonland\u0131\u011f\u0131n\u0131 onun yerine de T\u00fcrk Ak\u0131m\u0131 dedi\u011fimiz yeni bir boru hatt\u0131 konseptini geli\u015ftirmi\u015ftir. Biz, bu proje i\u00e7in cumartesi g\u00fcn\u00fc fiziken bir ara\u015ft\u0131rma i\u00e7ine giriyoruz. Gazprom ve BOTA\u015e g\u00f6revlendirilmi\u015ftir. Bununla alakal\u0131 proje \u00e7al\u0131\u015fmalar\u0131 ba\u015flat\u0131ld\u0131. Hangi safhada neyi yapaca\u011f\u0131m\u0131z \u00f6n\u00fcm\u00fczdeki s\u00fcre\u00e7te belli olacak.\u201d<\/p>\n<p style=\"color: #000000;\">Kaynak: <a href=\"http:\/\/enerjienstitusu.com\/2015\/02\/06\/balan-yildiz-turk-akimi-projesi-icin-fiziken-arastirmaya-giriyoruz\/\" target=\"_blank\" rel=\"nofollow\">Enerji Enstit\u00fcs\u00fc<\/a><\/p>\n<p><\/p>","protected":false},"excerpt":{"rendered":"<p>Sorry, this entry is only available in Turkish. For the sake of viewer convenience, the content is shown below in the alternative language. You may click the link to switch the active language. Enerji ve Tabii Kaynaklar Bakan\u0131 Taner Y\u0131ld\u0131z, T\u00fcrk Ak\u0131m\u0131 projesi i\u00e7in Cumartesi g\u00fcn\u00fc fiziken bir ara\u015ft\u0131rma i\u00e7ine girdiklerini belirterek, \u201cGazprom ve BOTA\u015e [&hellip;]<\/p>\n","protected":false},"author":1,"featured_media":36140,"comment_status":"open","ping_status":"open","sticky":false,"template":"","format":"standard","meta":[],"categories":[46,53],"tags":[1192,2132,531,876,63,67,3136,1009,2698,165,1277,667,21238],"views":635,"_links":{"self":[{"href":"https:\/\/www.enerjigazetesi.ist\/en\/wp-json\/wp\/v2\/posts\/36139"}],"collection":[{"href":"https:\/\/www.enerjigazetesi.ist\/en\/wp-json\/wp\/v2\/posts"}],"about":[{"href":"https:\/\/www.enerjigazetesi.ist\/en\/wp-json\/wp\/v2\/types\/post"}],"author":[{"embeddable":true,"href":"https:\/\/www.enerjigazetesi.ist\/en\/wp-json\/wp\/v2\/users\/1"}],"replies":[{"embeddable":true,"href":"https:\/\/www.enerjigazetesi.ist\/en\/wp-json\/wp\/v2\/comments?post=36139"}],"version-history":[{"count":1,"href":"https:\/\/www.enerjigazetesi.ist\/en\/wp-json\/wp\/v2\/posts\/36139\/revisions"}],"predecessor-version":[{"id":36141,"href":"https:\/\/www.enerjigazetesi.ist\/en\/wp-json\/wp\/v2\/posts\/36139\/revisions\/36141"}],"wp:featuredmedia":[{"embeddable":true,"href":"https:\/\/www.enerjigazetesi.ist\/en\/wp-json\/wp\/v2\/media\/36140"}],"wp:attachment":[{"href":"https:\/\/www.enerjigazetesi.ist\/en\/wp-json\/wp\/v2\/media?parent=36139"}],"wp:term":[{"taxonomy":"category","embeddable":true,"href":"https:\/\/www.enerjigazetesi.ist\/en\/wp-json\/wp\/v2\/categories?post=36139"},{"taxonomy":"post_tag","embeddable":true,"href":"https:\/\/www.enerjigazetesi.ist\/en\/wp-json\/wp\/v2\/tags?post=36139"}],"curies":[{"name":"wp","href":"https:\/\/api.w.org\/{rel}","templated":true}]}}