{"id":36135,"date":"2015-02-06T10:57:01","date_gmt":"2015-02-06T07:57:01","guid":{"rendered":"https:\/\/www.enerjigazetesi.ist\/?p=36135"},"modified":"2015-02-06T10:57:17","modified_gmt":"2015-02-06T07:57:17","slug":"makale-elektrik-piyasasi-kanununda-yapilan-degisiklikler-neler-getiriyor","status":"publish","type":"post","link":"https:\/\/www.enerjigazetesi.ist\/en\/makale-elektrik-piyasasi-kanununda-yapilan-degisiklikler-neler-getiriyor\/","title":{"rendered":"(Turkish) Makale: Elektrik Piyasas\u0131 Kanunu\u2019nda Yap\u0131lan De\u011fi\u015fiklikler Neler Getiriyor?"},"content":{"rendered":"<p class=\"qtranxs-available-languages-message qtranxs-available-languages-message-en\">Sorry, this entry is only available in <a href=\"https:\/\/www.enerjigazetesi.ist\/tr\/wp-json\/wp\/v2\/posts\/36135\" class=\"qtranxs-available-language-link qtranxs-available-language-link-tr\" title=\"Turkish\">Turkish<\/a>. For the sake of viewer convenience, the content is shown below in the alternative language. You may click the link to switch the active language.<\/p><p><\/p>\n<p style=\"color: #000000;\"><strong>Elektrik \u00fcretiminden t\u00fcketime do\u011fru devam eden hizmet ak\u0131\u015f\u0131 bulunmaktad\u0131r. Her bir hizmetin de\u011fi\u015fik maliyetleri vard\u0131r. <\/strong><\/p>\n<p style=\"color: #000000;\">Enerji Bakanl\u0131\u011f\u0131 t\u00fcm bu maliyetlerin t\u00fcketiciye yans\u0131t\u0131lmas\u0131n\u0131 gerekli oldu\u011funu aksi bir durumda hizmetin s\u00fcrd\u00fcr\u00fclebilir olmayaca\u011f\u0131n\u0131 belirter<a href=\"https:\/\/www.enerjigazetesi.ist\/wp-content\/uploads\/2015\/02\/makale-elektrik-piyasasi-kanununda-yapilan-degisiklikler-neler-getiriyor.jpg\"><img loading=\"lazy\" class=\"alignright size-medium wp-image-36136\" src=\"https:\/\/www.enerjigazetesi.ist\/wp-content\/uploads\/2015\/02\/makale-elektrik-piyasasi-kanununda-yapilan-degisiklikler-neler-getiriyor-300x200.jpg\" alt=\"makale-elektrik-piyasasi-kanununda-yapilan-degisiklikler-neler-getiriyor\" width=\"300\" height=\"200\" srcset=\"https:\/\/www.enerjigazetesi.ist\/wp-content\/uploads\/2015\/02\/makale-elektrik-piyasasi-kanununda-yapilan-degisiklikler-neler-getiriyor-300x200.jpg 300w, https:\/\/www.enerjigazetesi.ist\/wp-content\/uploads\/2015\/02\/makale-elektrik-piyasasi-kanununda-yapilan-degisiklikler-neler-getiriyor-500x333.jpg 500w, https:\/\/www.enerjigazetesi.ist\/wp-content\/uploads\/2015\/02\/makale-elektrik-piyasasi-kanununda-yapilan-degisiklikler-neler-getiriyor-75x50.jpg 75w, https:\/\/www.enerjigazetesi.ist\/wp-content\/uploads\/2015\/02\/makale-elektrik-piyasasi-kanununda-yapilan-degisiklikler-neler-getiriyor.jpg 870w\" sizes=\"(max-width: 300px) 100vw, 300px\" \/><\/a>ek\u00a0<strong>Elektrik Piyasas\u0131 Kanunu ile Baz\u0131 Kanunlarda De\u011fi\u015fiklik Yap\u0131lmas\u0131na Dair Kanun Tasar\u0131s\u0131<\/strong>, 28 Ocak 2015 tarihinde Bakanlar Kurulu\u2019nda imzalanarak\u00a0<strong>T\u00fcrkiye B\u00fcy\u00fck Millet Meclisi<\/strong>\u2019ne g\u00f6nderilmi\u015ftir.<span id=\"more-70220\"><\/span><\/p>\n<p style=\"color: #000000;\">Bildi\u011finiz \u00fczere son d\u00f6nemde \u00e7ok say\u0131da dava t\u00fcketiciler yarar\u0131na sonu\u00e7lanm\u0131\u015ft\u0131r. Bunlardan en \u00f6nemlisi ise<strong>\u00a0Yarg\u0131tay Hukuk Genel Kurulu taraf\u0131ndan, 21.05 2014 tarihinde verilen (E: 2013\/7-2454, K: 2014\/679) karar<\/strong>\u00a0ile elektrik t\u00fcketiminden al\u0131nan\u00a0<strong>kay\u0131p-ka\u00e7ak bedelinin hukuk devleti ve adalet d\u00fc\u015f\u00fcncesi ile ba\u011fda\u015fmad\u0131\u011f\u0131na<\/strong>\u00a0h\u00fckmedilmi\u015f ve bu karar t\u00fcm hukuk yollar\u0131 t\u00fcketilerek kesinle\u015fmi\u015ftir.<\/p>\n<p style=\"color: #000000;\">Ge\u00e7ti\u011fimiz g\u00fcnlerde\u00a0<strong>Enerji ve Tabii Kaynaklar Bakan\u0131 Taner Y\u0131ld\u0131z<\/strong>\u00a0taraf\u0131ndan, Ocak ay\u0131 i\u00e7inde bu konuda\u00a0<strong>sistemi ve t\u00fcketicileri rahatlatacak\u00a0<\/strong>bir yasal d\u00fczenleme yap\u0131laca\u011f\u0131 bilgisi verilmi\u015ftir. Tasar\u0131 incelendi\u011finde,\u00a0<strong>Bakan Y\u0131ld\u0131z<\/strong>\u2019\u0131n s\u00f6yledi\u011finin aksine;\u00a0<strong>kay\u0131p-ka\u00e7ak bedelini yasalla\u015ft\u0131ran, dahas\u0131 bu bedel ile ilgili olarak yarg\u0131lama yetkisini s\u0131n\u0131rlayan d\u00fczenlemeler bulundu\u011fu<\/strong>g\u00f6r\u00fclmektedir. Yap\u0131lmak istenilen yasal d\u00fczenleme ile vatanda\u015flar\u0131n t\u00fcketici hakem heyetlerine ba\u015fvurmalar\u0131 ve bu yolla maddi hatalar d\u0131\u015f\u0131nda kendilerinden haks\u0131z tahsil edilen bedelleri talep etmelerinin \u00f6n\u00fc t\u0131kan\u0131yor.<\/p>\n<p style=\"color: #000000;\">Bahsi ge\u00e7en kanun tasar\u0131s\u0131 ile yap\u0131lmak istenilen de\u015fikliklerden baz\u0131lar\u0131n\u0131 a\u00e7\u0131klamak istiyoruz.<\/p>\n<ol style=\"color: #000000;\" start=\"10\">\n<li>Maddenin 4\/a isimli f\u0131kras\u0131nda ise ba\u011flant\u0131 tarifelerine yer verilmi\u015ftir. Elektrik aboneleri da\u011f\u0131t\u0131m \u015firketinin ba\u011flant\u0131 hatlar\u0131ndan elektrik almas\u0131 i\u00e7in bir maliyete katlanmas\u0131 durumunda bu bedelleri da\u011f\u0131t\u0131m \u015firketinden alabiliyordu. Bu tasar\u0131 ile ba\u011flant\u0131 i\u00e7in gerekli donan\u0131m\u0131n t\u00fcketici taraf\u0131ndan kar\u015f\u0131lanmas\u0131 durumunda bu bedeli geri alamayacak. T\u00fcketici taraf\u0131ndan katlan\u0131lan maliyet ba\u011flant\u0131 hatt\u0131n\u0131n i\u015fletme ve bak\u0131m sorumlulu\u011fu kar\u015f\u0131l\u0131\u011f\u0131 da\u011f\u0131t\u0131m \u015firketine devredebilecektir. Bu durum da\u011f\u0131t\u0131m \u015firketleri taraf\u0131ndan \u00e7ok b\u00fcy\u00fck bir ihtimalle suiistimal edilip her t\u00fcrl\u00fc durumda bu enerji nakil hatlar\u0131n\u0131n maliyeti t\u00fcketiciye yans\u0131t\u0131lacakt\u0131r.<\/li>\n<\/ol>\n<ol style=\"color: #000000;\" start=\"10\">\n<li>Maddenin 4\/\u00e7 maddesinde ise elektrik faturas\u0131 \u00fczerinden al\u0131nan t\u00fcm bedeller kanunda a\u00e7\u0131k\u00e7a yaz\u0131ld\u0131\u011f\u0131 g\u00f6r\u00fcl\u00fcyor. Kay\u0131p Ka\u00e7ak hedef oranlar\u0131n\u0131n EPDK taraf\u0131ndan belirlendi\u011fi bu hedefler ile Kay\u0131p Ka\u00e7ak Bedellerinin d\u00fc\u015f\u00fcr\u00fclmesinin hedeflendi\u011fi s\u00f6ylenmektedir. Ancak ge\u00e7mi\u015fteki kay\u0131p- ka\u00e7ak hedeflerine bak\u0131ld\u0131\u011f\u0131 zaman bir\u00e7ok da\u011f\u0131t\u0131m \u015firketinin bu hedeflerini tutturamad\u0131\u011f\u0131n\u0131 g\u00f6rmekteyiz. Buradan iki t\u00fcrl\u00fc sonu\u00e7 \u00e7\u0131kart\u0131labilir. Birincisi EPDK taraf\u0131ndan ger\u00e7ek\u00e7i olmayan hedefler belirlendi\u011finde hedefler tutturulam\u0131yor. \u0130kincisi ise devlet bu konuda nas\u0131l olsa bize tolerans g\u00f6sterir zihniyeti ile gerekli \u00e7al\u0131\u015fmalar yap\u0131lm\u0131yor. Bu hedeflerin tutturulamamas\u0131n\u0131n cezas\u0131 vatanda\u015fa y\u00fcklenmemelidir. Madde gerek\u00e7esinde da\u011f\u0131t\u0131m \u015firketlerinin kay\u0131p ka\u00e7ak oranlar\u0131n\u0131 d\u00fc\u015f\u00fcrmek i\u00e7in yat\u0131r\u0131m yapt\u0131klar\u0131ndan bahsediliyor. Ancak geldi\u011fimiz noktada TEDA\u015e g\u00fcnlerini arar olduk ve \u00fclkenin bir\u00e7ok yerinde haks\u0131z uygulamalar ve s\u0131k ya\u015fanan elektrik kesintilerinden vatanda\u015flar isyan eder vaziyete gelmi\u015ftir.<\/li>\n<\/ol>\n<p style=\"color: #000000;\">10.Maddenin 4\/f f\u0131kras\u0131nda ise EPDK kurulunca sosyal ve ekonomik durumlar g\u00f6zetilerek belirlenecek bir miktar\u0131n alt\u0131nda elektrik enerjisi t\u00fcketen aboneler i\u00e7in ayr\u0131 bir tarife \u00e7\u0131kar\u0131lmas\u0131n\u0131n \u00f6n\u00fc a\u00e7\u0131lm\u0131\u015f. Daha \u00f6nceden benzer bir uygulama olan Kalk\u0131nmada \u00d6ncelikli \u0130ller i\u00e7in daha ucuz bir tarifeden elektrik tedariki sa\u011flan\u0131yordu. Ancak sonradan bu tarife kalkt\u0131.<\/p>\n<p style=\"color: #000000;\">10.Madde\u2019nin gerek\u00e7elerinin son paragraf\u0131nda elektrik abonelerinin faturalar \u00fczerinden mahkemelere, t\u00fcketici hakem heyetlerine ve EPDK gibi d\u00fczenleyici kurumlara yapt\u0131\u011f\u0131 \u015fik\u00e2yetlerle elektrik piyasas\u0131nda faaliyet g\u00f6steren kurum ve kurulu\u015flar ile yarg\u0131 oranlar\u0131 gereksiz i\u015f y\u00fck\u00fc alt\u0131nda kal\u0131nd\u0131\u011f\u0131ndan bahsedilmi\u015ftir. Ben bu ifadeyi \u00e7ok talihsiz buluyorum. Anayasal bir hak olan \u201cHak Arama \u00d6zg\u00fcrl\u00fc\u011f\u00fc \u201dn\u00fc vatanda\u015f\u0131n kullan\u0131lmas\u0131 gereksiz i\u015f y\u00fck\u00fc olarak tan\u0131mlanm\u0131\u015ft\u0131r. T\u00fcketici kendisine haks\u0131zl\u0131k yap\u0131ld\u0131\u011f\u0131n\u0131 d\u00fc\u015f\u00fcnd\u00fc\u011f\u00fc her alanda hakk\u0131n\u0131 aramakta \u00f6zg\u00fcrd\u00fcr. Bu ifade ile t\u00fcketicilere haks\u0131zl\u0131k yap\u0131lm\u0131\u015ft\u0131r.<\/p>\n<p style=\"color: #000000;\">12.Madde de ise E\u00dcA\u015e\u2019 ba\u011fl\u0131 ortakl\u0131k, i\u015ftirak, i\u015fletme ve i\u015fletme birimleri ile varl\u0131klar\u0131na, kamu \u00fcretim \u015firketlerine ait elektrik \u00fcretim tesislerinin faaliyetlerinin durdurulamayaca\u011f\u0131 ve idari para cezas\u0131 kesilemeyece\u011fi belirtiliyor. Bu maddenin de suiistimal edilmesi durumunda \u00e7ok ciddi ma\u011fduriyetler ortaya \u00e7\u0131kabilir. Burada anlat\u0131lmak istenen zeytin a\u011fa\u00e7lar\u0131 y\u00fcz\u00fcnden mahkemenin santral in\u015faat\u0131n\u0131 durdurma ya da \u00e7evreyi kirletme sebebi ile ceza kesmesinin \u00f6n\u00fc kapat\u0131l\u0131yor.<\/p>\n<p style=\"color: #000000;\">13.Maddenin Ge\u00e7ici 19. Maddesinde ise elektrik kullan\u0131c\u0131lar\u0131 hakem heyeti ya da mahkeme yolu ile herhangi bir para iadesi almas\u0131 durumunda bunu tarife yoluyla yine t\u00fcketiciye \u00f6detilece\u011finden bahsedilmi\u015ftir. Bu durum kamuoyundaki adalet duygusunu ciddi anlamda zedeleyecektir.<\/p>\n<p style=\"color: #000000;\">Devletimiz, bu d\u00fczenlemeler ile Yarg\u0131tay Hukuk Genel Kurulu\u2019nun karar\u0131n\u0131 yok saymaktad\u0131r. Hukuk Genel Kurul karar\u0131n\u0131n gerek\u00e7esini dikkate almadan vatanda\u015flar\u0131n \u00f6dedi\u011fi faturalar \u00fczerinden elektrik \u015firketlerine kaynak aktar\u0131m\u0131 yap\u0131lacakt\u0131r<\/p>\n<p style=\"color: #000000;\">Bir\u00e7ok kesim taraf\u0131ndan beklenen mahkeme ve hakem heyetleri ile u\u011fra\u015fmadan devletin yapaca\u011f\u0131 d\u00fczenlemeler ile al\u0131nan bu haks\u0131z bedellerin iade edilmesi ya da yeni \u00e7\u0131kacak faturalara mahsup edilmesi beklenirken gelinen durum itibari ile b\u00fcy\u00fck bir hayal k\u0131r\u0131kl\u0131\u011f\u0131 ya\u015fanmaktad\u0131r. T\u00fcketiciler devletimiz taraf\u0131ndan elektrik da\u011f\u0131t\u0131m firmalar\u0131na teslim edilmi\u015ftir.<\/p>\n<p style=\"color: #000000;\">\u201cSosyal devlet; ferdin huzur ve refah\u0131n\u0131 ger\u00e7ekle\u015ftiren ve teminat alt\u0131na alan, ki\u015fi ve toplum aras\u0131nda denge kuran, emek ve sermaye ili\u015fkilerini dengeli olarak d\u00fczenleyen, \u00e7al\u0131\u015fanlar\u0131 koruyan, i\u015fsizli\u011fi \u00f6nleyici ve mill\u00ee gelirin adalete uygun bi\u00e7imde da\u011f\u0131lmas\u0131n\u0131 sa\u011flay\u0131c\u0131 tedbirler alan adaletli bir hukuk d\u00fczeni kuran ve hukuka ba\u011fl\u0131 kararl\u0131l\u0131k i\u00e7inde ve ger\u00e7ek\u00e7i bir \u00f6zg\u00fcrl\u00fck rejimini uygulayan devlet demektir.\u201d<\/p>\n<p style=\"color: #000000;\">Sosyal hukuk devleti ise, g\u00fc\u00e7s\u00fczleri g\u00fc\u00e7l\u00fcler kar\u015f\u0131s\u0131nda koruyarak ger\u00e7ek e\u015fitli\u011fi yani sosyal adaleti ve toplumsal dengeyi sa\u011flamakla y\u00fck\u00fcml\u00fc devlet demektir.<\/p>\n<p style=\"color: #000000;\">\u00c7\u0131kart\u0131lmak istenen bu yasa tasar\u0131s\u0131 ile sosyal devlet ve sosyal hukuk anlay\u0131\u015f\u0131 ile ba\u011fda\u015fmamakta ve vatanda\u015flar\u0131m\u0131z\u0131n hak arama \u00f6zg\u00fcrl\u00fc\u011f\u00fc elinden al\u0131nmak istenmektedir. Bu konuda her vatanda\u015f\u0131m\u0131z tepkisini g\u00f6stermelidir.<\/p>\n<p style=\"color: #000000;\"><strong>B\u00fclent \u00c7ebin<\/strong><\/p>\n<p style=\"color: #000000;\"><strong>T\u00fcketici G\u00fcvenli\u011fi Derne\u011fi\u00a0 Enerji Komisyonu Ba\u015fkan\u0131<\/strong><\/p>\n<p><\/p>","protected":false},"excerpt":{"rendered":"<p>Sorry, this entry is only available in Turkish. For the sake of viewer convenience, the content is shown below in the alternative language. You may click the link to switch the active language. Elektrik \u00fcretiminden t\u00fcketime do\u011fru devam eden hizmet ak\u0131\u015f\u0131 bulunmaktad\u0131r. Her bir hizmetin de\u011fi\u015fik maliyetleri vard\u0131r. Enerji Bakanl\u0131\u011f\u0131 t\u00fcm bu maliyetlerin t\u00fcketiciye yans\u0131t\u0131lmas\u0131n\u0131 [&hellip;]<\/p>\n","protected":false},"author":1,"featured_media":36136,"comment_status":"open","ping_status":"open","sticky":false,"template":"","format":"standard","meta":[],"categories":[51,53],"tags":[68,19590,1588,19,63,67,1009,2698,165,750,1033,498,667,1216,20516],"views":645,"_links":{"self":[{"href":"https:\/\/www.enerjigazetesi.ist\/en\/wp-json\/wp\/v2\/posts\/36135"}],"collection":[{"href":"https:\/\/www.enerjigazetesi.ist\/en\/wp-json\/wp\/v2\/posts"}],"about":[{"href":"https:\/\/www.enerjigazetesi.ist\/en\/wp-json\/wp\/v2\/types\/post"}],"author":[{"embeddable":true,"href":"https:\/\/www.enerjigazetesi.ist\/en\/wp-json\/wp\/v2\/users\/1"}],"replies":[{"embeddable":true,"href":"https:\/\/www.enerjigazetesi.ist\/en\/wp-json\/wp\/v2\/comments?post=36135"}],"version-history":[{"count":2,"href":"https:\/\/www.enerjigazetesi.ist\/en\/wp-json\/wp\/v2\/posts\/36135\/revisions"}],"predecessor-version":[{"id":36138,"href":"https:\/\/www.enerjigazetesi.ist\/en\/wp-json\/wp\/v2\/posts\/36135\/revisions\/36138"}],"wp:featuredmedia":[{"embeddable":true,"href":"https:\/\/www.enerjigazetesi.ist\/en\/wp-json\/wp\/v2\/media\/36136"}],"wp:attachment":[{"href":"https:\/\/www.enerjigazetesi.ist\/en\/wp-json\/wp\/v2\/media?parent=36135"}],"wp:term":[{"taxonomy":"category","embeddable":true,"href":"https:\/\/www.enerjigazetesi.ist\/en\/wp-json\/wp\/v2\/categories?post=36135"},{"taxonomy":"post_tag","embeddable":true,"href":"https:\/\/www.enerjigazetesi.ist\/en\/wp-json\/wp\/v2\/tags?post=36135"}],"curies":[{"name":"wp","href":"https:\/\/api.w.org\/{rel}","templated":true}]}}