{"id":36119,"date":"2015-02-05T14:09:49","date_gmt":"2015-02-05T11:09:49","guid":{"rendered":"https:\/\/www.enerjigazetesi.ist\/?p=36119"},"modified":"2015-02-05T16:55:56","modified_gmt":"2015-02-05T13:55:56","slug":"ve-turkiye-cerne-ortak-uye","status":"publish","type":"post","link":"https:\/\/www.enerjigazetesi.ist\/en\/ve-turkiye-cerne-ortak-uye\/","title":{"rendered":"(Turkish) Ve T\u00fcrkiye CERN`e Ortak \u00dcye&#8230;"},"content":{"rendered":"<p class=\"qtranxs-available-languages-message qtranxs-available-languages-message-en\">Sorry, this entry is only available in <a href=\"https:\/\/www.enerjigazetesi.ist\/tr\/wp-json\/wp\/v2\/posts\/36119\" class=\"qtranxs-available-language-link qtranxs-available-language-link-tr\" title=\"Turkish\">Turkish<\/a>. For the sake of viewer convenience, the content is shown below in the alternative language. You may click the link to switch the active language.<\/p><p><strong><span style=\"color: #000000;\">T\u00fcrkiye`nin Avrupa N\u00fckleer Ara\u015ft\u0131rma \u00d6rg\u00fct\u00fc`ne (CERN) ortak \u00fcyeli\u011fini d\u00fczenleyen anla\u015fma y\u00fcr\u00fcrl\u00fc\u011fe girdi.\u00a0<\/span><\/strong><br style=\"color: #000000;\" \/><br style=\"color: #000000;\" \/><\/p>\n<p>T\u00fcrkiye Cumhuriyeti ile Avrupa N\u00fckleer Ara\u015ft\u0131rma \u00d6rg\u00fct\u00fc CER<a href=\"https:\/\/www.enerjigazetesi.ist\/wp-content\/uploads\/2015\/02\/ve-turkiye-cerne-ortak-uye.jpg\"><img loading=\"lazy\" class=\"alignright size-medium wp-image-36120\" src=\"https:\/\/www.enerjigazetesi.ist\/wp-content\/uploads\/2015\/02\/ve-turkiye-cerne-ortak-uye-300x168.jpg\" alt=\"ve-turkiye-cerne-ortak-uye\" width=\"300\" height=\"168\" srcset=\"https:\/\/www.enerjigazetesi.ist\/wp-content\/uploads\/2015\/02\/ve-turkiye-cerne-ortak-uye-300x168.jpg 300w, https:\/\/www.enerjigazetesi.ist\/wp-content\/uploads\/2015\/02\/ve-turkiye-cerne-ortak-uye-80x45.jpg 80w, https:\/\/www.enerjigazetesi.ist\/wp-content\/uploads\/2015\/02\/ve-turkiye-cerne-ortak-uye.jpg 448w\" sizes=\"(max-width: 300px) 100vw, 300px\" \/><\/a>N aras\u0131nda CERN`de ortak \u00fcye stat\u00fcs\u00fc verilmesi hakk\u0131nda Anla\u015fma`n\u0131n onaylanmas\u0131 uygun bulundu.<\/p>\n<p>Kanun`un birinci maddesi \u015f\u00f6yle::<\/p>\n<p>&#8220;12 May\u0131s 2014 tarihinde Cenevre\u2019de imzalanan \u201cT\u00fcrkiye Cumhuriyeti ile Avrupa N\u00fckleer Ara\u015ft\u0131rma \u00d6rg\u00fct\u00fc (CERN) Aras\u0131nda CERN\u2019de Ortak \u00dcye Stat\u00fcs\u00fc Verilmesi Hakk\u0131nda Anla\u015fma\u201d ve Anla\u015fma\u2019ya dair beyan\u0131m\u0131z\u0131 i\u00e7eren Mektup\u2019un onaylanmas\u0131 uygun bulunmu\u015ftur.&#8221;<\/p>\n<p>Kanun Resmi Gazete`de yay\u0131nlanarak y\u00fcr\u00fcrl\u00fc\u011fe girdi.<br \/>\nKaynak: <a href=\"http:\/\/enerjigunlugu.net\/ve-turkiye-cerne-ortak-uye_12064.html#.VNNOsWisV8E\" target=\"_blank\" rel=\"nofollow\">Enerji G\u00fcnl\u00fc\u011f\u00fc<\/a><\/p>","protected":false},"excerpt":{"rendered":"<p>Sorry, this entry is only available in Turkish. For the sake of viewer convenience, the content is shown below in the alternative language. You may click the link to switch the active language.T\u00fcrkiye`nin Avrupa N\u00fckleer Ara\u015ft\u0131rma \u00d6rg\u00fct\u00fc`ne (CERN) ortak \u00fcyeli\u011fini d\u00fczenleyen anla\u015fma y\u00fcr\u00fcrl\u00fc\u011fe girdi.\u00a0 T\u00fcrkiye Cumhuriyeti ile Avrupa N\u00fckleer Ara\u015ft\u0131rma \u00d6rg\u00fct\u00fc CERN aras\u0131nda CERN`de ortak [&hellip;]<\/p>\n","protected":false},"author":1,"featured_media":36120,"comment_status":"open","ping_status":"open","sticky":false,"template":"","format":"standard","meta":[],"categories":[53,43],"tags":[12446,63,67,1009,2698,165,2450,5234,21250,846],"views":872,"_links":{"self":[{"href":"https:\/\/www.enerjigazetesi.ist\/en\/wp-json\/wp\/v2\/posts\/36119"}],"collection":[{"href":"https:\/\/www.enerjigazetesi.ist\/en\/wp-json\/wp\/v2\/posts"}],"about":[{"href":"https:\/\/www.enerjigazetesi.ist\/en\/wp-json\/wp\/v2\/types\/post"}],"author":[{"embeddable":true,"href":"https:\/\/www.enerjigazetesi.ist\/en\/wp-json\/wp\/v2\/users\/1"}],"replies":[{"embeddable":true,"href":"https:\/\/www.enerjigazetesi.ist\/en\/wp-json\/wp\/v2\/comments?post=36119"}],"version-history":[{"count":2,"href":"https:\/\/www.enerjigazetesi.ist\/en\/wp-json\/wp\/v2\/posts\/36119\/revisions"}],"predecessor-version":[{"id":36129,"href":"https:\/\/www.enerjigazetesi.ist\/en\/wp-json\/wp\/v2\/posts\/36119\/revisions\/36129"}],"wp:featuredmedia":[{"embeddable":true,"href":"https:\/\/www.enerjigazetesi.ist\/en\/wp-json\/wp\/v2\/media\/36120"}],"wp:attachment":[{"href":"https:\/\/www.enerjigazetesi.ist\/en\/wp-json\/wp\/v2\/media?parent=36119"}],"wp:term":[{"taxonomy":"category","embeddable":true,"href":"https:\/\/www.enerjigazetesi.ist\/en\/wp-json\/wp\/v2\/categories?post=36119"},{"taxonomy":"post_tag","embeddable":true,"href":"https:\/\/www.enerjigazetesi.ist\/en\/wp-json\/wp\/v2\/tags?post=36119"}],"curies":[{"name":"wp","href":"https:\/\/api.w.org\/{rel}","templated":true}]}}