{"id":36116,"date":"2015-02-05T13:06:51","date_gmt":"2015-02-05T10:06:51","guid":{"rendered":"https:\/\/www.enerjigazetesi.ist\/?p=36116"},"modified":"2015-02-05T13:06:51","modified_gmt":"2015-02-05T10:06:51","slug":"ataturk-barajindaki-doluluk-orani-son-4-yilin-en-iyi-seviyesine-geldi","status":"publish","type":"post","link":"https:\/\/www.enerjigazetesi.ist\/en\/ataturk-barajindaki-doluluk-orani-son-4-yilin-en-iyi-seviyesine-geldi\/","title":{"rendered":"(Turkish) Atat\u00fcrk Baraj\u0131ndaki Doluluk Oran\u0131 Son 4 Y\u0131l\u0131n En \u0130yi Seviyesine Geldi!"},"content":{"rendered":"<p class=\"qtranxs-available-languages-message qtranxs-available-languages-message-en\">Sorry, this entry is only available in <a href=\"https:\/\/www.enerjigazetesi.ist\/tr\/wp-json\/wp\/v2\/posts\/36116\" class=\"qtranxs-available-language-link qtranxs-available-language-link-tr\" title=\"Turkish\">Turkish<\/a>. For the sake of viewer convenience, the content is shown below in the alternative language. You may click the link to switch the active language.<\/p><p><\/p>\n<p style=\"color: #000000;\"><strong>\u015eanl\u0131urfa\u2019da son y\u0131llarda etkili olan kurakl\u0131k Atat\u00fcrk Baraj\u0131ndaki doluluk oran\u0131n\u0131 da bir hayli d\u00fc\u015f\u00fcrm\u00fc\u015ft\u00fc. Ancak K\u0131\u015f ay\u0131n\u0131n gelmesiyle birlikte mevsim ya\u011fmurlar\u0131 Atat\u00fcrk Baraj\u0131ndaki doluluk oran\u0131n\u0131 art\u0131rd\u0131.<\/strong><span id=\"more-70207\"><\/span><\/p>\n<p style=\"color: #000000;\">Bu durum hem GAP \u00e7ift\u00e7isinin hem de yetkililerin y\u00fcz\u00fcn\u00fc g\u00fcld\u00fcrd\u00fc. Son g\u00fcnlerde artan ya\u011f\u0131\u015flarla birlikte Atat\u00fcrk Baraj\u0131n\u0131n doluluk oran\u0131n da y\u00fczde 85\u2019e \u00e7\u0131kt\u0131. <img loading=\"lazy\" class=\"alignleft wp-image-36117 size-medium\" src=\"https:\/\/www.enerjigazetesi.ist\/wp-content\/uploads\/2015\/02\/ataturk-barajindaki-doluluk-orani-son-4-yilin-en-iyi-seviyesine-geldi-300x210.jpg\" alt=\"ataturk-barajindaki-doluluk-orani-son-4-yilin-en-iyi-seviyesine-geldi\" width=\"300\" height=\"210\" srcset=\"https:\/\/www.enerjigazetesi.ist\/wp-content\/uploads\/2015\/02\/ataturk-barajindaki-doluluk-orani-son-4-yilin-en-iyi-seviyesine-geldi-300x210.jpg 300w, https:\/\/www.enerjigazetesi.ist\/wp-content\/uploads\/2015\/02\/ataturk-barajindaki-doluluk-orani-son-4-yilin-en-iyi-seviyesine-geldi-500x351.jpg 500w, https:\/\/www.enerjigazetesi.ist\/wp-content\/uploads\/2015\/02\/ataturk-barajindaki-doluluk-orani-son-4-yilin-en-iyi-seviyesine-geldi-71x50.jpg 71w, https:\/\/www.enerjigazetesi.ist\/wp-content\/uploads\/2015\/02\/ataturk-barajindaki-doluluk-orani-son-4-yilin-en-iyi-seviyesine-geldi.jpg 640w\" sizes=\"(max-width: 300px) 100vw, 300px\" \/>Ve son 4 y\u0131l\u0131n en y\u00fcksek seviyesine ula\u015ft\u0131. Karlar\u0131n erimeye ba\u015flamas\u0131yla barajdaki doluluk oran\u0131n y\u00fczde 98\u2019e \u00e7\u0131kmas\u0131 bekleniyor. Atat\u00fcrk Baraj\u0131, GAP B\u00f6lgesinde tar\u0131msal sulaman\u0131n yan\u0131 s\u0131ra T\u00fcrkiye\u2019nin elektrik enerjisinin y\u00fczde 20\u2019sini de kar\u015f\u0131l\u0131yor. T\u00fcrkiye\u2019de bulun irili ufakl\u0131 320 baraj\u0131n \u00fcretti\u011fi elektrik enerjisinin 5\u2019te birini kar\u015f\u0131layan Atat\u00fcrk Baraj\u0131 \u015eanl\u0131urfa\u2019n\u0131n i\u00e7me su ihtiyac\u0131n\u0131 da kar\u015f\u0131l\u0131yor.<\/p>\n<p style=\"color: #000000;\">T\u00fcrkiye\u2019nin en b\u00fcy\u00fck, d\u00fcnyan\u0131n da say\u0131l\u0131 barajlar\u0131ndan biri olan Atat\u00fcrk Baraj\u0131, doluluk oran\u0131n\u0131n \u015fu an 532.9 (DS\u0130 verilerine g\u00f6re minimum su kotu 513 m, ideal su kotu 526 m, maksimum su kotu 542 m) oldu\u011fu bildirildi. Elektrik \u00fcreten 8 t\u00fcrbinin\u00a08\u2019i de suyun doluk oran\u0131n fazla olmas\u0131ndan dolay\u0131 \u015fu an \u00e7al\u0131\u015f\u0131yor. Barajdan t\u00fcrbinlere\u00a0saniyede saniye de 500 metre k\u00fcp su veriliyor. Bu arada Atat\u00fcrk Baraj\u0131 48 milyar metre k\u00fcp su depolama alan\u0131na sahip.<\/p>\n<p style=\"color: #000000;\"><em>\u015eanl\u0131urfa Yerel Haber<\/em><\/p>\n<p><\/p>","protected":false},"excerpt":{"rendered":"<p>Sorry, this entry is only available in Turkish. For the sake of viewer convenience, the content is shown below in the alternative language. You may click the link to switch the active language. \u015eanl\u0131urfa\u2019da son y\u0131llarda etkili olan kurakl\u0131k Atat\u00fcrk Baraj\u0131ndaki doluluk oran\u0131n\u0131 da bir hayli d\u00fc\u015f\u00fcrm\u00fc\u015ft\u00fc. Ancak K\u0131\u015f ay\u0131n\u0131n gelmesiyle birlikte mevsim ya\u011fmurlar\u0131 Atat\u00fcrk [&hellip;]<\/p>\n","protected":false},"author":1,"featured_media":36117,"comment_status":"open","ping_status":"open","sticky":false,"template":"","format":"standard","meta":[],"categories":[53],"tags":[21247,21248,21249,68,19590,19638,63,67,3136,1009,2698,165,17102,21246],"views":779,"_links":{"self":[{"href":"https:\/\/www.enerjigazetesi.ist\/en\/wp-json\/wp\/v2\/posts\/36116"}],"collection":[{"href":"https:\/\/www.enerjigazetesi.ist\/en\/wp-json\/wp\/v2\/posts"}],"about":[{"href":"https:\/\/www.enerjigazetesi.ist\/en\/wp-json\/wp\/v2\/types\/post"}],"author":[{"embeddable":true,"href":"https:\/\/www.enerjigazetesi.ist\/en\/wp-json\/wp\/v2\/users\/1"}],"replies":[{"embeddable":true,"href":"https:\/\/www.enerjigazetesi.ist\/en\/wp-json\/wp\/v2\/comments?post=36116"}],"version-history":[{"count":1,"href":"https:\/\/www.enerjigazetesi.ist\/en\/wp-json\/wp\/v2\/posts\/36116\/revisions"}],"predecessor-version":[{"id":36118,"href":"https:\/\/www.enerjigazetesi.ist\/en\/wp-json\/wp\/v2\/posts\/36116\/revisions\/36118"}],"wp:featuredmedia":[{"embeddable":true,"href":"https:\/\/www.enerjigazetesi.ist\/en\/wp-json\/wp\/v2\/media\/36117"}],"wp:attachment":[{"href":"https:\/\/www.enerjigazetesi.ist\/en\/wp-json\/wp\/v2\/media?parent=36116"}],"wp:term":[{"taxonomy":"category","embeddable":true,"href":"https:\/\/www.enerjigazetesi.ist\/en\/wp-json\/wp\/v2\/categories?post=36116"},{"taxonomy":"post_tag","embeddable":true,"href":"https:\/\/www.enerjigazetesi.ist\/en\/wp-json\/wp\/v2\/tags?post=36116"}],"curies":[{"name":"wp","href":"https:\/\/api.w.org\/{rel}","templated":true}]}}