{"id":36066,"date":"2015-02-03T18:38:38","date_gmt":"2015-02-03T15:38:38","guid":{"rendered":"https:\/\/www.enerjigazetesi.ist\/?p=36066"},"modified":"2015-02-03T18:39:41","modified_gmt":"2015-02-03T15:39:41","slug":"fransiz-edf-ve-alman-enercon-turkiyedeki-ruzgar-yatirimlarini-buyutmeyi-planliyor","status":"publish","type":"post","link":"https:\/\/www.enerjigazetesi.ist\/en\/fransiz-edf-ve-alman-enercon-turkiyedeki-ruzgar-yatirimlarini-buyutmeyi-planliyor\/","title":{"rendered":"(Turkish) EDF ve Enercon T\u00fcrkiye\u2019deki R\u00fczgar Yat\u0131r\u0131mlar\u0131n\u0131 B\u00fcy\u00fctmeyi Planl\u0131yor&#8230;"},"content":{"rendered":"<p class=\"qtranxs-available-languages-message qtranxs-available-languages-message-en\">Sorry, this entry is only available in <a href=\"https:\/\/www.enerjigazetesi.ist\/tr\/wp-json\/wp\/v2\/posts\/36066\" class=\"qtranxs-available-language-link qtranxs-available-language-link-tr\" title=\"Turkish\">Turkish<\/a>. For the sake of viewer convenience, the content is shown below in the alternative language. You may click the link to switch the active language.<\/p><p><\/p>\n<p style=\"color: #000000;\"><strong>T\u00fcrkiye\u2019de r\u00fczgar enerji alan\u0131ndaki yat\u0131r\u0131mlar\u0131yla \u00f6ne \u00e7\u0131kan Frans\u0131z EDF ile Alman Enercon, yat\u0131r\u0131mlar\u0131n\u0131 daha da b\u00fcy\u00fctmeyi planl\u0131yor. Frans\u0131z EDF mevcut santrallerde kapasite art\u0131r\u0131m\u0131na gitmeyi planlarken, Alman Enercon, T\u00fcrkiye\u2019 r\u00fczgar santralleri i\u00e7in jenerat\u00f6r \u00fcretimi de yapmay\u0131 hedefliyor.<span id=\"more-70172\"><\/span>\u00a0Ankara\u2019da bir dizi temaslarda bulunun her iki \u015firketin \u00fcst d\u00fczey y\u00f6neticileri \u00f6zellikle lisanslar konusundaki hassasiyetlerini dile getiriler.<\/strong><\/p>\n<p style=\"color: #000000;\">Polat Enerji Y\u00f6netim Kurulu Ba\u015fkan\u0131 Adnan Polat, Frans\u0131z EDF Energies Y\u00f6netim Kurulu Ba\u015fkan\u0131 Jean-Louis Mathias ile Alman Enercon \u015firketi Ba\u015fkan\u0131 Hans-Dieter Kettwig, Enerji Bakanl\u0131\u011f\u0131, EPDK ve Meclis Enerji Komisyonu\u2019nu ziyaret etti. D\u00fcnya Gazetesinin haberine g\u00f6re Polat Enerji ile T\u00fcrkiye\u2019de r\u00fczgar enerjisi yat\u0131r\u0131mlar\u0131 yapan Frans\u0131z EDF Energies\u2019in Y\u00f6netim Kurulu Ba\u015fkan\u0131 Jean-Louis Mathias, Meclis Sanayi ve Enerji Komisyonun<a href=\"https:\/\/www.enerjigazetesi.ist\/wp-content\/uploads\/2015\/02\/fransiz-edf-ve-alman-enercon-turkiyedeki-ruzgar-yatirimlarini-buyutmeyi-planliyor.jpg\"><img loading=\"lazy\" class=\"alignleft wp-image-36067 size-medium\" src=\"https:\/\/www.enerjigazetesi.ist\/wp-content\/uploads\/2015\/02\/fransiz-edf-ve-alman-enercon-turkiyedeki-ruzgar-yatirimlarini-buyutmeyi-planliyor-300x220.jpg\" alt=\"fransiz-edf-ve-alman-enercon-turkiyedeki-ruzgar-yatirimlarini-buyutmeyi-planliyor\" width=\"300\" height=\"220\" srcset=\"https:\/\/www.enerjigazetesi.ist\/wp-content\/uploads\/2015\/02\/fransiz-edf-ve-alman-enercon-turkiyedeki-ruzgar-yatirimlarini-buyutmeyi-planliyor-300x220.jpg 300w, https:\/\/www.enerjigazetesi.ist\/wp-content\/uploads\/2015\/02\/fransiz-edf-ve-alman-enercon-turkiyedeki-ruzgar-yatirimlarini-buyutmeyi-planliyor-500x368.jpg 500w, https:\/\/www.enerjigazetesi.ist\/wp-content\/uploads\/2015\/02\/fransiz-edf-ve-alman-enercon-turkiyedeki-ruzgar-yatirimlarini-buyutmeyi-planliyor-67x50.jpg 67w, https:\/\/www.enerjigazetesi.ist\/wp-content\/uploads\/2015\/02\/fransiz-edf-ve-alman-enercon-turkiyedeki-ruzgar-yatirimlarini-buyutmeyi-planliyor.jpg 800w\" sizes=\"(max-width: 300px) 100vw, 300px\" \/><\/a>daki temaslar\u0131 s\u0131ras\u0131nda yat\u0131r\u0131m kabiliyeti olmayan firmalara verilen lisanslar\u0131n projeye ve yat\u0131r\u0131ma d\u00f6n\u00fc\u015fmedi\u011fine dikkat \u00e7ekerek, \u00f6ncelikle bu problemle kar\u015f\u0131 kar\u015f\u0131ya olduklar\u0131n\u0131 s\u00f6yledi. Soma ve Geycek\u2019te iki projelerinin oldu\u011funu kaydeden Mathias, \u201cSoma ve Geycek\u2019te \u00e7ok y\u00fcksek kapasite art\u0131\u015f\u0131 yapma imkan\u0131m\u0131z var. Biz T\u00fcrkiye\u2019de bu yat\u0131r\u0131mlara girerken a\u00e7\u0131k\u00e7as\u0131 bu kapasite art\u0131\u015flar\u0131n\u0131 da mutlaka yapabilece\u011fimizi d\u00fc\u015f\u00fcnm\u00fc\u015ft\u00fck.<\/p>\n<p style=\"color: #000000;\">Bu y\u00fczden \u00f6ncelikli olarak bu kapasite art\u0131\u015flar\u0131n\u0131n bize verilmesi en b\u00fcy\u00fck dile\u011fimiz\u201d dedi. Bu iki projede kapasite art\u0131\u015f\u0131n\u0131n yakla\u015f\u0131k 600 MW\u2019tan fazla bir kurulu g\u00fcce denk geldi\u011fini anlatan Mathias, \u015funlar\u0131 s\u00f6yledi: \u201cKapasite art\u0131\u015f\u0131 verilirse biz \u00f6n\u00fcm\u00fczdeki birka\u00e7 y\u0131l i\u00e7erisinde bu yat\u0131r\u0131m\u0131 yapmaya haz\u0131r\u0131z. Bize lisans verilir verilmez en k\u0131sa s\u00fcrede yat\u0131r\u0131ma ba\u015flay\u0131p ger\u00e7ekle\u015ftirmek istiyoruz. Ayr\u0131ca kapasite art\u0131\u015flar\u0131 d\u0131\u015f\u0131nda ikinci bir yol olarak \u00e7ok daha b\u00fcy\u00fck projelere de yat\u0131r\u0131m yapmaya haz\u0131r\u0131z. E\u011fer \u00f6n\u00fcm\u00fcz a\u00e7\u0131labilirse, bu projelerde de y\u00fczde 100 T\u00fcrkiye\u2019de \u00fcretilen trib\u00fcnleri kullanmaya haz\u0131r\u0131z. EDF, T\u00fcrkiye\u2019de r\u00fczgar ve g\u00fcne\u015f enerjisinde b\u00fcy\u00fck bir rol oynamaya haz\u0131r ve istekli.\u201d<\/p>\n<p style=\"color: #000000;\"><strong>\u2018T\u00dcRK\u0130YE\u2019DE 40 M\u0130LYON EUROLUK YATIRIM YAPTIK\u2019<\/strong><\/p>\n<p style=\"color: #000000;\">Komisyonda, Alman Enercon Y\u00f6netim Kurulu Ba\u015fkan\u0131 Hans-Dieter Kettwig, T\u00fcrkiye\u2019de 2002 y\u0131l\u0131ndan bu yana kanat \u00fcrettiklerini, 700 \u00fczerinde \u00e7al\u0131\u015fanlar\u0131 bulunduklar\u0131n\u0131 ve bug\u00fcne kadar 5 bin adet kanat \u00fcrettiklerini anlatt\u0131. Bu \u00fcretimin y\u00fczde 35\u2019ini T\u00fcrkiye\u2019deki lokal projelere g\u00f6nderdiklerini kaydeden Kettwig, bug\u00fcne kadar 40 milyon euro tutar\u0131nda yat\u0131r\u0131m yapt\u0131klar\u0131n\u0131 anlatarak, \u015f\u00f6yle konu\u015ftu:<\/p>\n<p style=\"color: #000000;\">\u201cT\u00fcrkiye\u2019deki projelere i\u00e7in T\u00fcrk kanatlar\u0131 \u00fcrettik, \u00fcretimin y\u00fczde 65\u2019ini ihra\u00e7 ettik bu \u015fekilde fabrikay\u0131 ayakta tuttuk. T\u00fcrkiye\u2019de jenerat\u00f6r de \u00fcretimine girebiliriz. Ama bizim i\u00e7in \u00f6nemli olan ini\u015fli kalk\u0131\u015fl\u0131 olan bir pazarda de\u011fil istikrarl\u0131 bir pazarda yer almak, orada yat\u0131r\u0131m yapmak ve \u00f6n\u00fcm\u00fcz\u00fc g\u00f6rmek.\u201d<\/p>\n<p style=\"color: #000000;\"><strong>\u20186 M\u0130LYAR DOLAR \u00d6DEMEKTEN KURTULACA\u011eIZ\u2019<\/strong><\/p>\n<p style=\"color: #000000;\">Polat Enerji Y\u00f6netim Kurulu Ba\u015fkan\u0131 Adnan Polat ise T\u00fcrkiye\u2019nin yenilenebilir enerji yat\u0131r\u0131mlar\u0131 ger\u00e7ekle\u015ftirmesi durumunda do\u011falgaz i\u00e7in d\u0131\u015far\u0131ya 6 milyar dolar \u00f6demekten kurtulaca\u011f\u0131n\u0131 s\u00f6yledi. Polat, \u201cYabanc\u0131 yat\u0131r\u0131mc\u0131 istikrarl\u0131 bir pazarda, lisanslar\u0131 ger\u00e7ek yat\u0131r\u0131mc\u0131n\u0131n elinde g\u00f6rmek istiyor. Yat\u0131r\u0131m\u0131n yolu lisanslardan ge\u00e7iyor\u201d dedi.<\/p>\n<p style=\"color: #000000;\"><strong>\u2018TES\u0130S\u0130 TAMAMLAYANIN L\u0130SANSI YARI\u015eMASIZ VER\u0130LS\u0130N\u2019<\/strong><\/p>\n<p style=\"color: #000000;\">Polat Enerji taraf\u0131ndan komisyona sekt\u00f6re ili\u015fkin kapsaml\u0131 bir rapor sunuldu. Raporda, kapasite art\u0131\u015f\u0131 yat\u0131r\u0131mlar\u0131na h\u0131zla devam edilebilmesi i\u00e7in \u00f6neriler yer ald\u0131. Kapasite art\u0131\u015f\u0131 yat\u0131r\u0131m\u0131 i\u00e7in tahsis edilecek kapasitenin yeni geli\u015ftirilecek projelerden ayr\u0131 olmas\u0131 gerekti\u011fi vurguland\u0131. Kapasite art\u0131\u015f\u0131 yat\u0131r\u0131mlar\u0131n\u0131n r\u00fczgar enerjisinde hedefl ere ula\u015f\u0131lmas\u0131nda \u00f6ncelikle de\u011ferlendirilmesi gereken bir f\u0131rsat oldu\u011funa dikkat \u00e7ekilerek, lisanslar\u0131n \u00f6ncelikli olarak tesisini tamamlayanlara yar\u0131\u015fmas\u0131z ve hemen verilmesi gerekti\u011fi kaydedildi.<\/p>\n<p style=\"color: #000000;\">Kapasite art\u0131\u015f\u0131n\u0131n tesisin tamam\u0131na de\u011fil y\u00fczde 35\u2019inin devreye al\u0131nmas\u0131n\u0131n takiben verilmesi, ayr\u0131ca lisans y\u00f6netmeli\u011finde de de\u011fi\u015fikli\u011fe gidilmesi istendi. Kapasite art\u0131\u015f\u0131 yat\u0131r\u0131mlar\u0131 i\u00e7in lisans y\u00f6netmeli\u011fine, al\u0131nan teminat mektubu miktarlar\u0131n\u0131n art\u0131r\u0131lmas\u0131, kapasite art\u0131\u015f\u0131 i\u00e7in verilen tesis tamamlama s\u00fcrelerinin daha k\u0131sa olmas\u0131, verilen s\u00fcrede yat\u0131r\u0131m\u0131n devreye al\u0131nmamas\u0131 durumunda cezai yapt\u0131r\u0131mlar\u0131n getirilmesi y\u00f6n\u00fcnde yeni maddeler eklenmesi \u00f6nerildi.<\/p>\n<p style=\"color: #000000;\">Kaynak: <a href=\"http:\/\/enerjienstitusu.com\/2015\/02\/03\/fransiz-edf-ve-alman-enercon-turkiyedeki-ruzgar-yatirimlarini-buyutmeyi-planliyor\/\" target=\"_blank\" rel=\"nofollow\">Enerji Enstit\u00fcs\u00fc<\/a><\/p>\n<p><\/p>","protected":false},"excerpt":{"rendered":"<p>Sorry, this entry is only available in Turkish. For the sake of viewer convenience, the content is shown below in the alternative language. You may click the link to switch the active language. T\u00fcrkiye\u2019de r\u00fczgar enerji alan\u0131ndaki yat\u0131r\u0131mlar\u0131yla \u00f6ne \u00e7\u0131kan Frans\u0131z EDF ile Alman Enercon, yat\u0131r\u0131mlar\u0131n\u0131 daha da b\u00fcy\u00fctmeyi planl\u0131yor. Frans\u0131z EDF mevcut santrallerde kapasite [&hellip;]<\/p>\n","protected":false},"author":1,"featured_media":36067,"comment_status":"open","ping_status":"open","sticky":false,"template":"","format":"standard","meta":[],"categories":[53,50],"tags":[21208,63,963,67,1009,2698,165,750,21209,21210,21211,4487,69,16,5131,21212],"views":1404,"_links":{"self":[{"href":"https:\/\/www.enerjigazetesi.ist\/en\/wp-json\/wp\/v2\/posts\/36066"}],"collection":[{"href":"https:\/\/www.enerjigazetesi.ist\/en\/wp-json\/wp\/v2\/posts"}],"about":[{"href":"https:\/\/www.enerjigazetesi.ist\/en\/wp-json\/wp\/v2\/types\/post"}],"author":[{"embeddable":true,"href":"https:\/\/www.enerjigazetesi.ist\/en\/wp-json\/wp\/v2\/users\/1"}],"replies":[{"embeddable":true,"href":"https:\/\/www.enerjigazetesi.ist\/en\/wp-json\/wp\/v2\/comments?post=36066"}],"version-history":[{"count":2,"href":"https:\/\/www.enerjigazetesi.ist\/en\/wp-json\/wp\/v2\/posts\/36066\/revisions"}],"predecessor-version":[{"id":36070,"href":"https:\/\/www.enerjigazetesi.ist\/en\/wp-json\/wp\/v2\/posts\/36066\/revisions\/36070"}],"wp:featuredmedia":[{"embeddable":true,"href":"https:\/\/www.enerjigazetesi.ist\/en\/wp-json\/wp\/v2\/media\/36067"}],"wp:attachment":[{"href":"https:\/\/www.enerjigazetesi.ist\/en\/wp-json\/wp\/v2\/media?parent=36066"}],"wp:term":[{"taxonomy":"category","embeddable":true,"href":"https:\/\/www.enerjigazetesi.ist\/en\/wp-json\/wp\/v2\/categories?post=36066"},{"taxonomy":"post_tag","embeddable":true,"href":"https:\/\/www.enerjigazetesi.ist\/en\/wp-json\/wp\/v2\/tags?post=36066"}],"curies":[{"name":"wp","href":"https:\/\/api.w.org\/{rel}","templated":true}]}}