{"id":36018,"date":"2015-02-02T15:15:19","date_gmt":"2015-02-02T12:15:19","guid":{"rendered":"https:\/\/www.enerjigazetesi.ist\/?p=36018"},"modified":"2015-02-02T22:00:25","modified_gmt":"2015-02-02T19:00:25","slug":"bakan-yildiz-petrol-fiyatlarinda-buyuk-sicrama-olmayacagini-umit-ediyoruz","status":"publish","type":"post","link":"https:\/\/www.enerjigazetesi.ist\/en\/bakan-yildiz-petrol-fiyatlarinda-buyuk-sicrama-olmayacagini-umit-ediyoruz\/","title":{"rendered":"(Turkish) Y\u0131ld\u0131z: \u201cPetrolde B\u00fcy\u00fck S\u0131\u00e7rama Olmayaca\u011f\u0131n\u0131 \u00dcmit Ediyoruz\u201d"},"content":{"rendered":"<p class=\"qtranxs-available-languages-message qtranxs-available-languages-message-en\">Sorry, this entry is only available in <a href=\"https:\/\/www.enerjigazetesi.ist\/tr\/wp-json\/wp\/v2\/posts\/36018\" class=\"qtranxs-available-language-link qtranxs-available-language-link-tr\" title=\"Turkish\">Turkish<\/a>. For the sake of viewer convenience, the content is shown below in the alternative language. You may click the link to switch the active language.<\/p><p><\/p>\n<p style=\"color: #000000;\"><strong>Enerji ve Tabii Kaynaklar Bakan\u0131 Taner Y\u0131ld\u0131z, \u201cD\u00fcnyadaki ham petrol fiyatlar\u0131yla alakal\u0131 b\u00fcnye zay\u0131f olunca, her an iki tarafa do\u011fru da k\u0131r\u0131lganl\u0131klar olabilir. T\u00fcrkiye\u2019nin bu manada haz\u0131rl\u0131klar\u0131n\u0131n oldu\u011funu s\u00f6ylemem laz\u0131m. \u015eu ana kadar vatanda\u015f\u0131m\u0131za sirayet eden, yans\u0131yan \u00f6nemli indirimler oldu. \u00dcmit ediyoruz ki, bu manada \u00e7ok b\u00fcy\u00fck bir fiyat s\u0131\u00e7ramas\u0131 olmas\u0131n\u201d dedi.<a href=\"https:\/\/www.enerjigazetesi.ist\/wp-content\/uploads\/2015\/02\/petrol-fiyatlar\u0131-23890238903333345.jpg\"><img loading=\"lazy\" class=\"alignright  wp-image-36019\" src=\"https:\/\/www.enerjigazetesi.ist\/wp-content\/uploads\/2015\/02\/petrol-fiyatlar\u0131-23890238903333345-300x199.jpg\" alt=\"petrol-fiyatlar\u0131-23890238903333345\" width=\"300\" height=\"212\" \/><\/a><\/strong><span id=\"more-70151\"><\/span><\/p>\n<p style=\"color: #000000;\">Enerji ve Tabii Kaynaklar Bakan\u0131 Taner Y\u0131ld\u0131z, eski Ba\u015fbakan Yard\u0131mc\u0131s\u0131 Emrullah \u0130\u015fler ile birlikte Kayseri\u2019ye gelerek AK Parti \u0130l Kad\u0131n Kollar\u0131 Kongresi\u2019ne kat\u0131ld\u0131. Bakan Y\u0131ld\u0131z, kongreye geli\u015finde bas\u0131n mensuplar\u0131n\u0131n sorular\u0131n\u0131 yan\u0131tlad\u0131. Bir gazetecinin, dolardaki art\u0131\u015f\u0131n petrol fiyatlar\u0131 \u00fczerindeki etkisini sormas\u0131 \u00fczerine Taner Y\u0131ld\u0131z, \u015funlar\u0131 s\u00f6yledi: \u201cDaha bir hafta 10 g\u00fcn \u00f6ncesine kadar dolar paritesi 2.32 idi, bug\u00fcn 2.44\u2019lerde, 2.45\u2019lerde. Yine ham petrol 48 dolarlardayd\u0131, \u015fu anda 53 dolar seviyesinde. Hat\u0131rlarsan\u0131z, bunu yeni de\u011fil, ge\u00e7ti\u011fimiz hafta hatta ondan \u00f6nceki hafta da s\u00f6ylemi\u015ftim, v\u00fccut direnci d\u00fc\u015fen bir b\u00fcnye gibi, en ufak bir nezlenin, gribin tesirli olabilece\u011fi bir alanday\u0131z. \u015eu anda ham petrol fiyatlar\u0131n\u0131n bu durumda oldu\u011funu s\u00f6ylemem laz\u0131m. Her an a\u015fa\u011f\u0131ya do\u011fru veya yukar\u0131ya do\u011fru hem fiyat inmeleri hem de \u00e7\u0131kmalar\u0131yla alakal\u0131 k\u0131r\u0131lganl\u0131klar ya\u015fanabilir. \u00d6zellikle Amerika Birle\u015fik Devletleri\u2019ndeki, denizlerdeki petrol kuyular\u0131yla alakal\u0131 say\u0131n\u0131n azalt\u0131laca\u011f\u0131n\u0131n a\u00e7\u0131klanmas\u0131, b\u00f6yle bir \u00e7\u0131k\u0131\u015fa sebep oldu. D\u00fcnyadaki ham petrol fiyatlar\u0131yla alakal\u0131 b\u00fcnye zay\u0131f olunca, her an iki tarafa do\u011fru da k\u0131r\u0131lganl\u0131klar olabilir. T\u00fcrkiye\u2019nin bu manada haz\u0131rl\u0131klar\u0131n\u0131n oldu\u011funu s\u00f6ylemem laz\u0131m. \u015eu ana kadar vatanda\u015f\u0131m\u0131za sirayet eden, yans\u0131yan \u00f6nemli indirimler oldu. \u00dcmit ediyoruz ki, bu manada \u00e7ok b\u00fcy\u00fck bir fiyat s\u0131\u00e7ramas\u0131 olmas\u0131n. \u00c7\u00fcnk\u00fc son bir hafta 10 g\u00fcn i\u00e7erisinde yakla\u015f\u0131k y\u00fczde 10.5 civar\u0131nda petrol\u00fcn fiyat\u0131 TL kar\u015f\u0131s\u0131nda yukar\u0131 do\u011fru \u00e7\u0131km\u0131\u015f oldu. Bu \u015fekliyle de hem enerji sekt\u00f6r\u00fcn\u00fc hem de piyasay\u0131 kontrol etmeye devam edece\u011fiz.\u201d<\/p>\n<p style=\"color: #000000;\">Kaynak: Enerji Enstit\u00fcs\u00fc<\/p>\n<p><\/p>","protected":false},"excerpt":{"rendered":"<p>Sorry, this entry is only available in Turkish. For the sake of viewer convenience, the content is shown below in the alternative language. You may click the link to switch the active language. Enerji ve Tabii Kaynaklar Bakan\u0131 Taner Y\u0131ld\u0131z, \u201cD\u00fcnyadaki ham petrol fiyatlar\u0131yla alakal\u0131 b\u00fcnye zay\u0131f olunca, her an iki tarafa do\u011fru da k\u0131r\u0131lganl\u0131klar [&hellip;]<\/p>\n","protected":false},"author":1,"featured_media":36019,"comment_status":"open","ping_status":"open","sticky":false,"template":"","format":"standard","meta":[],"categories":[53,44],"tags":[21177,63,3136,20338,20339,1009,1538,347,667],"views":469,"_links":{"self":[{"href":"https:\/\/www.enerjigazetesi.ist\/en\/wp-json\/wp\/v2\/posts\/36018"}],"collection":[{"href":"https:\/\/www.enerjigazetesi.ist\/en\/wp-json\/wp\/v2\/posts"}],"about":[{"href":"https:\/\/www.enerjigazetesi.ist\/en\/wp-json\/wp\/v2\/types\/post"}],"author":[{"embeddable":true,"href":"https:\/\/www.enerjigazetesi.ist\/en\/wp-json\/wp\/v2\/users\/1"}],"replies":[{"embeddable":true,"href":"https:\/\/www.enerjigazetesi.ist\/en\/wp-json\/wp\/v2\/comments?post=36018"}],"version-history":[{"count":3,"href":"https:\/\/www.enerjigazetesi.ist\/en\/wp-json\/wp\/v2\/posts\/36018\/revisions"}],"predecessor-version":[{"id":36028,"href":"https:\/\/www.enerjigazetesi.ist\/en\/wp-json\/wp\/v2\/posts\/36018\/revisions\/36028"}],"wp:featuredmedia":[{"embeddable":true,"href":"https:\/\/www.enerjigazetesi.ist\/en\/wp-json\/wp\/v2\/media\/36019"}],"wp:attachment":[{"href":"https:\/\/www.enerjigazetesi.ist\/en\/wp-json\/wp\/v2\/media?parent=36018"}],"wp:term":[{"taxonomy":"category","embeddable":true,"href":"https:\/\/www.enerjigazetesi.ist\/en\/wp-json\/wp\/v2\/categories?post=36018"},{"taxonomy":"post_tag","embeddable":true,"href":"https:\/\/www.enerjigazetesi.ist\/en\/wp-json\/wp\/v2\/tags?post=36018"}],"curies":[{"name":"wp","href":"https:\/\/api.w.org\/{rel}","templated":true}]}}