{"id":35938,"date":"2015-01-31T15:56:55","date_gmt":"2015-01-31T12:56:55","guid":{"rendered":"https:\/\/www.enerjigazetesi.ist\/?p=35938"},"modified":"2015-01-31T15:56:55","modified_gmt":"2015-01-31T12:56:55","slug":"arcelik-a-s-cdp-karbon-saydamlik-projesi-global-a-listesine-girdi","status":"publish","type":"post","link":"https:\/\/www.enerjigazetesi.ist\/en\/arcelik-a-s-cdp-karbon-saydamlik-projesi-global-a-listesine-girdi\/","title":{"rendered":"(Turkish) Ar\u00e7elik A.\u015e.,CDP (Karbon Saydaml\u0131k Projesi) Global A Listesine Girdi&#8230;"},"content":{"rendered":"<p class=\"qtranxs-available-languages-message qtranxs-available-languages-message-en\">Sorry, this entry is only available in <a href=\"https:\/\/www.enerjigazetesi.ist\/tr\/wp-json\/wp\/v2\/posts\/35938\" class=\"qtranxs-available-language-link qtranxs-available-language-link-tr\" title=\"Turkish\">Turkish<\/a>. For the sake of viewer convenience, the content is shown below in the alternative language. You may click the link to switch the active language.<\/p><p><strong>S\u00fcrd\u00fcr\u00fclebilirli\u011fe ve enerji verimlili\u011fine b\u00fcy\u00fck \u00f6nem veren Ar\u00e7elik A.\u015e., d\u00fcnyada CDP\u2019de (Karbon Saydaml\u0131k Projesi) en y\u00fcksek performansa sahip \u015firketlerin yer ald\u0131\u011f\u0131 \u201cThe A List: The CDP Climate Performance Leadership Index 2014\u201d (A Listesi: CDP \u0130klim Performans Liderlik Endeksi 2014)\u2019e girmeye hak kazand\u0131. B\u00f6ylece Ar\u00e7elik A.\u015e., T\u00fcrkiye\u2019den kendi sekt\u00f6r\u00fcnde bu listeye girmeyi ba\u015faran ilk \u015firket oldu.<\/strong><\/p>\n<p>\u201cD\u00fcnyaya Sayg\u0131l\u0131, D\u00fcnyada Sayg\u0131n\u201d vizyonu do\u011frultusunda \u00fcretti\u011fi enerji verimlili\u011fi alan\u0131nda rekor sahibi \u00fcr<a href=\"https:\/\/www.enerjigazetesi.ist\/wp-content\/uploads\/2015\/01\/arcelik-a-s-cdp-karbon-saydamlik-projesi-global-a-listesine-girdi.jpg\"><img loading=\"lazy\" class=\"alignright size-medium wp-image-35939\" src=\"https:\/\/www.enerjigazetesi.ist\/wp-content\/uploads\/2015\/01\/arcelik-a-s-cdp-karbon-saydamlik-projesi-global-a-listesine-girdi-300x244.jpg\" alt=\"arcelik-a-s-cdp-karbon-saydamlik-projesi-global-a-listesine-girdi\" width=\"300\" height=\"244\" srcset=\"https:\/\/www.enerjigazetesi.ist\/wp-content\/uploads\/2015\/01\/arcelik-a-s-cdp-karbon-saydamlik-projesi-global-a-listesine-girdi-300x244.jpg 300w, https:\/\/www.enerjigazetesi.ist\/wp-content\/uploads\/2015\/01\/arcelik-a-s-cdp-karbon-saydamlik-projesi-global-a-listesine-girdi-1024x836.jpg 1024w, https:\/\/www.enerjigazetesi.ist\/wp-content\/uploads\/2015\/01\/arcelik-a-s-cdp-karbon-saydamlik-projesi-global-a-listesine-girdi-489x400.jpg 489w, https:\/\/www.enerjigazetesi.ist\/wp-content\/uploads\/2015\/01\/arcelik-a-s-cdp-karbon-saydamlik-projesi-global-a-listesine-girdi-61x50.jpg 61w, https:\/\/www.enerjigazetesi.ist\/wp-content\/uploads\/2015\/01\/arcelik-a-s-cdp-karbon-saydamlik-projesi-global-a-listesine-girdi.jpg 1400w\" sizes=\"(max-width: 300px) 100vw, 300px\" \/><\/a>\u00fcnler ve \u00fcretimde \u00e7evre ve enerji verimlili\u011fi konular\u0131ndaki \u00f6rnek projeler ile karbon emisyonu sal\u0131n\u0131m\u0131n\u0131 en aza indirmek i\u00e7in \u00e7al\u0131\u015fmalar\u0131n\u0131 s\u00fcrd\u00fcren Ar\u00e7elik A.\u015e., d\u00fcnyada CDP\u2019de (Karbon Saydaml\u0131k Projesi) en y\u00fcksek performansa sahip \u015firketlerin yer ald\u0131\u011f\u0131 \u201cThe A List: The CDP Climate Performance Leadership Index 2014\u201de e girmeye hak kazand\u0131. Ar\u00e7elik A.\u015e., T\u00fcrkiye\u2019de kendi sekt\u00f6r\u00fcnde bu ba\u015far\u0131ya imza atan ilk \u015firket olma \u00f6zelli\u011fini ta\u015f\u0131yor.<\/p>\n<p>\u0130klim de\u011fi\u015fiklikleri risklerinin \u015firketler taraf\u0131ndan nas\u0131l y\u00f6netildi\u011fini k\u00fcresel \u00e7apta raporlayan ve d\u00fcnyan\u0131n en b\u00fcy\u00fck k\u00fcresel iklim de\u011fi\u015fikli\u011fi verisine sahip olan ba\u011f\u0131ms\u0131z ve kar amac\u0131 g\u00fctmeyen uluslararas\u0131 bir kurulu\u015f olan CDP\u2019de, 2012\u2019de T\u00fcrkiye Karbon Saydaml\u0131k Lideri \u00d6d\u00fcl\u00fc\u2019ne, 2013\u2019de de T\u00fcrkiye CDP Performans Liderli\u011fi \u00d6d\u00fcl\u00fc\u2019ne lay\u0131k g\u00f6r\u00fcld\u00fc. 2014 y\u0131l\u0131nda Ar\u00e7elik A.\u015e., bu ba\u015far\u0131s\u0131n\u0131 daha da yukar\u0131ya ta\u015f\u0131yarak CDP Performans Derecelendirmesinde en \u00fcst seviye olan A performans skorunu elde etti ve d\u00fcnya genelinde CDP\u2019de en y\u00fcksek performansa sahip \u015firketlerin yer ald\u0131\u011f\u0131 A Listesi\u2019ne girmeyi ba\u015fard\u0131.<br \/>\n\u015eirketin iklim de\u011fi\u015fikli\u011fine y\u00f6nelik faaliyetlerinin, \u201cY\u00f6netim ve Strateji\u201d, \u201cRisk ve F\u0131rsat Y\u00f6netimi\u201d, \u201cEmisyon Y\u00f6netimi\u201d ve \u201cDo\u011frulama\u201d kategorilerinde ayr\u0131 ayr\u0131 de\u011ferlendirilmesi sonucunda; Ar\u00e7elik A.\u015e. A performansa lay\u0131k g\u00f6r\u00fcld\u00fc.<\/p>\n<p>D\u00fcnyan\u0131n gelece\u011fi ve \u015firketin s\u00fcrd\u00fcr\u00fclebilirli\u011fi a\u00e7\u0131s\u0131ndan \u00f6nemli bir risk olan iklim de\u011fi\u015fikli\u011fiyle m\u00fccadele alan\u0131nda istikrarl\u0131 \u00e7al\u0131\u015fmalar y\u00fcr\u00fctt\u00fcklerini belirten Ko\u00e7 Holding Dayan\u0131kl\u0131 T\u00fcketim Grubu Ba\u015fkan\u0131 ve Ar\u00e7elik A.\u015e. Genel M\u00fcd\u00fcr\u00fc Levent \u00c7ak\u0131ro\u011flu; \u201c\u00dcr\u00fcnlerimizin yan\u0131 s\u0131ra, t\u00fcm s\u00fcre\u00e7lerimizde \u00e7evreye ve enerji verimlili\u011fine en \u00fcst seviyede \u00f6nem veriyoruz.<\/p>\n<p>D\u00fc\u015f\u00fck karbon ekonomisine ge\u00e7i\u015f s\u00fcrecine \u00f6nc\u00fcl\u00fck etmek \u00fczere kurulan \u201cKurumsal Liderler A\u011f\u0131 T\u00fcrkiye \u0130klim Platformu\u2019nda\u201d yer al\u0131yor; bu konuda fark\u0131ndal\u0131k yarat\u0131lmas\u0131, s\u00fcrd\u00fcr\u00fclebilir bir i\u015f d\u00fcnyas\u0131 grubu kurulmas\u0131 ve konunun etkin bir bi\u00e7imde y\u00f6netilebilmesi y\u00f6n\u00fcndeki \u00e7al\u0131\u015fmalara katk\u0131 sa\u011fl\u0131yoruz. \u015eirketimizin iklim de\u011fi\u015fikli\u011fiyle m\u00fccadele alan\u0131ndaki \u00e7abalar\u0131n\u0131n, bu konuda d\u00fcnyan\u0131n en sayg\u0131n kurumlar\u0131 taraf\u0131ndan, ard\u0131 ard\u0131na ald\u0131\u011f\u0131 \u00f6d\u00fcllerle takdir edilmesinden b\u00fcy\u00fck gurur duyuyoruz\u201d dedi.<\/p>\n<p><strong>CDP Hakk\u0131nda<\/strong><\/p>\n<p>CDP, iklim de\u011fi\u015fiklikleri risklerinin \u015firketler taraf\u0131ndan nas\u0131l y\u00f6netildi\u011fini k\u00fcresel \u00e7apta raporlayan ve d\u00fcnyan\u0131n en b\u00fcy\u00fck k\u00fcresel iklim de\u011fi\u015fikli\u011fi verisine sahip olan ba\u011f\u0131ms\u0131z ve kar amac\u0131 g\u00fctmeyen uluslararas\u0131 bir kurulu\u015ftur. T\u00fcm d\u00fcnyada yakla\u015f\u0131k 60 \u00fclkeden 5000 civar\u0131nda kurulu\u015f, azalt\u0131m hedeflerini belirlemek ve performanslar\u0131n\u0131 artt\u0131rmak amac\u0131yla sera gaz\u0131 emisyonlar\u0131n\u0131, su kaynaklar\u0131n\u0131n y\u00f6netimini ve iklim de\u011fi\u015fikli\u011fi stratejilerini CDP arac\u0131l\u0131\u011f\u0131yla \u00f6l\u00e7mekte ve a\u00e7\u0131klamaktad\u0131r.<br \/>\n\u201cThe A List: The CDP Climate Performance Leadership Index 2014\u201d (A Listesi: CDP \u0130klim Performans Liderlik Endeksi 2014)\u2019e a\u015fa\u011f\u0131daki linkten ula\u015fabilirsiniz:<\/p>\n<p><a href=\"https:\/\/www.cdp.net\/CDPResults\/CDP-climate-performance-leadership-index-2014.pdf\" target=\"_blank\">https:\/\/www.cdp.net\/CDPResults\/CDP-climate-performance-leadership-index-2014.pdf<\/a><\/p>\n<p>Yay\u0131nc\u0131: <a href=\"https:\/\/www.enerjigazetesi.ist\" target=\"_blank\">Enerji Gazetesi<\/a><\/p>","protected":false},"excerpt":{"rendered":"<p>Sorry, this entry is only available in Turkish. For the sake of viewer convenience, the content is shown below in the alternative language. You may click the link to switch the active language.S\u00fcrd\u00fcr\u00fclebilirli\u011fe ve enerji verimlili\u011fine b\u00fcy\u00fck \u00f6nem veren Ar\u00e7elik A.\u015e., d\u00fcnyada CDP\u2019de (Karbon Saydaml\u0131k Projesi) en y\u00fcksek performansa sahip \u015firketlerin yer ald\u0131\u011f\u0131 \u201cThe A [&hellip;]<\/p>\n","protected":false},"author":1,"featured_media":35939,"comment_status":"open","ping_status":"open","sticky":false,"template":"","format":"standard","meta":[],"categories":[53,52],"tags":[2350,10743,21125,63,67,1009,2698,165,12,1999,5719,6565,2533,21124,21126,793],"views":1075,"_links":{"self":[{"href":"https:\/\/www.enerjigazetesi.ist\/en\/wp-json\/wp\/v2\/posts\/35938"}],"collection":[{"href":"https:\/\/www.enerjigazetesi.ist\/en\/wp-json\/wp\/v2\/posts"}],"about":[{"href":"https:\/\/www.enerjigazetesi.ist\/en\/wp-json\/wp\/v2\/types\/post"}],"author":[{"embeddable":true,"href":"https:\/\/www.enerjigazetesi.ist\/en\/wp-json\/wp\/v2\/users\/1"}],"replies":[{"embeddable":true,"href":"https:\/\/www.enerjigazetesi.ist\/en\/wp-json\/wp\/v2\/comments?post=35938"}],"version-history":[{"count":1,"href":"https:\/\/www.enerjigazetesi.ist\/en\/wp-json\/wp\/v2\/posts\/35938\/revisions"}],"predecessor-version":[{"id":35940,"href":"https:\/\/www.enerjigazetesi.ist\/en\/wp-json\/wp\/v2\/posts\/35938\/revisions\/35940"}],"wp:featuredmedia":[{"embeddable":true,"href":"https:\/\/www.enerjigazetesi.ist\/en\/wp-json\/wp\/v2\/media\/35939"}],"wp:attachment":[{"href":"https:\/\/www.enerjigazetesi.ist\/en\/wp-json\/wp\/v2\/media?parent=35938"}],"wp:term":[{"taxonomy":"category","embeddable":true,"href":"https:\/\/www.enerjigazetesi.ist\/en\/wp-json\/wp\/v2\/categories?post=35938"},{"taxonomy":"post_tag","embeddable":true,"href":"https:\/\/www.enerjigazetesi.ist\/en\/wp-json\/wp\/v2\/tags?post=35938"}],"curies":[{"name":"wp","href":"https:\/\/api.w.org\/{rel}","templated":true}]}}