{"id":35916,"date":"2015-01-30T16:33:17","date_gmt":"2015-01-30T13:33:17","guid":{"rendered":"https:\/\/www.enerjigazetesi.ist\/?p=35916"},"modified":"2015-01-30T16:33:17","modified_gmt":"2015-01-30T13:33:17","slug":"elektrikte-kayip-kacak-arz-fazlasinin-onlenmesiyle-azaltilacak","status":"publish","type":"post","link":"https:\/\/www.enerjigazetesi.ist\/en\/elektrikte-kayip-kacak-arz-fazlasinin-onlenmesiyle-azaltilacak\/","title":{"rendered":"(Turkish) Elektrikte Kay\u0131p-Ka\u00e7ak, Arz Fazlas\u0131n\u0131n \u00d6nlenmesiyle Azalt\u0131lacak&#8230;"},"content":{"rendered":"<p class=\"qtranxs-available-languages-message qtranxs-available-languages-message-en\">Sorry, this entry is only available in <a href=\"https:\/\/www.enerjigazetesi.ist\/tr\/wp-json\/wp\/v2\/posts\/35916\" class=\"qtranxs-available-language-link qtranxs-available-language-link-tr\" title=\"Turkish\">Turkish<\/a>. For the sake of viewer convenience, the content is shown below in the alternative language. You may click the link to switch the active language.<\/p><p><\/p>\n<p style=\"color: #000000;\"><strong>Sakarya Elektrik Da\u011f\u0131t\u0131m A\u015e (SEDA\u015e), D\u00fczce \u00dcniversitesi (D\u00dc) i\u015f birli\u011fiyle y\u00fcr\u00fctt\u00fc\u011f\u00fc Ar-Ge projesi kapsam\u0131nda saatlik \u00f6l\u00e7\u00fcmlerle t\u00fcketim tahmininde bulunarak, enerji arz\u0131 fazlas\u0131 ile kay\u0131p ve ka\u00e7a\u011f\u0131 azaltacak.<\/strong><span id=\"more-70124\"><\/span><\/p>\n<p style=\"color: #000000;\">D\u00dc M\u00fchendislik Fak\u00fcltesi Elektrik-Elektronik M\u00fchendisli\u011fi B\u00f6l\u00fcm\u00fc \u00d6\u011fretim \u00dcyesi Do\u00e7. Dr. Ali \u00d6zt\u00fcrk, gazetecilere yapt\u0131\u011f\u0131 a\u00e7\u0131klamada, projelerinin Enerji Piyasas\u0131 D\u00fczenleme Kurumuna (EPDK) sunulan 37 proje aras\u0131nda birinci se\u00e7ildi\u011fini s\u00f6yledi.<a href=\"https:\/\/www.enerjigazetesi.ist\/wp-content\/uploads\/2015\/01\/elektrikte-kayip-kacak-arz-fazlasinin-onlenmesiyle-azaltilacak.jpg\"><img loading=\"lazy\" class=\"alignright size-medium wp-image-35917\" src=\"https:\/\/www.enerjigazetesi.ist\/wp-content\/uploads\/2015\/01\/elektrikte-kayip-kacak-arz-fazlasinin-onlenmesiyle-azaltilacak-300x128.jpg\" alt=\"elektrikte-kayip-kacak-arz-fazlasinin-onlenmesiyle-azaltilacak\" width=\"300\" height=\"128\" srcset=\"https:\/\/www.enerjigazetesi.ist\/wp-content\/uploads\/2015\/01\/elektrikte-kayip-kacak-arz-fazlasinin-onlenmesiyle-azaltilacak-300x128.jpg 300w, https:\/\/www.enerjigazetesi.ist\/wp-content\/uploads\/2015\/01\/elektrikte-kayip-kacak-arz-fazlasinin-onlenmesiyle-azaltilacak-500x214.jpg 500w, https:\/\/www.enerjigazetesi.ist\/wp-content\/uploads\/2015\/01\/elektrikte-kayip-kacak-arz-fazlasinin-onlenmesiyle-azaltilacak-80x34.jpg 80w, https:\/\/www.enerjigazetesi.ist\/wp-content\/uploads\/2015\/01\/elektrikte-kayip-kacak-arz-fazlasinin-onlenmesiyle-azaltilacak.jpg 870w\" sizes=\"(max-width: 300px) 100vw, 300px\" \/><\/a><br \/>\nKay\u0131p ve ka\u00e7ak nedeniyle SEDA\u015e\u2019\u0131n da\u011f\u0131t\u0131m alan\u0131nda y\u0131ll\u0131k 5 milyon lira zarar olu\u015ftu\u011funa dikkati \u00e7eken \u00d6zt\u00fcrk, \u201cKentte elektrik da\u011f\u0131t\u0131m\u0131 yapan firma, kay\u0131p ka\u00e7aklar\u0131 do\u011fru tahmin edemedi\u011fi i\u00e7in bu zarar meydana geliyor. Firmayla olu\u015fturarak EPDK\u2019ya sundu\u011fumuz Ar-Ge projesi sayesinde kay\u0131p ve ka\u00e7ak elektri\u011fi do\u011fru \u00f6l\u00e7\u00fcmleyerek bu zarar\u0131n \u00f6n\u00fcne ge\u00e7ece\u011fiz. Projemiz en uygulanabilir proje se\u00e7ilerek, EPDK\u2019n\u0131n onay\u0131yla Resmi Gazete\u2019de yay\u0131mland\u0131\u201d diye konu\u015ftu.<\/p>\n<p style=\"color: #000000;\">Enerji kay\u0131plar\u0131n\u0131n iletim hatlar\u0131ndaki i\u00e7 diren\u00e7ten kaynakland\u0131\u011f\u0131n\u0131 belirten \u00d6zt\u00fcrk, ka\u00e7ak kullan\u0131mlar\u0131n da kay\u0131plar\u0131 artt\u0131rd\u0131\u011f\u0131n\u0131 vurgulad\u0131.<\/p>\n<p style=\"color: #000000;\">\u00d6zt\u00fcrk, kay\u0131p ve ka\u00e7ak nedeniyle olu\u015fan zarar\u0131n t\u00fcketicilere fatura olarak yans\u0131t\u0131ld\u0131\u011f\u0131n\u0131 dile getirerek, \u015fu bilgiyi payla\u015ft\u0131:<br \/>\n\u201cProjemizle kay\u0131p ve ka\u00e7a\u011f\u0131 analiz ederek \u00f6n\u00fcne ge\u00e7ece\u011fiz. Enerjiyi okumak i\u00e7in saya\u00e7lar ve uzaktan okuma sistemleri kuraca\u011f\u0131z. Saatlik \u00f6rneklemelerle do\u011fru enerji tahminlerinde bulunaca\u011f\u0131z. D\u00fczce\u2019de kay\u0131p y\u00fczde 16 seviyesinde. Projenin as\u0131l amac\u0131, firman\u0131n sat\u0131n alaca\u011f\u0131 enerjinin \u00f6nceden tahmin edilerek, enerji zarar\u0131n\u0131n \u00f6n\u00fcne ge\u00e7ilmesi. Firman\u0131n Ar-Ge birimi taraf\u0131ndan b\u00fct\u00e7elendirilecek projeyle Gebze\u2019den Gerede\u2019ye kadar olan alanda uzaktan okumal\u0131 saya\u00e7 tak\u0131larak \u00f6rnekleme y\u00f6ntemiyle \u00f6l\u00e7\u00fcm yap\u0131lacak<br \/>\nElde edilecek verilerden matematiksel y\u00f6ntemlerle gelece\u011fe y\u00f6nelik tahminler yap\u0131lacak. Neticede faturalardaki kay\u0131p ka\u00e7ak oran\u0131n\u0131n d\u00fc\u015fmesine ba\u011fl\u0131 t\u00fcketiciler daha az elektrik faturas\u0131 \u00f6deyebilecek.\u201d<\/p>\n<p style=\"color: #000000;\">Kaynak: <a href=\"http:\/\/enerjienstitusu.com\/2015\/01\/30\/elektrikte-kayip-kacak-arz-fazlasinin-onlenmesiyle-azaltilacak\/\" target=\"_blank\" rel=\"nofollow\">Enerji Enstit\u00fcs\u00fc<\/a><\/p>\n<p><\/p>","protected":false},"excerpt":{"rendered":"<p>Sorry, this entry is only available in Turkish. For the sake of viewer convenience, the content is shown below in the alternative language. You may click the link to switch the active language. Sakarya Elektrik Da\u011f\u0131t\u0131m A\u015e (SEDA\u015e), D\u00fczce \u00dcniversitesi (D\u00dc) i\u015f birli\u011fiyle y\u00fcr\u00fctt\u00fc\u011f\u00fc Ar-Ge projesi kapsam\u0131nda saatlik \u00f6l\u00e7\u00fcmlerle t\u00fcketim tahmininde bulunarak, enerji arz\u0131 fazlas\u0131 [&hellip;]<\/p>\n","protected":false},"author":1,"featured_media":35917,"comment_status":"open","ping_status":"open","sticky":false,"template":"","format":"standard","meta":[],"categories":[51,53],"tags":[21112,21113,68,61,19590,21114,15465,63,67,1009,2698,1046,165,750,21115,2444],"views":1036,"_links":{"self":[{"href":"https:\/\/www.enerjigazetesi.ist\/en\/wp-json\/wp\/v2\/posts\/35916"}],"collection":[{"href":"https:\/\/www.enerjigazetesi.ist\/en\/wp-json\/wp\/v2\/posts"}],"about":[{"href":"https:\/\/www.enerjigazetesi.ist\/en\/wp-json\/wp\/v2\/types\/post"}],"author":[{"embeddable":true,"href":"https:\/\/www.enerjigazetesi.ist\/en\/wp-json\/wp\/v2\/users\/1"}],"replies":[{"embeddable":true,"href":"https:\/\/www.enerjigazetesi.ist\/en\/wp-json\/wp\/v2\/comments?post=35916"}],"version-history":[{"count":1,"href":"https:\/\/www.enerjigazetesi.ist\/en\/wp-json\/wp\/v2\/posts\/35916\/revisions"}],"predecessor-version":[{"id":35918,"href":"https:\/\/www.enerjigazetesi.ist\/en\/wp-json\/wp\/v2\/posts\/35916\/revisions\/35918"}],"wp:featuredmedia":[{"embeddable":true,"href":"https:\/\/www.enerjigazetesi.ist\/en\/wp-json\/wp\/v2\/media\/35917"}],"wp:attachment":[{"href":"https:\/\/www.enerjigazetesi.ist\/en\/wp-json\/wp\/v2\/media?parent=35916"}],"wp:term":[{"taxonomy":"category","embeddable":true,"href":"https:\/\/www.enerjigazetesi.ist\/en\/wp-json\/wp\/v2\/categories?post=35916"},{"taxonomy":"post_tag","embeddable":true,"href":"https:\/\/www.enerjigazetesi.ist\/en\/wp-json\/wp\/v2\/tags?post=35916"}],"curies":[{"name":"wp","href":"https:\/\/api.w.org\/{rel}","templated":true}]}}