{"id":35904,"date":"2015-01-30T10:48:00","date_gmt":"2015-01-30T07:48:00","guid":{"rendered":"https:\/\/www.enerjigazetesi.ist\/?p=35904"},"modified":"2015-01-30T10:48:00","modified_gmt":"2015-01-30T07:48:00","slug":"elektrik-supurgelerine-verimlilik-etiketi-geliyor","status":"publish","type":"post","link":"https:\/\/www.enerjigazetesi.ist\/en\/elektrik-supurgelerine-verimlilik-etiketi-geliyor\/","title":{"rendered":"(Turkish) Elektrik S\u00fcp\u00fcrgelerine Verimlilik Etiketi Geliyor&#8230;"},"content":{"rendered":"<p class=\"qtranxs-available-languages-message qtranxs-available-languages-message-en\">Sorry, this entry is only available in <a href=\"https:\/\/www.enerjigazetesi.ist\/tr\/wp-json\/wp\/v2\/posts\/35904\" class=\"qtranxs-available-language-link qtranxs-available-language-link-tr\" title=\"Turkish\">Turkish<\/a>. For the sake of viewer convenience, the content is shown below in the alternative language. You may click the link to switch the active language.<\/p><p><\/p>\n<p style=\"color: #363636;\"><strong>Ev temizli\u011finin vazge\u00e7ilmezi s\u00fcp\u00fcrgeler de Avrupa Birli\u011fi normlar\u0131na uyum sa\u011flayacak.<\/strong><\/p>\n<p style=\"color: #363636;\">Eyl\u00fcl 2015\u2019te y\u00fcr\u00fcrl\u00fc\u011fe girecek Enerji Verimlili\u011fi Yasas\u0131 ile birlikte art\u0131k 1600 watt \u00fczerindeki s\u00fcp\u00fcrgelerin sat\u0131\u015f\u0131 yap\u0131lamayacak. S\u00fcp\u00fcrgelerin \u00fczerinde ne kadar enerji t\u00fcketti\u011fi, performans\u0131 ve emisyon de\u011ferlerini g\u00f6steren etiketler zorunlu hale geliyor. Yeni yasan\u0131n enerji verimlili\u011fi kadar t\u00fcketicinin do\u011fru se\u00e7imler yapabilmesi a\u00e7\u0131s\u0131ndan da \u00f6nemli oldu\u011funu belirten Fakir Elektrikli Ev Aletleri Pazarlama M\u00fcd\u00fcr\u00fc Asl\u0131 \u015eahin, Almanya\u2019da ge\u00e7ti\u011fimiz y\u0131l uygulamaya ba\u015flad\u0131klar\u0131 enerji verimlili\u011fi etiketi konusunda T\u00fcrkiye\u2019deki \u00e7al\u0131\u015fmalar\u0131n\u0131n da s\u00fcrd\u00fc\u011f\u00fcn\u00fc s\u00f6yledi.<a href=\"https:\/\/www.enerjigazetesi.ist\/wp-content\/uploads\/2015\/01\/elektrik-supurgelerine-verimlilik-etiketi-geliyor.jpg\"><img loading=\"lazy\" class=\"alignright  wp-image-35905\" src=\"https:\/\/www.enerjigazetesi.ist\/wp-content\/uploads\/2015\/01\/elektrik-supurgelerine-verimlilik-etiketi-geliyor.jpg\" alt=\"elektrik-supurgelerine-verimlilik-etiketi-geliyor\" width=\"300\" height=\"234\" \/><\/a><\/p>\n<p style=\"color: #363636;\">Enerji verimlili\u011fini sa\u011flamaya y\u00f6nelik ad\u0131mlar\u0131n ba\u015f\u0131nda evlerde kullan\u0131lan elektrikli ev aletlerinin enerji s\u0131n\u0131flar\u0131n\u0131n belgelenmesi ve enerjiyi daha verimli kullanan \u00fcr\u00fcnlerin tercih edilmesi geliyor. Eyl\u00fcl 2015\u2019te y\u00fcr\u00fcrl\u00fc\u011fe girecek Enerji Verimlili\u011fi Yasas\u0131, ilk a\u015famada elektrikli s\u00fcp\u00fcrge ve f\u0131r\u0131nlar i\u00e7in zorunlu olsa da \u00f6n\u00fcm\u00fczdeki d\u00f6nemde t\u00fcm k\u00fc\u00e7\u00fck ev aletlerini kapsamas\u0131 bekleniyor.<\/p>\n<p style=\"color: #363636;\">T\u00fcrkiye\u2019de s\u00fcp\u00fcrge pazar\u0131n\u0131n lideri konumunda yer alan Fakir Elektrikli Ev Aletleri\u2019nin Pazarlama M\u00fcd\u00fcr\u00fc Asl\u0131 \u015eahin, yeni yasa ile birlikte ya\u015fanacak de\u011fi\u015fim konusunda a\u00e7\u0131klamalar yapt\u0131. G\u00fcn\u00fcm\u00fczde bir\u00e7ok markan\u0131n \u00fcr\u00fcn\u00fcn\u00fcn rafta oldu\u011funu ancak \u00fcr\u00fcnlerin \u00fczerinde yeterli bilgilendirme olmad\u0131\u011f\u0131 i\u00e7in t\u00fcketicinin se\u00e7im yapmakta zorland\u0131\u011f\u0131n\u0131 ifade eden \u015eahin, \u201cEnerji verimlili\u011finin yan\u0131nda t\u00fcketicinin do\u011fru bilgi alma ve se\u00e7im yapma hakk\u0131n\u0131 da garantiye alan yeni yasa ile birlikte s\u00fcp\u00fcrgelere 1600 watt s\u0131n\u0131rlamas\u0131 geliyor. Yani 2015 itibariyle 1600 watt motor g\u00fcc\u00fcn\u00fcn \u00fczerinde s\u00fcp\u00fcrge sat\u0131\u015f\u0131 yap\u0131lamayacak. \u2018Watt\u2019 deyince herkesin akl\u0131na ilk olarak emi\u015f g\u00fcc\u00fc gelse de emi\u015f g\u00fcc\u00fcn\u00fcn bundan ba\u011f\u0131ms\u0131z oldu\u011funu vurgulamak gerek. \u00d6rne\u011fin s\u00fcp\u00fcrge konusunda ihtisas sahibi bir marka olarak Fakir Hausgerate etiketli \u00fcr\u00fcnlerin performans\u0131nda herhangi bir kay\u0131p ya\u015fanmayaca\u011f\u0131n\u0131 garanti ediyoruz. Watt s\u0131n\u0131rlamas\u0131 ile birlikte s\u00fcp\u00fcrgelerimizin motor g\u00fcc\u00fc d\u00fc\u015fse de \u00fcst\u00fcn teknoloji ile \u00fcretilmi\u015f verimli motorlar\u0131, ergonomik tasar\u0131ml\u0131 yap\u0131lar\u0131 ve \u00f6zel aparatlar\u0131 sayesinde emi\u015f g\u00fc\u00e7lerinde herhangi bir d\u00fc\u015f\u00fc\u015f ya\u015fanmayacak. Ancak gerekli teknolojiye sahip olmayan bir \u00e7ok marka enerji verimlili\u011finden s\u0131n\u0131fta kalacak. T\u00fcketicilerin se\u00e7im yaparken \u00f6zellikle \u00fcr\u00fcn\u00fcn etikette belirtilen performans\u0131 sa\u011flay\u0131p sa\u011flamad\u0131\u011f\u0131na dikkat etmesi gerekiyor\u201d dedi.<\/p>\n<p style=\"color: #363636;\">Yasan\u0131n \u00fcr\u00fcnlerin teknik \u00f6zelliklerini etiket \u00fczerinde g\u00f6sterilmesi zorunlulu\u011funu getirdi\u011fini belirten Asl\u0131 \u015eahin \u015funlar\u0131 s\u00f6yledi: \u201cEnerji t\u00fcketimi, performans ve emisyon de\u011ferlerinin g\u00f6sterilmesi zorunlu hale geliyor. Avrupa Birli\u011fi\u2019nde zaten bu yasa ge\u00e7erli. Fakir Hausgerate olarak Almanya\u2019da ge\u00e7ti\u011fimiz y\u0131l bu uygulamaya ba\u015flad\u0131k. T\u00fcrkiye\u2019de de 01 Eyl\u00fcl 2015 itibariyle bu uygulamaya ge\u00e7ece\u011fiz. Art\u0131k her s\u00fcp\u00fcrgenin \u00fczerinde motor g\u00fcc\u00fc, emisyon, sert zemin ve hal\u0131 \u00fczerinde performans\u0131, enerji s\u0131n\u0131f\u0131 ve desibel (ses) yer alacak. Bu sayede t\u00fcketiciler \u00fcr\u00fcnleri daha iyi tan\u0131y\u0131p ba\u015fka \u00fcr\u00fcnlerle kar\u015f\u0131la\u015ft\u0131rma yapabilecekler.\u201d<\/p>\n<p style=\"color: #363636;\">S\u00fcp\u00fcrge pazar\u0131n\u0131n Eyl\u00fcl\u2019den sonra hareketlenece\u011finin sinyallerini veren enerji verimlili\u011fi etiketi uygulamas\u0131n\u0131n istenilen sonucu vermesi i\u00e7in denetimlerin iyi yap\u0131lmas\u0131 gerekti\u011fini vurgulayan Fakir Elektrikli Ev Aletleri\u2019nin Pazarlama M\u00fcd\u00fcr\u00fc Asl\u0131 \u015eahin, \u201cS\u00fcp\u00fcrge pazar\u0131nda lider bir marka olarak Fakir Hausgerate etiketli t\u00fcm \u00fcr\u00fcnlerimizle yeni d\u00f6neme haz\u0131rl\u0131kl\u0131y\u0131z. \u00dcr\u00fcnlerimiz bu do\u011frultuda iyile\u015ftiriliyor ve \u00fcr\u00fcn geli\u015ftirme s\u00fcre\u00e7leri devam ediyor. M\u00fc\u015fterilerimize enerjiyi verimli kullanan ayn\u0131 zamanda da performans\u0131ndan \u00f6d\u00fcn vermeyen pek \u00e7ok se\u00e7enek sunuyoruz. Testlerimizi ba\u011f\u0131ms\u0131z ve akredite laboratuvarlarda yapt\u0131r\u0131yoruz. Yeni yasan\u0131n uygulamaya ge\u00e7mesinden sonraki s\u00fcre\u00e7te, t\u00fcketicinin haklar\u0131n\u0131n korunmas\u0131 i\u00e7in piyasadaki \u00fcr\u00fcnlerin \u00fczerinde yer alan etiketlerin ger\u00e7e\u011fi yans\u0131t\u0131p yans\u0131tmad\u0131\u011f\u0131n\u0131n \u00e7ok iyi denetlenmesi gerekiyor\u201d diye konu\u015ftu.<\/p>\n<p style=\"color: #363636;\">Kaynak: <a href=\"https:\/\/www.enerjigazetesi.ist\" target=\"_blank\">Enerji Gazetesi<\/a><\/p>\n<p><\/p>","protected":false},"excerpt":{"rendered":"<p>Sorry, this entry is only available in Turkish. For the sake of viewer convenience, the content is shown below in the alternative language. You may click the link to switch the active language. Ev temizli\u011finin vazge\u00e7ilmezi s\u00fcp\u00fcrgeler de Avrupa Birli\u011fi normlar\u0131na uyum sa\u011flayacak. Eyl\u00fcl 2015\u2019te y\u00fcr\u00fcrl\u00fc\u011fe girecek Enerji Verimlili\u011fi Yasas\u0131 ile birlikte art\u0131k 1600 watt [&hellip;]<\/p>\n","protected":false},"author":1,"featured_media":35905,"comment_status":"open","ping_status":"open","sticky":false,"template":"","format":"standard","meta":[],"categories":[53,52],"tags":[21105,9944,7134,63,67,1009,2698,165,10464,12,21106,21107,21104,793],"views":720,"_links":{"self":[{"href":"https:\/\/www.enerjigazetesi.ist\/en\/wp-json\/wp\/v2\/posts\/35904"}],"collection":[{"href":"https:\/\/www.enerjigazetesi.ist\/en\/wp-json\/wp\/v2\/posts"}],"about":[{"href":"https:\/\/www.enerjigazetesi.ist\/en\/wp-json\/wp\/v2\/types\/post"}],"author":[{"embeddable":true,"href":"https:\/\/www.enerjigazetesi.ist\/en\/wp-json\/wp\/v2\/users\/1"}],"replies":[{"embeddable":true,"href":"https:\/\/www.enerjigazetesi.ist\/en\/wp-json\/wp\/v2\/comments?post=35904"}],"version-history":[{"count":1,"href":"https:\/\/www.enerjigazetesi.ist\/en\/wp-json\/wp\/v2\/posts\/35904\/revisions"}],"predecessor-version":[{"id":35906,"href":"https:\/\/www.enerjigazetesi.ist\/en\/wp-json\/wp\/v2\/posts\/35904\/revisions\/35906"}],"wp:featuredmedia":[{"embeddable":true,"href":"https:\/\/www.enerjigazetesi.ist\/en\/wp-json\/wp\/v2\/media\/35905"}],"wp:attachment":[{"href":"https:\/\/www.enerjigazetesi.ist\/en\/wp-json\/wp\/v2\/media?parent=35904"}],"wp:term":[{"taxonomy":"category","embeddable":true,"href":"https:\/\/www.enerjigazetesi.ist\/en\/wp-json\/wp\/v2\/categories?post=35904"},{"taxonomy":"post_tag","embeddable":true,"href":"https:\/\/www.enerjigazetesi.ist\/en\/wp-json\/wp\/v2\/tags?post=35904"}],"curies":[{"name":"wp","href":"https:\/\/api.w.org\/{rel}","templated":true}]}}