{"id":35894,"date":"2015-01-30T10:32:49","date_gmt":"2015-01-30T07:32:49","guid":{"rendered":"https:\/\/www.enerjigazetesi.ist\/?p=35894"},"modified":"2015-01-30T10:33:03","modified_gmt":"2015-01-30T07:33:03","slug":"nukleer-teknoloji-transferi-zirve-ile-yon-bulacak","status":"publish","type":"post","link":"https:\/\/www.enerjigazetesi.ist\/en\/nukleer-teknoloji-transferi-zirve-ile-yon-bulacak\/","title":{"rendered":"(Turkish) N\u00fckleer Teknoloji Transferi Zirve \u0130le Y\u00f6n Bulacak!"},"content":{"rendered":"<p class=\"qtranxs-available-languages-message qtranxs-available-languages-message-en\">Sorry, this entry is only available in <a href=\"https:\/\/www.enerjigazetesi.ist\/tr\/wp-json\/wp\/v2\/posts\/35894\" class=\"qtranxs-available-language-link qtranxs-available-language-link-tr\" title=\"Turkish\">Turkish<\/a>. For the sake of viewer convenience, the content is shown below in the alternative language. You may click the link to switch the active language.<\/p><p><strong>Mart ay\u0131nda yap\u0131lacak olan N\u00fckleer Santraller Zirvesi`nde n\u00fckleer teknoloji transferine y\u00f6n verecek ad\u0131mlar at\u0131lacak.<\/strong><\/p>\n<p>Ge\u00e7ti\u011fimiz y\u0131l ilki d\u00fczenlenen ve b\u00fcy\u00fck ilgi toplayan Uluslararas\u0131 N\u00fckleer Santraller Zirvesi\u2019nin ikincisi uluslararas\u0131 ve yerli firmalar\u0131 bir araya getirmeye haz\u0131rlan\u0131yor. 19-20 Mart 2015 tarihleri aras\u0131nda d\u00fczenlenecek zirve<img loading=\"lazy\" class=\"alignright size-medium wp-image-35895\" src=\"https:\/\/www.enerjigazetesi.ist\/wp-content\/uploads\/2015\/01\/nukleer-teknoloji-transferi-zirve-ile-yon-bulacak-300x191.jpg\" alt=\"nukleer-teknoloji-transferi-zirve-ile-yon-bulacak\" width=\"300\" height=\"191\" srcset=\"https:\/\/www.enerjigazetesi.ist\/wp-content\/uploads\/2015\/01\/nukleer-teknoloji-transferi-zirve-ile-yon-bulacak-300x191.jpg 300w, https:\/\/www.enerjigazetesi.ist\/wp-content\/uploads\/2015\/01\/nukleer-teknoloji-transferi-zirve-ile-yon-bulacak-78x50.jpg 78w, https:\/\/www.enerjigazetesi.ist\/wp-content\/uploads\/2015\/01\/nukleer-teknoloji-transferi-zirve-ile-yon-bulacak.jpg 448w\" sizes=\"(max-width: 300px) 100vw, 300px\" \/> sayesinde n\u00fckleer santraller konusunda tecr\u00fcbeli yabanc\u0131 firmalar bilgi ve deneyimlerini T\u00fcrk firmalarla payla\u015farak, n\u00fckleer sekt\u00f6rde yer almak isteyen firmalar aras\u0131nda n\u00fckleer transferine y\u00f6n verecek ad\u0131mlar at\u0131lacak.<\/p>\n<p>Etkinli\u011fi organize eden Ticari E\u015fle\u015ftirme Derne\u011fi\u2019nin Ba\u015fkan\u0131 Koray Tuncer, temiz enerji i\u00e7in dev hamlelerin at\u0131ld\u0131\u011f\u0131 s\u00fcre\u00e7te hayata ge\u00e7irdikleri zirve sayesinde dikkatleri T\u00fcrkiye\u2019ye \u00e7ekeceklerini bildirdi.<\/p>\n<p>N\u00fckleer enerji santrallerinin in\u015fas\u0131nda ana y\u00fcklenici firmalar\u0131n, konuyla ilgili detayl\u0131 bilgiye sahip firmalarla i\u015fbirli\u011fi i\u00e7inde ilerledi\u011fini kaydeden Tuncer, \u201c\u0130stanbul N\u00fckleer Santraller Zirvesi, Ticari E\u015fle\u015ftirme Program\u0131 (INPPS) ana y\u00fcklenicileri, tedarik\u00e7ileri ve n\u00fckleer yat\u0131r\u0131mlarda yer almak isteyenleri bir araya getirecek. N\u00fckleer santraller konusunda tecr\u00fcbeli firmalar\u0131n deneyimlerini payla\u015faca\u011f\u0131 zirve, n\u00fckleer santrallerde i\u015fbirli\u011fi yapmak ve n\u00fckleer enerji teknolojisine uygun \u00fcretim yapmaya ba\u015flamak i\u00e7in \u00f6nemli bir f\u0131rsat olacak. \u00d6zellikle yerli firmalar\u0131n n\u00fckleer konusunda \u2018ben de var\u0131m\u2019 diyebilecek ad\u0131mlar\u0131 atabilmesi a\u00e7\u0131s\u0131nda zirve b\u00fcy\u00fck \u00f6nem ta\u015f\u0131yor\u201d dedi.<\/p>\n<p>Tuncer, \u00fclkemizde hayata ge\u00e7irilen iki n\u00fckleer santralin ana y\u00fcklenicisi firmalar\u0131n da zirvede yer alaca\u011f\u0131n\u0131 vurgulayarak, \u015funlar\u0131 s\u00f6yledi:<\/p>\n<p>\u201cT\u00fcrkiye, n\u00fckleer santral yat\u0131r\u0131mlar\u0131 nedeniyle uluslararas\u0131 d\u00fczeyde b\u00fcy\u00fck ilgi g\u00f6r\u00fcyor. Enerji ve Tabii Kaynaklar Bakanl\u0131\u011f\u0131\u2019n\u0131n ana destek\u00e7i oldu\u011fu II. N\u00fckleer Santraller Zirvesi, Ticari E\u015fle\u015ftirme Program\u0131 kapsam\u0131nda yerli firmalar \u00fclkemizde in\u015fa edilecek n\u00fckleer santral projelerinin sundu\u011fu f\u0131rsatlardan yararlanma olana\u011f\u0131na ula\u015facak. Fransa ba\u015fta olmak \u00fczere \u00e7ok say\u0131da \u00fclkeden sekt\u00f6r temsilcisinden birebir bilgi alma \u015fans\u0131na sahip olacak T\u00fcrk firmalar, zirve sayesinde n\u00fckleer teknoloji transferinin bir par\u00e7as\u0131 olabilecek.\u201d<\/p>\n<p>Yay\u0131nc\u0131: <a href=\"https:\/\/www.enerjigazetesi.ist\" target=\"_blank\">Enerji Gazetesi<\/a><\/p>","protected":false},"excerpt":{"rendered":"<p>Sorry, this entry is only available in Turkish. For the sake of viewer convenience, the content is shown below in the alternative language. You may click the link to switch the active language.Mart ay\u0131nda yap\u0131lacak olan N\u00fckleer Santraller Zirvesi`nde n\u00fckleer teknoloji transferine y\u00f6n verecek ad\u0131mlar at\u0131lacak. Ge\u00e7ti\u011fimiz y\u0131l ilki d\u00fczenlenen ve b\u00fcy\u00fck ilgi toplayan Uluslararas\u0131 [&hellip;]<\/p>\n","protected":false},"author":1,"featured_media":35895,"comment_status":"open","ping_status":"open","sticky":false,"template":"","format":"standard","meta":[],"categories":[53,43],"tags":[63,67,1009,2698,165,19907,71,21,18461],"views":653,"_links":{"self":[{"href":"https:\/\/www.enerjigazetesi.ist\/en\/wp-json\/wp\/v2\/posts\/35894"}],"collection":[{"href":"https:\/\/www.enerjigazetesi.ist\/en\/wp-json\/wp\/v2\/posts"}],"about":[{"href":"https:\/\/www.enerjigazetesi.ist\/en\/wp-json\/wp\/v2\/types\/post"}],"author":[{"embeddable":true,"href":"https:\/\/www.enerjigazetesi.ist\/en\/wp-json\/wp\/v2\/users\/1"}],"replies":[{"embeddable":true,"href":"https:\/\/www.enerjigazetesi.ist\/en\/wp-json\/wp\/v2\/comments?post=35894"}],"version-history":[{"count":2,"href":"https:\/\/www.enerjigazetesi.ist\/en\/wp-json\/wp\/v2\/posts\/35894\/revisions"}],"predecessor-version":[{"id":35897,"href":"https:\/\/www.enerjigazetesi.ist\/en\/wp-json\/wp\/v2\/posts\/35894\/revisions\/35897"}],"wp:featuredmedia":[{"embeddable":true,"href":"https:\/\/www.enerjigazetesi.ist\/en\/wp-json\/wp\/v2\/media\/35895"}],"wp:attachment":[{"href":"https:\/\/www.enerjigazetesi.ist\/en\/wp-json\/wp\/v2\/media?parent=35894"}],"wp:term":[{"taxonomy":"category","embeddable":true,"href":"https:\/\/www.enerjigazetesi.ist\/en\/wp-json\/wp\/v2\/categories?post=35894"},{"taxonomy":"post_tag","embeddable":true,"href":"https:\/\/www.enerjigazetesi.ist\/en\/wp-json\/wp\/v2\/tags?post=35894"}],"curies":[{"name":"wp","href":"https:\/\/api.w.org\/{rel}","templated":true}]}}