{"id":35885,"date":"2015-01-29T18:47:16","date_gmt":"2015-01-29T15:47:16","guid":{"rendered":"https:\/\/www.enerjigazetesi.ist\/?p=35885"},"modified":"2015-01-29T18:47:16","modified_gmt":"2015-01-29T15:47:16","slug":"taslaga-tepki-kayip-kacak-bedellerini-yasallastirir","status":"publish","type":"post","link":"https:\/\/www.enerjigazetesi.ist\/en\/taslaga-tepki-kayip-kacak-bedellerini-yasallastirir\/","title":{"rendered":"(Turkish) Tasla\u011fa Tepki: \u201cKay\u0131p-ka\u00e7ak Bedellerini Yasalla\u015ft\u0131r\u0131r&#8230;\u201d"},"content":{"rendered":"<p class=\"qtranxs-available-languages-message qtranxs-available-languages-message-en\">Sorry, this entry is only available in <a href=\"https:\/\/www.enerjigazetesi.ist\/tr\/wp-json\/wp\/v2\/posts\/35885\" class=\"qtranxs-available-language-link qtranxs-available-language-link-tr\" title=\"Turkish\">Turkish<\/a>. For the sake of viewer convenience, the content is shown below in the alternative language. You may click the link to switch the active language.<\/p><p><\/p>\n<p style=\"color: #000000;\"><strong>H\u00fck\u00fcmetin Meclis\u2019e yollad\u0131\u011f\u0131 \u201cElektrik Piyasas\u0131\u201d tasla\u011f\u0131n\u0131n yasala\u015fmas\u0131 durumunda, \u201ckay\u0131p-ka\u00e7ak\u201d bedellerini yasalla\u015ft\u0131raca\u011f\u0131n\u0131 savunan t\u00fcketici \u00f6rg\u00fctleri, tasar\u0131n\u0131n ge\u00e7mesi durumunda Avrupa \u0130nsan Haklar\u0131 Mahkemesi\u2019ne gidecekleri uyar\u0131s\u0131nda bulundu.<\/strong><span id=\"more-70083\"><\/span><\/p>\n<p style=\"color: #000000;\">H\u00fck\u00fcmetin elektrik t\u00fcketimindeki kay\u0131p-ka\u00e7ak bedeli ile ilgili haz\u0131rlad\u0131\u011f\u0131 yasa tasar\u0131s\u0131n\u0131 de\u011ferlendiren T\u00fcketici Birli\u011fi Federasyonu (TBF) Genel Ba\u015fkan\u0131 Mehmet B\u00fclent Deniz, \u201cHukuk devleti ilkesi ayaklar alt\u0131na al\u0131nmaktad\u0131r\u201d dedi.<\/p>\n<p style=\"color: #000000;\">T\u00fcketici vicdan\u0131n\u0131 rahats\u0131z eden kay\u0131p-ka\u00e7ak bedeli ile ilgili olarak t\u00fcketiciler taraf\u0131ndan \u00e7ok say\u0131da yarg\u0131sal ba\u015fvuru yap\u0131ld\u0131\u011f\u0131n\u0131 ve bu ba\u015fvurular\u0131n \u00e7o\u011funun t\u00fcketiciler lehine sonu\u00e7land\u0131\u011f\u0131n\u0131 an\u0131msatan Deniz, \u201cSo<a href=\"https:\/\/www.enerjigazetesi.ist\/wp-content\/uploads\/2015\/01\/taslaga-tepki-kayip-kacak-bedellerini-yasallastirir.jpg\"><img loading=\"lazy\" class=\"alignright size-medium wp-image-35886\" src=\"https:\/\/www.enerjigazetesi.ist\/wp-content\/uploads\/2015\/01\/taslaga-tepki-kayip-kacak-bedellerini-yasallastirir-300x200.jpg\" alt=\"taslaga-tepki-kayip-kacak-bedellerini-yasallastirir\" width=\"300\" height=\"200\" srcset=\"https:\/\/www.enerjigazetesi.ist\/wp-content\/uploads\/2015\/01\/taslaga-tepki-kayip-kacak-bedellerini-yasallastirir-300x200.jpg 300w, https:\/\/www.enerjigazetesi.ist\/wp-content\/uploads\/2015\/01\/taslaga-tepki-kayip-kacak-bedellerini-yasallastirir-500x333.jpg 500w, https:\/\/www.enerjigazetesi.ist\/wp-content\/uploads\/2015\/01\/taslaga-tepki-kayip-kacak-bedellerini-yasallastirir-75x50.jpg 75w, https:\/\/www.enerjigazetesi.ist\/wp-content\/uploads\/2015\/01\/taslaga-tepki-kayip-kacak-bedellerini-yasallastirir.jpg 870w\" sizes=\"(max-width: 300px) 100vw, 300px\" \/><\/a>n olarak Yarg\u0131tay Hukuk Genel Kurulu taraf\u0131ndan 21 May\u0131s 2014 tarihinde verilen karar ile elektrik t\u00fcketiminden al\u0131nan kay\u0131p-ka\u00e7ak bedelinin hukuk devleti ve adalet d\u00fc\u015f\u00fcncesi ile ba\u011fda\u015fmad\u0131\u011f\u0131na h\u00fckmedilmi\u015f ve bu karar t\u00fcm hukuk yollar\u0131 t\u00fcketilerek kesinle\u015fmi\u015ftir\u201d dedi.<\/p>\n<p style=\"color: #000000;\"><strong>\u201cT\u00dcKET\u0130C\u0130DE RAHATSIZLIK \u00dcST NOKTADA\u201d<\/strong><\/p>\n<p style=\"color: #000000;\">Karar sonras\u0131nda y\u00fczbinlerce abonenin, kay\u0131p-ka\u00e7ak bedeli iadesi i\u00e7in elektrik da\u011f\u0131t\u0131m firmalar\u0131na, T\u00fcketici Hakem Heyetlerine ve T\u00fcketici Mahkemelerine ba\u015fvurduklar\u0131na i\u015faret eden Deniz, \u201cToplamda milyarlarca liray\u0131 bulan ancak abone i\u00e7in y\u00fcksek olmayan kay\u0131p-ka\u00e7ak bedellerinin iadesi i\u00e7in ger\u00e7ekle\u015fen ba\u015fvurular\u0131n yo\u011funlu\u011fu, bu bedelin al\u0131nmas\u0131na ili\u015fkin t\u00fcketicideki rahats\u0131zl\u0131\u011f\u0131n en \u00fcst noktada oldu\u011funu g\u00f6steriyor\u201d dedi.<\/p>\n<p style=\"color: #000000;\"><strong>\u201cKAYIP KA\u00c7AK BEDELLER\u0130 YASALLA\u015eACAK\u201d<\/strong><\/p>\n<p style=\"color: #000000;\">Deniz, yo\u011fun ba\u015fvurular \u00fczerine Enerji Bakan\u0131 Taner Y\u0131ld\u0131z\u2019\u0131n bu konuda sistemi ve t\u00fcketicileri rahatlatacak bir yasal d\u00fczenleme yap\u0131laca\u011f\u0131 bilgisi verdi\u011fini an\u0131msatt\u0131. Elektrik Piyasas\u0131 Kanunu ile Baz\u0131 Kanunlarda De\u011fi\u015fiklik Yap\u0131lmas\u0131na Dair Kanun Tasar\u0131s\u0131\u2019n\u0131n, h\u00fck\u00fcmet taraf\u0131ndan 28 Ocak tarihinde Meclis\u2019e g\u00f6nderildi\u011fine i\u015faret eden Deniz, \u201cTasar\u0131 incelendi\u011finde, Bakan Y\u0131ld\u0131z\u2019\u0131n s\u00f6yledi\u011finin aksine; kay\u0131p-ka\u00e7ak bedelini yasalla\u015ft\u0131ran, dahas\u0131 bu bedel ile ilgili olarak yarg\u0131lama yetkisini s\u0131n\u0131rlayan d\u00fczenlemeler bulundu\u011fu g\u00f6r\u00fclmektedir\u201d dedi ve \u015f\u00f6yle devam etti:<\/p>\n<p style=\"color: #000000;\"><strong>\u201cANAYASA MAHKEMES\u0130 VE A\u0130HM\u2019E G\u0130DECE\u011e\u0130Z\u201d<\/strong><\/p>\n<p style=\"color: #000000;\">\u201cKay\u0131p-ka\u00e7ak bedelindeki haks\u0131zl\u0131\u011f\u0131 giderecek, bug\u00fcne kadar al\u0131nm\u0131\u015f bedellerin de geri iadesine ili\u015fkin \u00e7\u00f6z\u00fcm getirece\u011fi beklentisinde olan otuz dokuz milyon elektrik t\u00fcketicisi b\u00fcy\u00fck bir hayal k\u0131r\u0131kl\u0131\u011f\u0131 ya\u015fiyor. T\u00fcketiciler, d\u00fcn bankalara tercih edilmemi\u015f, bug\u00fcn de siyasi, iktidar taraf\u0131ndan elektrik da\u011f\u0131t\u0131m firmalar\u0131na teslim edilmi\u015ftir.<\/p>\n<p style=\"color: #000000;\">Anayasa\u2019daki sosyal devlet, hukuk devleti, yurtta\u015f\u0131n hak arama \u00f6zg\u00fcrl\u00fc\u011f\u00fcn\u00fc elinden almaya kalkan bu tasar\u0131n\u0131n geri \u00e7ekilmesini istiyoruz. T\u00fcketici Birli\u011fi Federasyonu, tasar\u0131n\u0131n bu haliyle yasala\u015facak olmas\u0131 halinde Anayasa Mahkemesi ve Avrupa \u0130nsan Haklar\u0131 Mahkemesi a\u015famalar\u0131na kadar yarg\u0131sal t\u00fcm giri\u015fimleri yapacakt\u0131r.\u201d<\/p>\n<p style=\"color: #000000;\">Kaynak:\u00a0<a style=\"color: #c75615;\" href=\"http:\/\/www.milliyet.com.tr\/elektrik-taslagina-tepki-\/ekonomi\/detay\/2005612\/default.htm\" target=\"_blank\" rel=\"nofollow\">Milliyet<\/a><\/p>\n<p><\/p>","protected":false},"excerpt":{"rendered":"<p>Sorry, this entry is only available in Turkish. For the sake of viewer convenience, the content is shown below in the alternative language. You may click the link to switch the active language. H\u00fck\u00fcmetin Meclis\u2019e yollad\u0131\u011f\u0131 \u201cElektrik Piyasas\u0131\u201d tasla\u011f\u0131n\u0131n yasala\u015fmas\u0131 durumunda, \u201ckay\u0131p-ka\u00e7ak\u201d bedellerini yasalla\u015ft\u0131raca\u011f\u0131n\u0131 savunan t\u00fcketici \u00f6rg\u00fctleri, tasar\u0131n\u0131n ge\u00e7mesi durumunda Avrupa \u0130nsan Haklar\u0131 Mahkemesi\u2019ne gidecekleri [&hellip;]<\/p>\n","protected":false},"author":1,"featured_media":35886,"comment_status":"open","ping_status":"open","sticky":false,"template":"","format":"standard","meta":[],"categories":[51,53],"tags":[21095,21096,68,21097,19590,19638,1451,130,63,67,1009,2698,165,21098,10708],"views":833,"_links":{"self":[{"href":"https:\/\/www.enerjigazetesi.ist\/en\/wp-json\/wp\/v2\/posts\/35885"}],"collection":[{"href":"https:\/\/www.enerjigazetesi.ist\/en\/wp-json\/wp\/v2\/posts"}],"about":[{"href":"https:\/\/www.enerjigazetesi.ist\/en\/wp-json\/wp\/v2\/types\/post"}],"author":[{"embeddable":true,"href":"https:\/\/www.enerjigazetesi.ist\/en\/wp-json\/wp\/v2\/users\/1"}],"replies":[{"embeddable":true,"href":"https:\/\/www.enerjigazetesi.ist\/en\/wp-json\/wp\/v2\/comments?post=35885"}],"version-history":[{"count":1,"href":"https:\/\/www.enerjigazetesi.ist\/en\/wp-json\/wp\/v2\/posts\/35885\/revisions"}],"predecessor-version":[{"id":35887,"href":"https:\/\/www.enerjigazetesi.ist\/en\/wp-json\/wp\/v2\/posts\/35885\/revisions\/35887"}],"wp:featuredmedia":[{"embeddable":true,"href":"https:\/\/www.enerjigazetesi.ist\/en\/wp-json\/wp\/v2\/media\/35886"}],"wp:attachment":[{"href":"https:\/\/www.enerjigazetesi.ist\/en\/wp-json\/wp\/v2\/media?parent=35885"}],"wp:term":[{"taxonomy":"category","embeddable":true,"href":"https:\/\/www.enerjigazetesi.ist\/en\/wp-json\/wp\/v2\/categories?post=35885"},{"taxonomy":"post_tag","embeddable":true,"href":"https:\/\/www.enerjigazetesi.ist\/en\/wp-json\/wp\/v2\/tags?post=35885"}],"curies":[{"name":"wp","href":"https:\/\/api.w.org\/{rel}","templated":true}]}}