{"id":35852,"date":"2015-01-28T15:58:54","date_gmt":"2015-01-28T12:58:54","guid":{"rendered":"https:\/\/www.enerjigazetesi.ist\/?p=35852"},"modified":"2015-01-29T09:23:16","modified_gmt":"2015-01-29T06:23:16","slug":"150-mwlik-geycek-ruzgar-enerji-santrali-devrede","status":"publish","type":"post","link":"https:\/\/www.enerjigazetesi.ist\/en\/150-mwlik-geycek-ruzgar-enerji-santrali-devrede\/","title":{"rendered":"(Turkish) 150 MW\u2019l\u0131k Geycek R\u00fczgar Enerji Santrali Devrede!"},"content":{"rendered":"<p class=\"qtranxs-available-languages-message qtranxs-available-languages-message-en\">Sorry, this entry is only available in <a href=\"https:\/\/www.enerjigazetesi.ist\/tr\/wp-json\/wp\/v2\/posts\/35852\" class=\"qtranxs-available-language-link qtranxs-available-language-link-tr\" title=\"Turkish\">Turkish<\/a>. For the sake of viewer convenience, the content is shown below in the alternative language. You may click the link to switch the active language.<\/p><p><\/p>\n<p style=\"color: #000000;\"><strong>K\u0131r\u015fehir\u2019in Mucur il\u00e7esinde yap\u0131m\u0131 tamamlanan \u2019Geycek R\u00fczgar Enerji Santrali\u2019nin a\u00e7\u0131l\u0131\u015f\u0131 Cumhurba\u015fkan\u0131 Recep Tayyip Erdo\u011fan\u2019\u0131n kat\u0131l\u0131m\u0131 ile a\u00e7\u0131lacak.<span id=\"more-69973\"><\/span>\u00a0Geycek R\u00fczg\u00e2r Enerji Santrali, 150 MW kurulu g\u00fcc\u00fc ile T\u00fcrkiye\u2019nin en b\u00fcy\u00fck r\u00fczgar enerjisi santrallerinden biri konumunda ve y\u0131lda toplam 231.000 ton CO2 azalt\u0131m\u0131 ger\u00e7ekle\u015ftirecek.<\/strong><\/p>\n<p style=\"color: #000000;\">Yat\u0131r\u0131m tutar\u0131 yakla\u015f\u0131k 190 mil<img loading=\"lazy\" class=\"alignleft  wp-image-35853\" src=\"https:\/\/www.enerjigazetesi.ist\/wp-content\/uploads\/2015\/01\/r\u00fczgar-santrali-2398733-300x168.jpg\" alt=\"r\u00fczgar-santrali-2398733\" width=\"300\" height=\"212\" \/>yon avro olan santral, y\u0131lda 191 bin 500 ki\u015finin elektrik ihtiyac\u0131n\u0131 kar\u015f\u0131lamaya denk, 384 milyon kWh elektrik \u00fcretimi<br \/>\nger\u00e7ekle\u015ftirecek olan santralin a\u00e7\u0131l\u0131\u015f\u0131n\u0131 31 Ocakta Cumhurba\u015fkan\u0131 Tayyip Erdo\u011fan\u2019\u0131n yapaca\u011f\u0131 ve bu vesileyle K\u0131r\u015fehir\u2019e gelece\u011fi a\u00e7\u0131kland\u0131.<\/p>\n<p style=\"color: #000000;\">Elektrik piyasas\u0131n\u0131n serbestle\u015fmesi ile birlikte Polat Enerji, 2001 y\u0131l\u0131nda 4 i\u015ftiraki ile (Do\u011fal, Soma, Poyraz, Doruk) EPDK\u2019ya 7 r\u00fczg\u00e2r santrali i\u00e7in lisans m\u00fcracaat\u0131nda bulunmu\u015f, Polat Enerji ve Demirer Enerji, ba\u015flang\u0131\u00e7ta bu 4 \u015firkette e\u015fit hisselere sahip bir konumda iken, Ekim 2009\u2019da Polat Enerji, Demirer Enerji\u2019nin Soma Enerji Elektrik \u00dcretim A\u015e\u2019deki hisselerini sat\u0131n alarak, 2012 y\u0131l\u0131nda da\u201c150 MW\u2019l\u0131k Geycek RES projesini\u201d devralm\u0131\u015ft\u0131. Galatasaray kul\u00fcb\u00fc ba\u015fkanl\u0131\u011f\u0131n\u0131 b\u0131rakmas\u0131n\u0131n ard\u0131ndan b\u00fct\u00fcn mesaisini yenilenebilir enerji i\u015fine ay\u0131ran Adnan Polat, sekt\u00f6rde sessiz ve derinden b\u00fcy\u00fcmesiyle dikkatleri \u00fczerinde toplarken K\u0131r\u015fehir\u2019e yapt\u0131\u011f\u0131 yat\u0131r\u0131m nedeniyle de b\u00f6lge halk\u0131n\u0131n sevgisini kazand\u0131.<\/p>\n<p style=\"color: #000000;\">Polat Enerji, T\u00fcrkiye\u2019deki r\u00fczgar enerji kapasitesinin y\u00fczde 23\u2019\u00fcne sahipken, aralar\u0131nda Bal\u0131kesir, Manisa, \u0130zmir, \u00c7anakkale, K\u0131r\u015fehir gibi illerin bulundu\u011fu 10 a yak\u0131n de\u011fi\u015fik b\u00f6lgede \u00fcretim yap\u0131yor.<\/p>\n<p style=\"color: #000000;\">Frans\u0131z yenilenebilir enerji \u015firketi EDF Energies Nouvelles\u2019ten yap\u0131lan a\u00e7\u0131klama ile de T\u00fcrkiye\u2019deki ortaklar\u0131 Polat Enerji taraf\u0131ndan, K\u0131r\u015fehir Mucur\u2019da yap\u0131m\u0131 tamamlanan 150 MW\u2019lik kurulu g\u00fcce sahip Geycek R\u00fczgar Enerji Santrali\u2019nin devreye al\u0131nd\u0131\u011f\u0131 belirtilirken, EDF EnergiesNouvelles, T\u00fcrk r\u00fczgar enerjisi pazar\u0131na ba\u011fl\u0131l\u0131\u011f\u0131n\u0131 bir kez daha teyit edildi\u011fi belirtildi.<\/p>\n<p style=\"color: #000000;\">Al \u2013 Yel Elektrik \u00dcretim A.\u015e. taraf\u0131ndan K\u0131r\u015fehir Mucur\u2019da yat\u0131r\u0131m\u0131na ba\u015flanan Geycek R\u00fczg\u00e2r Enerji Santrali, 150 MW kurulu g\u00fcc\u00fc ile T\u00fcrkiye\u2019nin en b\u00fcy\u00fck r\u00fczgar enerjisi santrallerinden biri konumunda ve y\u0131lda toplam 231.000 ton CO2 azalt\u0131m\u0131 ger\u00e7ekle\u015ftirecek.<\/p>\n<p style=\"color: #000000;\">Kaynak: Enerji Enstit\u00fcs\u00fc<\/p>\n<p><\/p>","protected":false},"excerpt":{"rendered":"<p>Sorry, this entry is only available in Turkish. For the sake of viewer convenience, the content is shown below in the alternative language. You may click the link to switch the active language. K\u0131r\u015fehir\u2019in Mucur il\u00e7esinde yap\u0131m\u0131 tamamlanan \u2019Geycek R\u00fczgar Enerji Santrali\u2019nin a\u00e7\u0131l\u0131\u015f\u0131 Cumhurba\u015fkan\u0131 Recep Tayyip Erdo\u011fan\u2019\u0131n kat\u0131l\u0131m\u0131 ile a\u00e7\u0131lacak.\u00a0Geycek R\u00fczg\u00e2r Enerji Santrali, 150 MW [&hellip;]<\/p>\n","protected":false},"author":1,"featured_media":35853,"comment_status":"open","ping_status":"open","sticky":false,"template":"","format":"standard","meta":[],"categories":[53,50],"tags":[21070,21071,7376,14936,1478,21072,750,14938,21073,4487,2063],"views":895,"_links":{"self":[{"href":"https:\/\/www.enerjigazetesi.ist\/en\/wp-json\/wp\/v2\/posts\/35852"}],"collection":[{"href":"https:\/\/www.enerjigazetesi.ist\/en\/wp-json\/wp\/v2\/posts"}],"about":[{"href":"https:\/\/www.enerjigazetesi.ist\/en\/wp-json\/wp\/v2\/types\/post"}],"author":[{"embeddable":true,"href":"https:\/\/www.enerjigazetesi.ist\/en\/wp-json\/wp\/v2\/users\/1"}],"replies":[{"embeddable":true,"href":"https:\/\/www.enerjigazetesi.ist\/en\/wp-json\/wp\/v2\/comments?post=35852"}],"version-history":[{"count":2,"href":"https:\/\/www.enerjigazetesi.ist\/en\/wp-json\/wp\/v2\/posts\/35852\/revisions"}],"predecessor-version":[{"id":35859,"href":"https:\/\/www.enerjigazetesi.ist\/en\/wp-json\/wp\/v2\/posts\/35852\/revisions\/35859"}],"wp:featuredmedia":[{"embeddable":true,"href":"https:\/\/www.enerjigazetesi.ist\/en\/wp-json\/wp\/v2\/media\/35853"}],"wp:attachment":[{"href":"https:\/\/www.enerjigazetesi.ist\/en\/wp-json\/wp\/v2\/media?parent=35852"}],"wp:term":[{"taxonomy":"category","embeddable":true,"href":"https:\/\/www.enerjigazetesi.ist\/en\/wp-json\/wp\/v2\/categories?post=35852"},{"taxonomy":"post_tag","embeddable":true,"href":"https:\/\/www.enerjigazetesi.ist\/en\/wp-json\/wp\/v2\/tags?post=35852"}],"curies":[{"name":"wp","href":"https:\/\/api.w.org\/{rel}","templated":true}]}}