{"id":358,"date":"2012-06-11T06:59:11","date_gmt":"2012-06-11T06:59:11","guid":{"rendered":"https:\/\/www.enerjigazetesi.ist\/?p=358"},"modified":"2012-06-11T06:59:53","modified_gmt":"2012-06-11T06:59:53","slug":"turkiyedeki-binalar-yesil-oluyor","status":"publish","type":"post","link":"https:\/\/www.enerjigazetesi.ist\/en\/turkiyedeki-binalar-yesil-oluyor\/","title":{"rendered":"(Turkish) T\u00fcrkiye&#8217;deki Binalar &#8220;Ye\u015fil&#8221; Oluyor&#8230;"},"content":{"rendered":"<p class=\"qtranxs-available-languages-message qtranxs-available-languages-message-en\">Sorry, this entry is only available in <a href=\"https:\/\/www.enerjigazetesi.ist\/tr\/wp-json\/wp\/v2\/posts\/358\" class=\"qtranxs-available-language-link qtranxs-available-language-link-tr\" title=\"Turkish\">Turkish<\/a>. For the sake of viewer convenience, the content is shown below in the alternative language. You may click the link to switch the active language.<\/p><p><\/p>\n<h2>Enerji ve su tasarrufu sa\u011flayan, do\u011faya sayg\u0131l\u0131 bir in\u015faat t\u00fcr\u00fcn\u00fc benimseyen sertifikal\u0131 ye\u015fil bina projelerinin h\u0131zla art\u0131yor&#8230;<\/h2>\n<p>Enerji ve su tasarrufu sa\u011flayan, do\u011faya sayg\u0131l\u0131 bir in\u015faat t\u00fcr\u00fcn\u00fc benimseyen sertifikal\u0131 ye\u015fil bina projelerinin h\u0131zla artt\u0131\u011f\u0131 bildirildi.<img loading=\"lazy\" class=\"alignright size-full wp-image-360\" title=\"yesil-binalar-enerji-verimliligi\" src=\"https:\/\/www.enerjigazetesi.ist\/wp-content\/uploads\/2012\/06\/green-house.png\" alt=\"\" width=\"300\" height=\"300\" srcset=\"https:\/\/www.enerjigazetesi.ist\/wp-content\/uploads\/2012\/06\/green-house.png 300w, https:\/\/www.enerjigazetesi.ist\/wp-content\/uploads\/2012\/06\/green-house-150x150.png 150w, https:\/\/www.enerjigazetesi.ist\/wp-content\/uploads\/2012\/06\/green-house-50x50.png 50w\" sizes=\"(max-width: 300px) 100vw, 300px\" \/><\/p>\n<p>Yap\u0131n\u0131n arazi\u00a0se\u00e7iminden ba\u015flayarak do\u011fayla uyumlu, ihtiyac\u0131 kadar t\u00fcketen ve yenilenebilir enerji kaynaklar\u0131na y\u00f6nelmi\u015f, \u00e7evre dostu malzemelerin kullan\u0131ld\u0131\u011f\u0131 ye\u015fil binalar, ayn\u0131 zamanda ekolojik bilincin g\u00f6stergesi olarak da art\u0131\u015f g\u00f6steriyor.<\/p>\n<p>\u00c7evre Dostu Ye\u015fil Binalar Derne\u011fi Ba\u015fkan\u0131 Haluk Sur, AA muhabirine yapt\u0131\u011f\u0131 a\u00e7\u0131klamada, bir binaya &#8220;ye\u015fil bina&#8221; unvan\u0131n\u0131, enerji ve su kullan\u0131m\u0131, yer\u00a0se\u00e7imi, tasar\u0131m, inovasyon, binada kullan\u0131lan ekolojik yap\u0131 malzemeleri, yap\u0131m tekni\u011fi ve at\u0131k malzemelerin yeniden kullan\u0131m\u0131 konular\u0131ndaki se\u00e7ici yakla\u015f\u0131mlar\u0131n verdi\u011fini belirtti.<\/p>\n<p>Ye\u015fil binalar\u0131n sertifikal\u0131 olmas\u0131 halinde yat\u0131r\u0131mc\u0131lar\u0131n, mal sahiplerinin ve kullan\u0131c\u0131lar\u0131n ulusal ve k\u00fcresel rekabette \u00e7evre dostu olduklar\u0131n\u0131 ve s\u00fcrd\u00fcr\u00fclebilirli\u011fe katk\u0131 sa\u011flad\u0131klar\u0131n\u0131 belgelendirmi\u015f olduklar\u0131n\u0131 ifade eden Sur, \u015funlar\u0131 kaydetti:<\/p>\n<p>&#8220;Ekolojik bilincin g\u00f6stergesi olarak\u00a0T\u00fcrkiye&#8217;de sertifikal\u0131 ye\u015fil bina projeleri de h\u0131zla artmaktad\u0131r. May\u0131s 2012 itibariyle 40 sertifikal\u0131, 80 tane de sertifika aday\u0131 ye\u015fil bina bulunuyor.\u00a0T\u00fcrkiye\u00a0gibi yap\u0131 stoku 18,5 milyon olan bir \u00fclkede 120 bina az gibi g\u00f6r\u00fcnse de sertifikal\u0131 ye\u015fil binalar\u0131n art\u0131\u015f ivmesi g\u00f6z \u00f6n\u00fcne al\u0131nd\u0131\u011f\u0131nda sekt\u00f6r\u00fcn h\u0131zla b\u00fcy\u00fcd\u00fc\u011f\u00fc g\u00f6r\u00fcl\u00fcr. B\u00fcy\u00fcmenin nedeni hem konunun g\u00fcncelli\u011fi hem de in\u015faat sekt\u00f6r\u00fcn\u00fcn \u00e7evre dostu uygulamalara y\u00f6nelmesidir.&#8221;<\/p>\n<p>-&#8220;Kentsel d\u00f6n\u00fc\u015f\u00fcmde ye\u015fil binalara y\u00f6nelmeli&#8221;<\/p>\n<p>T\u00fcrkiye&#8217;de 19 milyona yakla\u015fan konut stokunun y\u00fczde 48&#8217;inin 35 ya\u015f\u0131n \u00fczerinde oldu\u011funu bildiren Sur, \u00fclkenin, &#8220;y\u0131pranm\u0131\u015f konut stoku ve deprem ger\u00e7e\u011fi sebebiyle&#8221; b\u00fcy\u00fck \u00e7apl\u0131 bir kentsel d\u00f6n\u00fc\u015f\u00fcm program\u0131yla kar\u015f\u0131 kar\u015f\u0131ya oldu\u011funu belirtti. Sur, \u015fu g\u00f6r\u00fc\u015fleri dile getirdi:<\/p>\n<p>&#8220;T\u00fcrkiye\u00a010 milyona yak\u0131n konutunu kentsel d\u00f6n\u00fc\u015f\u00fcmle yenileyecek, bu s\u00fcre\u00e7te ye\u015fil binalara y\u00f6nelmeli. Konut stokunun tamam\u0131 ye\u015file d\u00f6n\u00fc\u015ft\u00fcr\u00fcld\u00fc\u011f\u00fcnde 500 milyar ila 1 trilyon dolar aras\u0131nda bir ekonomi ortaya \u00e7\u0131kacak. Bu hacim, 10 y\u0131l sonra n\u00fcfus art\u0131\u015f\u0131, bina say\u0131s\u0131nda art\u0131\u015f, kentsel d\u00f6n\u00fc\u015f\u00fcm, yeni teknolojilerin ve yan sekt\u00f6rlerin etkisiyle katlanarak artacakt\u0131r.&#8221;<\/p>\n<p>Sur, dernek olarak &#8220;ye\u015fil binalar&#8221; konusunda\u00a0T\u00fcrkiye\u00a0ko\u015fullar\u0131na uygun de\u011ferlendirme sistemi olu\u015fturmak i\u00e7in \u00e7al\u0131\u015fmalara ba\u015flad\u0131klar\u0131n\u0131 ifade etti.<\/p>\n<p>T\u00fcrkiye&#8217;de geli\u015ftirilecek sertifikan\u0131n, di\u011fer uluslararas\u0131 sertifikalara g\u00f6re en b\u00fcy\u00fck avantaj\u0131n\u0131n sertifika gelirinin yurt i\u00e7inde kalacak olmas\u0131 ve b\u00f6ylece d\u0131\u015far\u0131ya kaynak transferinin engellenmesi oldu\u011funu belirten Sur,\u00a0T\u00fcrkiye&#8217;de yeni binalar\u0131n &#8220;\u00e7evre dostu bina&#8221; kriterlerine g\u00f6re in\u015fa edilmesi ve mevcut binalar\u0131n da bu kriterlere uygun d\u00f6n\u00fc\u015ft\u00fcr\u00fclmesiyle hem \u00e7evreye olumsuz etkinin azalaca\u011f\u0131n\u0131 hem de b\u00fcy\u00fck oranda tasarruf edilece\u011fini vurgulad\u0131.<\/p>\n<p>-&#8220;Bir\u00e7ok \u00fclkede \u00f6ncelikli g\u00fcndem maddesi&#8221;<\/p>\n<p>Haluk Sur, ye\u015fil bina konusunun ABD ve\u00a0Avrupa\u00a0\u00fclkeleri ba\u015fta olmak \u00fczere bir\u00e7ok \u00fclkede art\u0131k g\u00fcndemin en \u00f6ncelikli maddesi oldu\u011funu ve gayrimenkul sekt\u00f6r\u00fcnde yepyeni bir d\u00f6nemin kap\u0131lar\u0131n\u0131n a\u00e7\u0131lmaya ba\u015fland\u0131\u011f\u0131n\u0131 s\u00f6yledi.<\/p>\n<p>Amerika&#8217;da ye\u015fil bina ve alt sekt\u00f6rlerinin pazar b\u00fcy\u00fckl\u00fc\u011f\u00fcn\u00fcn 5 trilyon dolar\u0131 buldu\u011funu, Amerika&#8217;n\u0131n 130 milyon konut stokunun y\u00fczde 1&#8217;ini ye\u015fil binaya d\u00f6n\u00fc\u015ft\u00fcrerek 50 milyar dolarl\u0131k b\u00fcy\u00fck bir pazar yaratt\u0131\u011f\u0131n\u0131 bildiren Sur, k\u00fcresel krizin ila\u00e7lar\u0131ndan birinin de &#8220;ye\u015fil binalar&#8221; olaca\u011f\u0131n\u0131 savundu.<\/p>\n<p>Sur, ye\u015fil binalar i\u00e7in vergi indirimi ve te\u015fvikin\u00a0T\u00fcrkiye&#8217;de hen\u00fcz uygulamaya ge\u00e7medi\u011fini, ancak\u00a0\u00c7evre ve \u015eehircilik Bakanl\u0131\u011f\u0131&#8217;n\u0131n Uluslararas\u0131 Ye\u015fil Binalar Zirvesi&#8217;nde ye\u015fil binalara te\u015fvik verme konusunda \u00e7al\u0131\u015fmalara ba\u015flad\u0131\u011f\u0131n\u0131 a\u00e7\u0131klad\u0131\u011f\u0131n\u0131 bildirdi.<\/p>\n<p>Resmi Gazete&#8217;de yay\u0131mlanan Enerji Verimlili\u011fi Strateji Belgesi&#8217;ne g\u00f6re 2017 y\u0131l\u0131ndan itibaren kullan\u0131m alan\u0131 10 bin metrekare \u00fczerindeki ticari binalar\u0131n, m\u00fcstakil l\u00fcks konutlar\u0131n ve entegre konutlar\u0131n ruhsatland\u0131r\u0131lmas\u0131nda binan\u0131n s\u00fcrd\u00fcr\u00fclebilirlik kriterlerine uygun oldu\u011funu belirten sertifika istenece\u011fini aktaran Sur, kanun kapsam\u0131nda verilen te\u015fvikler, bankalar\u0131n sa\u011flad\u0131\u011f\u0131 krediler gibi finansman olanaklar\u0131n\u0131n yayg\u0131nla\u015fmas\u0131yla da hem yat\u0131r\u0131mc\u0131 hem de son kullan\u0131c\u0131lar\u0131n &#8220;ye\u015fil binay\u0131&#8221; tercih etme oran\u0131n\u0131n artaca\u011f\u0131n\u0131 kaydetti.<\/p>\n<p>Kaynak: <a href=\"http:\/\/www.haberler.com\/turkiye-deki-binalar-yesil-oluyor-3694639-haberi\/\">Haberler.com<\/a><\/p>","protected":false},"excerpt":{"rendered":"<p>Sorry, this entry is only available in Turkish. For the sake of viewer convenience, the content is shown below in the alternative language. You may click the link to switch the active language. Enerji ve su tasarrufu sa\u011flayan, do\u011faya sayg\u0131l\u0131 bir in\u015faat t\u00fcr\u00fcn\u00fc benimseyen sertifikal\u0131 ye\u015fil bina projelerinin h\u0131zla art\u0131yor&#8230; Enerji ve su tasarrufu sa\u011flayan, [&hellip;]<\/p>\n","protected":false},"author":1,"featured_media":360,"comment_status":"open","ping_status":"open","sticky":false,"template":"","format":"standard","meta":[],"categories":[53,52],"tags":[12,55],"views":1051,"_links":{"self":[{"href":"https:\/\/www.enerjigazetesi.ist\/en\/wp-json\/wp\/v2\/posts\/358"}],"collection":[{"href":"https:\/\/www.enerjigazetesi.ist\/en\/wp-json\/wp\/v2\/posts"}],"about":[{"href":"https:\/\/www.enerjigazetesi.ist\/en\/wp-json\/wp\/v2\/types\/post"}],"author":[{"embeddable":true,"href":"https:\/\/www.enerjigazetesi.ist\/en\/wp-json\/wp\/v2\/users\/1"}],"replies":[{"embeddable":true,"href":"https:\/\/www.enerjigazetesi.ist\/en\/wp-json\/wp\/v2\/comments?post=358"}],"version-history":[{"count":4,"href":"https:\/\/www.enerjigazetesi.ist\/en\/wp-json\/wp\/v2\/posts\/358\/revisions"}],"predecessor-version":[{"id":364,"href":"https:\/\/www.enerjigazetesi.ist\/en\/wp-json\/wp\/v2\/posts\/358\/revisions\/364"}],"wp:featuredmedia":[{"embeddable":true,"href":"https:\/\/www.enerjigazetesi.ist\/en\/wp-json\/wp\/v2\/media\/360"}],"wp:attachment":[{"href":"https:\/\/www.enerjigazetesi.ist\/en\/wp-json\/wp\/v2\/media?parent=358"}],"wp:term":[{"taxonomy":"category","embeddable":true,"href":"https:\/\/www.enerjigazetesi.ist\/en\/wp-json\/wp\/v2\/categories?post=358"},{"taxonomy":"post_tag","embeddable":true,"href":"https:\/\/www.enerjigazetesi.ist\/en\/wp-json\/wp\/v2\/tags?post=358"}],"curies":[{"name":"wp","href":"https:\/\/api.w.org\/{rel}","templated":true}]}}