{"id":3579,"date":"2012-11-20T10:22:04","date_gmt":"2012-11-20T07:22:04","guid":{"rendered":"https:\/\/www.enerjigazetesi.ist\/?p=3579"},"modified":"2012-11-20T10:25:41","modified_gmt":"2012-11-20T07:25:41","slug":"vi-osb-enerji-zirvesi-kayseride-gerceklestirilecek","status":"publish","type":"post","link":"https:\/\/www.enerjigazetesi.ist\/en\/vi-osb-enerji-zirvesi-kayseride-gerceklestirilecek\/","title":{"rendered":"(Turkish) V\u0131. Osb Enerji Zirvesi Kayseri\u2019de Ger\u00e7ekle\u015ftirilecek"},"content":{"rendered":"<p class=\"qtranxs-available-languages-message qtranxs-available-languages-message-en\">Sorry, this entry is only available in <a href=\"https:\/\/www.enerjigazetesi.ist\/tr\/wp-json\/wp\/v2\/posts\/3579\" class=\"qtranxs-available-language-link qtranxs-available-language-link-tr\" title=\"Turkish\">Turkish<\/a>. For the sake of viewer convenience, the content is shown below in the alternative language. You may click the link to switch the active language.<\/p><p><strong>Bilim Sanayi ve Teknoloji Bakan\u0131 Nihat Erg\u00fcn ve Enerji ve Tabii Kaynaklar Bakan\u0131 Taner Y\u0131ld\u0131z, Kayseri\u2019de ger\u00e7ekle\u015ftirilecek olan VI. OSB Enerji Zirvesi\u2019ne kat\u0131lacak.<\/strong><\/p>\n<p><img loading=\"lazy\" class=\"alignright size-medium wp-image-3580\" title=\"5osb-enerji-zirvesine-maziciogluda-katildi\" src=\"https:\/\/www.enerjigazetesi.ist\/wp-content\/uploads\/2012\/11\/5osb-enerji-zirvesine-maziciogluda-katildi-300x225.jpg\" alt=\"\" width=\"300\" height=\"225\" srcset=\"https:\/\/www.enerjigazetesi.ist\/wp-content\/uploads\/2012\/11\/5osb-enerji-zirvesine-maziciogluda-katildi-300x225.jpg 300w, https:\/\/www.enerjigazetesi.ist\/wp-content\/uploads\/2012\/11\/5osb-enerji-zirvesine-maziciogluda-katildi-66x50.jpg 66w, https:\/\/www.enerjigazetesi.ist\/wp-content\/uploads\/2012\/11\/5osb-enerji-zirvesine-maziciogluda-katildi.jpg 500w\" sizes=\"(max-width: 300px) 100vw, 300px\" \/>Zirve \u00f6ncesinde, Kayseri OSB Mesleki ve Teknik E\u011fitim Merkezi\u2019nin de a\u00e7\u0131l\u0131\u015f t\u00f6reni yap\u0131lacak.<\/p>\n<p>Cuma g\u00fcn\u00fc, Organize Sanayi B\u00f6lgesi METEM A\u00e7\u0131l\u0131\u015f t\u00f6reninin ard\u0131ndan VI. OSBEnerjiZirvesi Protokol Konu\u015fmalar\u0131 ger\u00e7ekle\u015ftirilecek. \u00d6\u011fle yeme\u011fi aras\u0131ndan sonra Zirve I. Oturumu Sanayide <a href=\"http:\/\/www.enve.com.tr\" target=\"_blank\">Enerji Verimlili\u011fi<\/a> konferans\u0131 ile devam edecek, Zirve II. oturumda ise \u2018Elektrik-Do\u011falgaz Piyasalar\u0131 ve \u00a0OSB\u2019ler\u2019konu\u015fulacak.<\/p>\n<p>Kaynak: <a href=\"http:\/\/www.haberciniz.biz\/vi-osb-enerji-zirvesi-kayseride-gerceklestirilecek-1734646h.htm\" target=\"_blank\">Haberciniz<\/a><\/p>","protected":false},"excerpt":{"rendered":"<p>Sorry, this entry is only available in Turkish. For the sake of viewer convenience, the content is shown below in the alternative language. You may click the link to switch the active language.Bilim Sanayi ve Teknoloji Bakan\u0131 Nihat Erg\u00fcn ve Enerji ve Tabii Kaynaklar Bakan\u0131 Taner Y\u0131ld\u0131z, Kayseri\u2019de ger\u00e7ekle\u015ftirilecek olan VI. OSB Enerji Zirvesi\u2019ne kat\u0131lacak. [&hellip;]<\/p>\n","protected":false},"author":1,"featured_media":3580,"comment_status":"open","ping_status":"open","sticky":false,"template":"","format":"standard","meta":[],"categories":[53,52],"tags":[1039,1038],"views":799,"_links":{"self":[{"href":"https:\/\/www.enerjigazetesi.ist\/en\/wp-json\/wp\/v2\/posts\/3579"}],"collection":[{"href":"https:\/\/www.enerjigazetesi.ist\/en\/wp-json\/wp\/v2\/posts"}],"about":[{"href":"https:\/\/www.enerjigazetesi.ist\/en\/wp-json\/wp\/v2\/types\/post"}],"author":[{"embeddable":true,"href":"https:\/\/www.enerjigazetesi.ist\/en\/wp-json\/wp\/v2\/users\/1"}],"replies":[{"embeddable":true,"href":"https:\/\/www.enerjigazetesi.ist\/en\/wp-json\/wp\/v2\/comments?post=3579"}],"version-history":[{"count":4,"href":"https:\/\/www.enerjigazetesi.ist\/en\/wp-json\/wp\/v2\/posts\/3579\/revisions"}],"predecessor-version":[{"id":3583,"href":"https:\/\/www.enerjigazetesi.ist\/en\/wp-json\/wp\/v2\/posts\/3579\/revisions\/3583"}],"wp:featuredmedia":[{"embeddable":true,"href":"https:\/\/www.enerjigazetesi.ist\/en\/wp-json\/wp\/v2\/media\/3580"}],"wp:attachment":[{"href":"https:\/\/www.enerjigazetesi.ist\/en\/wp-json\/wp\/v2\/media?parent=3579"}],"wp:term":[{"taxonomy":"category","embeddable":true,"href":"https:\/\/www.enerjigazetesi.ist\/en\/wp-json\/wp\/v2\/categories?post=3579"},{"taxonomy":"post_tag","embeddable":true,"href":"https:\/\/www.enerjigazetesi.ist\/en\/wp-json\/wp\/v2\/tags?post=3579"}],"curies":[{"name":"wp","href":"https:\/\/api.w.org\/{rel}","templated":true}]}}