{"id":35733,"date":"2015-01-25T12:37:14","date_gmt":"2015-01-25T09:37:14","guid":{"rendered":"https:\/\/www.enerjigazetesi.ist\/?p=35733"},"modified":"2015-01-25T12:37:14","modified_gmt":"2015-01-25T09:37:14","slug":"g-20-gundemine-iklim-degisikligi-ile-mucadeleyi-alin","status":"publish","type":"post","link":"https:\/\/www.enerjigazetesi.ist\/en\/g-20-gundemine-iklim-degisikligi-ile-mucadeleyi-alin\/","title":{"rendered":"(Turkish) &#8221;G-20 G\u00fcndemine \u0130klim De\u011fi\u015fikli\u011fi \u0130le M\u00fccadeleyi Al\u0131n&#8230;\u2019\u2019"},"content":{"rendered":"<p class=\"qtranxs-available-languages-message qtranxs-available-languages-message-en\">Sorry, this entry is only available in <a href=\"https:\/\/www.enerjigazetesi.ist\/tr\/wp-json\/wp\/v2\/posts\/35733\" class=\"qtranxs-available-language-link qtranxs-available-language-link-tr\" title=\"Turkish\">Turkish<\/a>. For the sake of viewer convenience, the content is shown below in the alternative language. You may click the link to switch the active language.<\/p><p><strong>Birles\u0327mis\u0327 Milletler C\u0327o\u0308lles\u0327me ile Mu\u0308cadele (UNCCD) Genel Sekreteri Monique Barbut Orman ve Su \u0130\u015fleri Bakan\u0131 Veysel Ero\u011flu\u2019nun makam\u0131nda ziyaret etti.<\/strong><\/p>\n<p>Bakan Ero\u011flu Barbut ile g\u00f6r\u00fc\u015fmesinde 12-24 Ekim tarihleri aras\u0131nda T\u00fcrkiye\u2019de d\u00fczenlenecek olan \u2018\u2019BM \u00c7\u00f6lle\u015fme ile M\u00fccadele S\u00f6zle\u015fmesi Taraflar Konferans\u0131\u2019\u2019 i\u00e7in t\u00fcm haz\u0131rl\u0131klar\u0131n\u0131n tamamland\u0131\u011f\u0131n\u0131 ve konferans\u0131n \u00e7ok ba\u015far\u0131l\u0131 ge\u00e7ece\u011fine inand\u0131\u011f\u0131n\u0131 ifade etti.<a href=\"https:\/\/www.enerjigazetesi.ist\/wp-content\/uploads\/2015\/01\/g-20-gundemine-iklim-degisikligi-ile-mucadeleyi-alin.jpg\"><img loading=\"lazy\" class=\"alignright size-medium wp-image-35734\" src=\"https:\/\/www.enerjigazetesi.ist\/wp-content\/uploads\/2015\/01\/g-20-gundemine-iklim-degisikligi-ile-mucadeleyi-alin-300x163.jpg\" alt=\"g-20-gundemine-iklim-degisikligi-ile-mucadeleyi-alin\" width=\"300\" height=\"163\" srcset=\"https:\/\/www.enerjigazetesi.ist\/wp-content\/uploads\/2015\/01\/g-20-gundemine-iklim-degisikligi-ile-mucadeleyi-alin-300x163.jpg 300w, https:\/\/www.enerjigazetesi.ist\/wp-content\/uploads\/2015\/01\/g-20-gundemine-iklim-degisikligi-ile-mucadeleyi-alin-80x43.jpg 80w, https:\/\/www.enerjigazetesi.ist\/wp-content\/uploads\/2015\/01\/g-20-gundemine-iklim-degisikligi-ile-mucadeleyi-alin.jpg 460w\" sizes=\"(max-width: 300px) 100vw, 300px\" \/><\/a><\/p>\n<p>Veysel Ero\u011flu T\u00fcrkiye\u2019nin maddi imkans\u0131zl\u0131klar\u0131 bulunan baz\u0131 \u00fclkelerin kongreye kat\u0131labilmeleri i\u00e7in konaklama ve seyahat masraflar\u0131n\u0131 kar\u015f\u0131layaca\u011f\u0131n\u0131 da ifade etti. Ekonomik yetersizlik ic\u0327indeki u\u0308lkelere o\u0308zellikle arazi bozulumu, ormanlar\u0131n yok olmamas\u0131 ic\u0327in destek verilmesi gerektig\u0306ine de dikkat c\u0327eken Erog\u0306lu, &#8220;Zengin u\u0308lkeler ellerini ceplerine atmalar\u0131 gerekiyor. Biz de Tu\u0308rkiye olarak haz\u0131r\u0131z&#8221; dedi.<\/p>\n<p>Monique Barbut ise T\u00fcrkiye&#8217;nin bu y\u0131lki G-20 zirvesine ba\u015fkanl\u0131k edece\u011fini hat\u0131rlat\u0131rken, T\u00fcrkiye\u2019nin iklim de\u011fi\u015fikli\u011fi ile m\u00fccadeleyi G-20 g\u00fcndemine almas\u0131 talebinde bulundu.<\/p>\n<p>UNCCD Genel Sekreteri Monique Barbut \u015funlar\u0131 s\u00f6yledi; &#8220;Benim, sizden bir beklentim olacak. I\u0307klim \ufffcdeg\u0306is\u0327ikliyle mu\u0308cadeleyi G-20&#8217;nin gu\u0308ndemine koyabilmenizi rica edeceg\u0306im. Daha somut olarak G-20&#8217;nin yay\u0131mlayacag\u0306\u0131 nihai bildirimin ic\u0327ine bir s\u0327ekilde iklim\ufffcdeg\u0306is\u0327iklig\u0306iyle mu\u0308cadeleyi de entegre edebilirsek c\u0327ok bu\u0308yu\u0308k bir bas\u0327ar\u0131 olacakt\u0131r.\u201d<\/p>\n<p>Bu y\u0131l 15-16 Kas\u0131m tarihlerinde Antalya\u2019da d\u00fczenlenecek olan zirvenin g\u00fcndemindeki ana ba\u015fl\u0131klar g\u00fc\u00e7l\u00fc s\u00fcrd\u00fcr\u00fclebilir ve dengeli b\u00fcy\u00fcme, altyap\u0131 yat\u0131r\u0131mlar\u0131, finansal d\u00fczenlemeler, uluslararas\u0131 finansal mimari, uluslararas\u0131 vergi konular\u0131, enerji, ticaret, istihdam, iklim de\u011fi\u015fikli\u011finin finansman\u0131, kalk\u0131nma ve yolsuzlukla m\u00fccadele olacak.<\/p>\n<p>Kaynak: <a href=\"http:\/\/www.yesilekonomi.com\/surdurulebilirlik\/g-20-gundemine-iklim-degisikligi-ile-mucadeleyi-alin\" target=\"_blank\" rel=\"nofollow\">Ye\u015fil Ekonomi<\/a><\/p>","protected":false},"excerpt":{"rendered":"<p>Sorry, this entry is only available in Turkish. For the sake of viewer convenience, the content is shown below in the alternative language. You may click the link to switch the active language.Birles\u0327mis\u0327 Milletler C\u0327o\u0308lles\u0327me ile Mu\u0308cadele (UNCCD) Genel Sekreteri Monique Barbut Orman ve Su \u0130\u015fleri Bakan\u0131 Veysel Ero\u011flu\u2019nun makam\u0131nda ziyaret etti. Bakan Ero\u011flu Barbut [&hellip;]<\/p>\n","protected":false},"author":1,"featured_media":35734,"comment_status":"open","ping_status":"open","sticky":false,"template":"","format":"standard","meta":[],"categories":[53],"tags":[20998,63,67,1009,2698,165,1999,20999,20997,1211],"views":391,"_links":{"self":[{"href":"https:\/\/www.enerjigazetesi.ist\/en\/wp-json\/wp\/v2\/posts\/35733"}],"collection":[{"href":"https:\/\/www.enerjigazetesi.ist\/en\/wp-json\/wp\/v2\/posts"}],"about":[{"href":"https:\/\/www.enerjigazetesi.ist\/en\/wp-json\/wp\/v2\/types\/post"}],"author":[{"embeddable":true,"href":"https:\/\/www.enerjigazetesi.ist\/en\/wp-json\/wp\/v2\/users\/1"}],"replies":[{"embeddable":true,"href":"https:\/\/www.enerjigazetesi.ist\/en\/wp-json\/wp\/v2\/comments?post=35733"}],"version-history":[{"count":1,"href":"https:\/\/www.enerjigazetesi.ist\/en\/wp-json\/wp\/v2\/posts\/35733\/revisions"}],"predecessor-version":[{"id":35735,"href":"https:\/\/www.enerjigazetesi.ist\/en\/wp-json\/wp\/v2\/posts\/35733\/revisions\/35735"}],"wp:featuredmedia":[{"embeddable":true,"href":"https:\/\/www.enerjigazetesi.ist\/en\/wp-json\/wp\/v2\/media\/35734"}],"wp:attachment":[{"href":"https:\/\/www.enerjigazetesi.ist\/en\/wp-json\/wp\/v2\/media?parent=35733"}],"wp:term":[{"taxonomy":"category","embeddable":true,"href":"https:\/\/www.enerjigazetesi.ist\/en\/wp-json\/wp\/v2\/categories?post=35733"},{"taxonomy":"post_tag","embeddable":true,"href":"https:\/\/www.enerjigazetesi.ist\/en\/wp-json\/wp\/v2\/tags?post=35733"}],"curies":[{"name":"wp","href":"https:\/\/api.w.org\/{rel}","templated":true}]}}