{"id":35723,"date":"2015-01-24T15:00:25","date_gmt":"2015-01-24T12:00:25","guid":{"rendered":"https:\/\/www.enerjigazetesi.ist\/?p=35723"},"modified":"2015-01-24T15:00:25","modified_gmt":"2015-01-24T12:00:25","slug":"erdogan-saldirilarin-en-onemli-nedeni-enerji","status":"publish","type":"post","link":"https:\/\/www.enerjigazetesi.ist\/en\/erdogan-saldirilarin-en-onemli-nedeni-enerji\/","title":{"rendered":"(Turkish) Erdo\u011fan: Sald\u0131r\u0131lar\u0131n En \u00d6nemli Nedeni Enerji&#8230;"},"content":{"rendered":"<p class=\"qtranxs-available-languages-message qtranxs-available-languages-message-en\">Sorry, this entry is only available in <a href=\"https:\/\/www.enerjigazetesi.ist\/tr\/wp-json\/wp\/v2\/posts\/35723\" class=\"qtranxs-available-language-link qtranxs-available-language-link-tr\" title=\"Turkish\">Turkish<\/a>. For the sake of viewer convenience, the content is shown below in the alternative language. You may click the link to switch the active language.<\/p><p><strong>Cumhurba\u015fkan\u0131 Recep Tayyip Erdo\u011fan, son y\u0131llarda T\u00fcrkiye`ye y\u00f6nelik t\u00fcm sald\u0131r\u0131lar\u0131n, t\u00fcm s\u0131k\u0131nt\u0131lar\u0131n gerisindeki en \u00f6nemli unsurlar\u0131ndan birinin enerji oldu\u011funu s\u00f6yledi.<\/strong><\/p>\n<p>Enerji Uzmanlar\u0131 Derne\u011fi taraf\u0131ndan Jw Marriott Otel`de d\u00fczenlenen Enerji Piyasalar\u0131 Zirvesi`nde konu\u015fan<a href=\"https:\/\/www.enerjigazetesi.ist\/wp-content\/uploads\/2015\/01\/erdogan-saldirilarin-en-onemli-nedeni-enerji.jpg\"><img loading=\"lazy\" class=\"alignright wp-image-35724 size-medium\" src=\"https:\/\/www.enerjigazetesi.ist\/wp-content\/uploads\/2015\/01\/erdogan-saldirilarin-en-onemli-nedeni-enerji-300x186.jpg\" alt=\"erdogan-saldirilarin-en-onemli-nedeni-enerji\" width=\"300\" height=\"186\" srcset=\"https:\/\/www.enerjigazetesi.ist\/wp-content\/uploads\/2015\/01\/erdogan-saldirilarin-en-onemli-nedeni-enerji-300x186.jpg 300w, https:\/\/www.enerjigazetesi.ist\/wp-content\/uploads\/2015\/01\/erdogan-saldirilarin-en-onemli-nedeni-enerji-80x50.jpg 80w, https:\/\/www.enerjigazetesi.ist\/wp-content\/uploads\/2015\/01\/erdogan-saldirilarin-en-onemli-nedeni-enerji.jpg 448w\" sizes=\"(max-width: 300px) 100vw, 300px\" \/><\/a> Cumhurba\u015fkan\u0131 Recep Tayyip Erdo\u011fan, enerji kaynaklar\u0131n\u0131n g\u00fcvenli, istikrarl\u0131 ve ekonomik olarak ge\u00e7i\u015fini sa\u011flaman\u0131nen az bu kaynaklara sahip olmak kadar stratejik \u00f6neme sahip oldu\u011funu belirterek, son y\u0131llarda T\u00fcrkiye`ye y\u00f6nelik t\u00fcm sald\u0131r\u0131lar\u0131n, t\u00fcm s\u0131k\u0131nt\u0131lar\u0131n gerisindeki en \u00f6nemli unsurlar\u0131ndan birinin enerji oldu\u011funu s\u00f6yledi.<\/p>\n<p>Erdo\u011fan, &#8220;\u00dclkemizin son y\u0131llarda maruz kald\u0131\u011f\u0131 t\u00fcm sald\u0131r\u0131lar\u0131n t\u00fcm s\u0131k\u0131nt\u0131lar\u0131n gerisindeki en \u00f6nemli unsurlar\u0131ndan birisi enerjidir. Enerji bakan\u0131m\u0131z\u0131n telefon g\u00f6r\u00fc\u015fmelerinin dinlenmesi ve bunlar\u0131n bir yerlere servis edilmesi bo\u015funa de\u011fil. Bunun \u00fczerinde durmam\u0131z gerekir. T\u00fcrkiye`nin enerji politikalar\u0131yla ilgili detaylar\u0131 i\u00e7eren g\u00f6r\u00fc\u015fmelerin dinlenip medya arac\u0131l\u0131\u011f\u0131yla c\u00fcmle aleme servis edilmesi habercilik \u00e7abas\u0131 olarak de\u011ferlendirilebilecek bir konu de\u011fildir.&#8221; diye konu\u015ftu.<\/p>\n<p><strong>T\u00dcRK\u0130YE`N\u0130N B\u00dcY\u00dcK ENERJ\u0130 PROJELER\u0130 B\u0130R\u0130LER\u0130N\u0130 RAHATSIZ ETT\u0130<\/strong><\/p>\n<p>T\u00fcrkiye`nin TANAP gibi, Kuzey Irak petrollerinin Ceyhan`dan d\u00fcnyaya sat\u0131\u015f\u0131, Akkuyu ve Sinop n\u00fckleer santrali gibi enerji projelerinin kimleri, ne i\u00e7in rahats\u0131z etti\u011fini gayet iyi bildiklerini kaydeden Erdo\u011fan, &#8220;Hatta \u00e7\u00f6z\u00fcm s\u00fcrecine y\u00f6nelik provokasyonlar\u0131n bir k\u0131sm\u0131n\u0131n da gerisinde benzer dertlerin oldu\u011funu \u00e7ok a\u00e7\u0131k net g\u00f6r\u00fcyoruz. Hi\u00e7 kimse kusura bakmas\u0131n a\u00e7\u0131k ve net s\u00f6yl\u00fcyorum. T\u00fcrkiye ekonomide ve demokraside geli\u015fmeye, b\u00fcy\u00fcmeye 2023 hedefleri do\u011frultusunda ad\u0131m ad\u0131m ilerlemeye devam edecektir. Bizim 77 milyon insan\u0131m\u0131za s\u00f6z\u00fcm\u00fcz var. Daha da \u00f6tesi bizim Balkanlardan Afrika`ya kadar geni\u015f co\u011frafyada ya\u015fayan, umutlar\u0131n\u0131 hayallerini g\u00f6n\u00fcllerini bize ba\u011flam\u0131\u015f y\u00fcz milyonlarca karde\u015fimize sorumluluklar\u0131m\u0131z var. T\u00fcrkiye`nin 3-5 milyar dolarl\u0131k finans manip\u00fclasyonu ile kurgulanm\u0131\u015f siyasi krizlerle 3-5 bomba patlamas\u0131yla ray\u0131ndan \u00e7\u0131kart\u0131ld\u0131\u011f\u0131 istikameti de\u011fi\u015ftirildi\u011fi g\u00fcnler geride kald\u0131. O eski T\u00fcrkiye idi.&#8221; ifadelerini kulland\u0131.<br \/>\n<!-- Di\u011fer Fotolar --><\/p>\n<p>Kaynak: <a href=\"http:\/\/enerjigunlugu.net\/erdogan:-saldirilarin-en-onemli-nedeni-enerji_11867.html\" target=\"_blank\">Enerji G\u00fcnl\u00fc\u011f\u00fc<\/a><\/p>","protected":false},"excerpt":{"rendered":"<p>Sorry, this entry is only available in Turkish. For the sake of viewer convenience, the content is shown below in the alternative language. You may click the link to switch the active language.Cumhurba\u015fkan\u0131 Recep Tayyip Erdo\u011fan, son y\u0131llarda T\u00fcrkiye`ye y\u00f6nelik t\u00fcm sald\u0131r\u0131lar\u0131n, t\u00fcm s\u0131k\u0131nt\u0131lar\u0131n gerisindeki en \u00f6nemli unsurlar\u0131ndan birinin enerji oldu\u011funu s\u00f6yledi. Enerji Uzmanlar\u0131 Derne\u011fi [&hellip;]<\/p>\n","protected":false},"author":1,"featured_media":35724,"comment_status":"open","ping_status":"open","sticky":false,"template":"","format":"standard","meta":[],"categories":[51,53],"tags":[63,67,1009,20910,2698,165,1916,2063,2297],"views":504,"_links":{"self":[{"href":"https:\/\/www.enerjigazetesi.ist\/en\/wp-json\/wp\/v2\/posts\/35723"}],"collection":[{"href":"https:\/\/www.enerjigazetesi.ist\/en\/wp-json\/wp\/v2\/posts"}],"about":[{"href":"https:\/\/www.enerjigazetesi.ist\/en\/wp-json\/wp\/v2\/types\/post"}],"author":[{"embeddable":true,"href":"https:\/\/www.enerjigazetesi.ist\/en\/wp-json\/wp\/v2\/users\/1"}],"replies":[{"embeddable":true,"href":"https:\/\/www.enerjigazetesi.ist\/en\/wp-json\/wp\/v2\/comments?post=35723"}],"version-history":[{"count":1,"href":"https:\/\/www.enerjigazetesi.ist\/en\/wp-json\/wp\/v2\/posts\/35723\/revisions"}],"predecessor-version":[{"id":35725,"href":"https:\/\/www.enerjigazetesi.ist\/en\/wp-json\/wp\/v2\/posts\/35723\/revisions\/35725"}],"wp:featuredmedia":[{"embeddable":true,"href":"https:\/\/www.enerjigazetesi.ist\/en\/wp-json\/wp\/v2\/media\/35724"}],"wp:attachment":[{"href":"https:\/\/www.enerjigazetesi.ist\/en\/wp-json\/wp\/v2\/media?parent=35723"}],"wp:term":[{"taxonomy":"category","embeddable":true,"href":"https:\/\/www.enerjigazetesi.ist\/en\/wp-json\/wp\/v2\/categories?post=35723"},{"taxonomy":"post_tag","embeddable":true,"href":"https:\/\/www.enerjigazetesi.ist\/en\/wp-json\/wp\/v2\/tags?post=35723"}],"curies":[{"name":"wp","href":"https:\/\/api.w.org\/{rel}","templated":true}]}}