{"id":35686,"date":"2015-01-23T15:28:09","date_gmt":"2015-01-23T12:28:09","guid":{"rendered":"https:\/\/www.enerjigazetesi.ist\/?p=35686"},"modified":"2015-01-23T15:28:09","modified_gmt":"2015-01-23T12:28:09","slug":"sanliurfada-999-megavat-kurulu-guce-sahip-gunes-enerjisi-santrali-kurulacak","status":"publish","type":"post","link":"https:\/\/www.enerjigazetesi.ist\/en\/sanliurfada-999-megavat-kurulu-guce-sahip-gunes-enerjisi-santrali-kurulacak\/","title":{"rendered":"(Turkish) \u015eanl\u0131urfa\u2019da 9,99 Megavat Kurulu G\u00fcce Sahip G\u00fcne\u015f Enerjisi Santrali Kurulacak&#8230;"},"content":{"rendered":"<p class=\"qtranxs-available-languages-message qtranxs-available-languages-message-en\">Sorry, this entry is only available in <a href=\"https:\/\/www.enerjigazetesi.ist\/tr\/wp-json\/wp\/v2\/posts\/35686\" class=\"qtranxs-available-language-link qtranxs-available-language-link-tr\" title=\"Turkish\">Turkish<\/a>. For the sake of viewer convenience, the content is shown below in the alternative language. You may click the link to switch the active language.<\/p><p><\/p>\n<p style=\"color: #000000;\"><strong>G\u00fcne\u015f \u0131\u015f\u0131\u011f\u0131ndan en fazla faydalanan iller aras\u0131nda yer alan \u015eanl\u0131urfa\u2019ya G\u00fcne\u015f Enerjisi santrali kurulacak.<span id=\"more-69917\"><\/span>\u00a0Son y\u0131llarda enerjide d\u0131\u015fa ba\u011f\u0131ml\u0131l\u0131\u011f\u0131 azaltmak i\u00e7in T\u00fcrkiye\u2019de yerli ve yenilebilir Enerji potansiyelini ekonomiye kazand\u0131rmaya y\u00f6nelik \u00e7al\u0131\u015fmalar yo\u011fun bir \u015fekilde s\u00fcrd\u00fcr\u00fcl\u00fcyor. Bu kapsamda g\u00fcne\u015f enerjisine dayal\u0131 yat\u0131r\u0131mlar \u00f6nemli bir yer tutuyor.<\/strong><\/p>\n<h3 style=\"color: #000000;\">Yat\u0131r\u0131m K\u00fc\u00e7\u00fck Getirisi B\u00fcy\u00fck<a href=\"https:\/\/www.enerjigazetesi.ist\/wp-content\/uploads\/2015\/01\/g\u00fcne\u015f-panelleri-82333.jpg\"><img loading=\"lazy\" class=\"alignright size-medium wp-image-35687\" src=\"https:\/\/www.enerjigazetesi.ist\/wp-content\/uploads\/2015\/01\/g\u00fcne\u015f-panelleri-82333-300x187.jpg\" alt=\"g\u00fcne\u015f-panelleri-82333\" width=\"300\" height=\"187\" srcset=\"https:\/\/www.enerjigazetesi.ist\/wp-content\/uploads\/2015\/01\/g\u00fcne\u015f-panelleri-82333-300x187.jpg 300w, https:\/\/www.enerjigazetesi.ist\/wp-content\/uploads\/2015\/01\/g\u00fcne\u015f-panelleri-82333-500x312.jpg 500w, https:\/\/www.enerjigazetesi.ist\/wp-content\/uploads\/2015\/01\/g\u00fcne\u015f-panelleri-82333-80x50.jpg 80w, https:\/\/www.enerjigazetesi.ist\/wp-content\/uploads\/2015\/01\/g\u00fcne\u015f-panelleri-82333.jpg 800w\" sizes=\"(max-width: 300px) 100vw, 300px\" \/><\/a><\/h3>\n<p style=\"color: #000000;\">Bu \u00e7er\u00e7evede, Arya Energy M\u00fchendislik Dan\u0131\u015fmanl\u0131k \u0130n\u015faat Sanayi ve Ticaret Limited \u015eirketi de \u015eanl\u0131urfa\u2019ya G\u00fcne\u015f Enerjisi santrali kurmaya haz\u0131rlan\u0131yor. Santral i\u00e7in haz\u0131rlanan proje tan\u0131t\u0131m dosyas\u0131nda yer alan bilgilere g\u00f6re, \u015firket \u015eanl\u0131urfa\u2019da 9,99 megavat kurulu G\u00fcce sahip G\u00fcne\u015f Enerjisi santrali kuracak. \u015eanl\u0131urfa\u2019n\u0131n Viran\u015fehir il\u00e7esinde kurulacak santralin proje bedeli ise 940 bin lira olarak belirlendi. Paneller i\u00e7in 445 bin lira harcanmas\u0131 planlanan projenin Enerji nakil hatt\u0131 i\u00e7in ise 95 bin liral\u0131k kaynak kullan\u0131lacak.<\/p>\n<h3 style=\"color: #000000;\">\u0130stihdam Sa\u011flayacak<\/h3>\n<p style=\"color: #000000;\">S\u00f6z konusu \u015firket taraf\u0131ndan, 213 bin metrekarelik alan \u00fczerinde kurulmas\u0131 planlanan santral, toplam 10 b\u00f6l\u00fcmden olu\u015facak. Santralde 40 bin panel, 20 kilovat g\u00fcc\u00fcnde toplam 440 invert\u00f6r ekipman\u0131 kullan\u0131larak elde edilecek Enerji, do\u011fru ak\u0131mdan alternatif ak\u0131ma \u00e7evrilip trafo \u015febekeleri vas\u0131tas\u0131yla da\u011f\u0131t\u0131m hatlar\u0131na verilecek. Projenin in\u015faat a\u015famas\u0131nda 10, i\u015fletilmesi a\u015famas\u0131nda ise 20 ki\u015fiye istihdam sa\u011flanacak. G\u00fcne\u015f \u0131\u015f\u0131\u011f\u0131ndan faydalanma s\u00fcresi uzun olan T\u00fcrkiye, g\u00fcne\u015f enerjisinden elektrik \u00fcretimi a\u00e7\u0131s\u0131ndan olduk\u00e7a avantajl\u0131 bir konumda bulunuyor. Yenilenebilir Enerji Genel M\u00fcd\u00fcrl\u00fc\u011f\u00fc taraf\u0131ndan haz\u0131rlanan G\u00fcne\u015f Enerjisi Potansiyel Atlas\u0131\u2019na g\u00f6re \u015eanl\u0131urfa\u2019n\u0131n Viran\u015fehir il\u00e7esinde y\u0131ll\u0131k ortalama 1600-1650 kilovatsaat\/metrekare g\u00fcne\u015f radyasyonuyla g\u00fcne\u015f santrali kurmak i\u00e7in elveri\u015fli b\u00f6lgeler aras\u0131nda yer al\u0131yor.<\/p>\n<p style=\"color: #000000;\">Kaynak: Enerji Enstit\u00fcs\u00fc<\/p>\n<p><\/p>","protected":false},"excerpt":{"rendered":"<p>Sorry, this entry is only available in Turkish. For the sake of viewer convenience, the content is shown below in the alternative language. You may click the link to switch the active language. G\u00fcne\u015f \u0131\u015f\u0131\u011f\u0131ndan en fazla faydalanan iller aras\u0131nda yer alan \u015eanl\u0131urfa\u2019ya G\u00fcne\u015f Enerjisi santrali kurulacak.\u00a0Son y\u0131llarda enerjide d\u0131\u015fa ba\u011f\u0131ml\u0131l\u0131\u011f\u0131 azaltmak i\u00e7in T\u00fcrkiye\u2019de yerli [&hellip;]<\/p>\n","protected":false},"author":1,"featured_media":35687,"comment_status":"open","ping_status":"open","sticky":false,"template":"","format":"standard","meta":[],"categories":[53,49],"tags":[20958,68,19590,19638,19,63,3136,2569,2097,20959],"views":633,"_links":{"self":[{"href":"https:\/\/www.enerjigazetesi.ist\/en\/wp-json\/wp\/v2\/posts\/35686"}],"collection":[{"href":"https:\/\/www.enerjigazetesi.ist\/en\/wp-json\/wp\/v2\/posts"}],"about":[{"href":"https:\/\/www.enerjigazetesi.ist\/en\/wp-json\/wp\/v2\/types\/post"}],"author":[{"embeddable":true,"href":"https:\/\/www.enerjigazetesi.ist\/en\/wp-json\/wp\/v2\/users\/1"}],"replies":[{"embeddable":true,"href":"https:\/\/www.enerjigazetesi.ist\/en\/wp-json\/wp\/v2\/comments?post=35686"}],"version-history":[{"count":1,"href":"https:\/\/www.enerjigazetesi.ist\/en\/wp-json\/wp\/v2\/posts\/35686\/revisions"}],"predecessor-version":[{"id":35688,"href":"https:\/\/www.enerjigazetesi.ist\/en\/wp-json\/wp\/v2\/posts\/35686\/revisions\/35688"}],"wp:featuredmedia":[{"embeddable":true,"href":"https:\/\/www.enerjigazetesi.ist\/en\/wp-json\/wp\/v2\/media\/35687"}],"wp:attachment":[{"href":"https:\/\/www.enerjigazetesi.ist\/en\/wp-json\/wp\/v2\/media?parent=35686"}],"wp:term":[{"taxonomy":"category","embeddable":true,"href":"https:\/\/www.enerjigazetesi.ist\/en\/wp-json\/wp\/v2\/categories?post=35686"},{"taxonomy":"post_tag","embeddable":true,"href":"https:\/\/www.enerjigazetesi.ist\/en\/wp-json\/wp\/v2\/tags?post=35686"}],"curies":[{"name":"wp","href":"https:\/\/api.w.org\/{rel}","templated":true}]}}