{"id":35683,"date":"2015-01-23T15:16:45","date_gmt":"2015-01-23T12:16:45","guid":{"rendered":"https:\/\/www.enerjigazetesi.ist\/?p=35683"},"modified":"2018-10-26T13:02:55","modified_gmt":"2018-10-26T10:02:55","slug":"elektrik-uretiminde-kamunun-yuzde-30-olan-payi-bu-yil-yuzde-23-e-gerileyecek","status":"publish","type":"post","link":"https:\/\/www.enerjigazetesi.ist\/en\/elektrik-uretiminde-kamunun-yuzde-30-olan-payi-bu-yil-yuzde-23-e-gerileyecek\/","title":{"rendered":"(Turkish) Elektrik \u00dcretiminde Kamunun %30 Olan Pay\u0131 Bu Y\u0131l %23\u2019e Gerileyecek!"},"content":{"rendered":"<p class=\"qtranxs-available-languages-message qtranxs-available-languages-message-en\">Sorry, this entry is only available in <a href=\"https:\/\/www.enerjigazetesi.ist\/tr\/wp-json\/wp\/v2\/posts\/35683\" class=\"qtranxs-available-language-link qtranxs-available-language-link-tr\" title=\"Turkish\">Turkish<\/a>. For the sake of viewer convenience, the content is shown below in the alternative language. You may click the link to switch the active language.<\/p><p><\/p>\n<p style=\"color: #000000;\"><strong>T\u00fcrkiye\u2019de elektrik \u00fcretiminde kamunun yakla\u015f\u0131k y\u00fczde 30 olan pay\u0131 bu y\u0131l y\u00fczde 23\u2019e gerileyecek. Kamuya ait enerji tesisleri bu y\u0131l 69 bin 519 gigavatsaat elektrik \u00fcretecek.<\/strong><span id=\"more-69909\"><\/span><\/p>\n<p style=\"color: #000000;\">Enerji ve Tabii Kaynaklar Bakanl\u0131\u011f\u0131 verilerine g\u00f6re, elektrik da\u011f\u0131t\u0131m\u0131n\u0131n t\u00fcm\u00fcyle \u00f6zel sekt\u00f6re devredildi\u011fi T\u00fcrkiye\u2019de, \u00f6zel sekt\u00f6r\u00fcn elektrik \u00fcretimindeki pay\u0131 da<br \/>\nartacak.<\/p>\n<p style=\"color: #000000;\">Kamu kurulu\u015flar\u0131 ve ba\u011fl\u0131 ortakl\u0131k<img loading=\"lazy\" class=\"alignleft size-medium wp-image-35684\" src=\"https:\/\/www.enerjigazetesi.ist\/wp-content\/uploads\/2015\/01\/elektrik-hat-32892323-300x152.jpg\" alt=\"elektrik-hat-32892323\" width=\"300\" height=\"152\" srcset=\"https:\/\/www.enerjigazetesi.ist\/wp-content\/uploads\/2015\/01\/elektrik-hat-32892323-300x152.jpg 300w, https:\/\/www.enerjigazetesi.ist\/wp-content\/uploads\/2015\/01\/elektrik-hat-32892323-500x254.jpg 500w, https:\/\/www.enerjigazetesi.ist\/wp-content\/uploads\/2015\/01\/elektrik-hat-32892323-80x40.jpg 80w, https:\/\/www.enerjigazetesi.ist\/wp-content\/uploads\/2015\/01\/elektrik-hat-32892323.jpg 870w\" sizes=\"(max-width: 300px) 100vw, 300px\" \/>lara ait elektrik \u00fcretim tesislerinde ge\u00e7en y\u0131l 70 bin 432,3 gigavatsaat elektrik \u00fcretildi. Bu \u00fcretimin 57 bin 260,9 gigavatsaati Elektrik \u00dcretim A\u015e\u2019ye, 13 bin 171,4 gigavatsaati ise Elektrik \u00dcretim A\u015e\u2019ye ba\u011fl\u0131 ortakl\u0131k santrallerince ger\u00e7ekle\u015ftirildi. Elektrik \u00dcretim A\u015e\u2019nin elektrik \u00fcretimindeki pay\u0131 y\u00fczde 22,9, ba\u011fl\u0131 ortakl\u0131k santrallerinin pay\u0131 ise y\u00fczde 5,3 oldu. Kamuya ait enerji tesisleri, toplam elektrik \u00fcretiminin y\u00fczde 28,2\u2019sini ger\u00e7ekle\u015ftirdi. \u00d6zel sekt\u00f6r ise toplam elektrik \u00fcretimine y\u00fczde 71,3\u2019l\u00fck katk\u0131da bulundu.<\/p>\n<p style=\"color: #000000;\">Kamu kurulu\u015flar\u0131na ve ba\u011fl\u0131 ortakl\u0131klara ait elektrik \u00fcretim tesislerinin bu y\u0131l 69 bin 519,2 gigavatsaat elektrik \u00fcretmesi bekleniyor. Bu \u00fcretimin 64 bin 941,4 gigavatsaatini Elektrik \u00dcretim A\u015e\u2019ye, 4 bin 577,8 gigavatsaatini ise Elektrik \u00dcretim A\u015e\u2019ye ba\u011fl\u0131 ortakl\u0131k santrallerinin ger\u00e7ekle\u015ftirmesi \u00f6ng\u00f6r\u00fcl\u00fcyor. Elektrik \u00dcretim A\u015e\u2019nin elektrik \u00fcretimindeki pay\u0131n\u0131n y\u00fczde 21,3\u2019e, ba\u011fl\u0131 ortakl\u0131k santrallerinin pay\u0131n\u0131n ise y\u00fczde 1,5\u2019e gerilemesi planlan\u0131yor.<\/p>\n<p style=\"color: #000000;\">B\u00f6ylece kamuya ait enerji tesisleri, bu y\u0131l toplam elektrik \u00fcretiminin y\u00fczde 22,8\u2019ini ger\u00e7ekle\u015ftirecek. \u00d6zel sekt\u00f6r\u00fcn toplam elektrik \u00fcretimine katk\u0131s\u0131 da y\u00fczde 77,2\u2019ye \u00e7\u0131kacak. \u00d6zel sekt\u00f6r\u00fcn bu y\u0131lki elektrik \u00fcretiminin 235 bin 430,5 gigavatsaate ula\u015fmas\u0131 \u00f6ng\u00f6r\u00fcl\u00fcyor.<\/p>\n<p style=\"color: #000000;\">DEVAMI \u0130\u00c7\u0130N\u00a0<a style=\"color: #c75615;\" href=\"http:\/\/www.yenisafak.com.tr\/ekonomi\/devlet-elektrikten-cekiliyor-2068317\" target=\"_blank\" rel=\"nofollow\">TIKLAYINIZ&gt;&gt;&gt;<\/a><\/p>\n<p style=\"color: #000000;\">Kaynak: Enerji Enstit\u00fcs\u00fc<\/p>\n<p><\/p>","protected":false},"excerpt":{"rendered":"<p>Sorry, this entry is only available in Turkish. For the sake of viewer convenience, the content is shown below in the alternative language. You may click the link to switch the active language. T\u00fcrkiye\u2019de elektrik \u00fcretiminde kamunun yakla\u015f\u0131k y\u00fczde 30 olan pay\u0131 bu y\u0131l y\u00fczde 23\u2019e gerileyecek. Kamuya ait enerji tesisleri bu y\u0131l 69 bin [&hellip;]<\/p>\n","protected":false},"author":1,"featured_media":35684,"comment_status":"open","ping_status":"open","sticky":false,"template":"","format":"standard","meta":[],"categories":[51,53],"tags":[68,9118,19,20956,63,17073,20957,5172],"views":316,"_links":{"self":[{"href":"https:\/\/www.enerjigazetesi.ist\/en\/wp-json\/wp\/v2\/posts\/35683"}],"collection":[{"href":"https:\/\/www.enerjigazetesi.ist\/en\/wp-json\/wp\/v2\/posts"}],"about":[{"href":"https:\/\/www.enerjigazetesi.ist\/en\/wp-json\/wp\/v2\/types\/post"}],"author":[{"embeddable":true,"href":"https:\/\/www.enerjigazetesi.ist\/en\/wp-json\/wp\/v2\/users\/1"}],"replies":[{"embeddable":true,"href":"https:\/\/www.enerjigazetesi.ist\/en\/wp-json\/wp\/v2\/comments?post=35683"}],"version-history":[{"count":1,"href":"https:\/\/www.enerjigazetesi.ist\/en\/wp-json\/wp\/v2\/posts\/35683\/revisions"}],"predecessor-version":[{"id":35685,"href":"https:\/\/www.enerjigazetesi.ist\/en\/wp-json\/wp\/v2\/posts\/35683\/revisions\/35685"}],"wp:featuredmedia":[{"embeddable":true,"href":"https:\/\/www.enerjigazetesi.ist\/en\/wp-json\/wp\/v2\/media\/35684"}],"wp:attachment":[{"href":"https:\/\/www.enerjigazetesi.ist\/en\/wp-json\/wp\/v2\/media?parent=35683"}],"wp:term":[{"taxonomy":"category","embeddable":true,"href":"https:\/\/www.enerjigazetesi.ist\/en\/wp-json\/wp\/v2\/categories?post=35683"},{"taxonomy":"post_tag","embeddable":true,"href":"https:\/\/www.enerjigazetesi.ist\/en\/wp-json\/wp\/v2\/tags?post=35683"}],"curies":[{"name":"wp","href":"https:\/\/api.w.org\/{rel}","templated":true}]}}