{"id":35676,"date":"2015-01-23T10:10:36","date_gmt":"2015-01-23T07:10:36","guid":{"rendered":"https:\/\/www.enerjigazetesi.ist\/?p=35676"},"modified":"2015-01-23T10:10:36","modified_gmt":"2015-01-23T07:10:36","slug":"gelecegin-enerji-kaynagi-kaya-gazi-olacak","status":"publish","type":"post","link":"https:\/\/www.enerjigazetesi.ist\/en\/gelecegin-enerji-kaynagi-kaya-gazi-olacak\/","title":{"rendered":"(Turkish) \u201cGelece\u011fin Enerji Kayna\u011f\u0131 Kaya Gaz\u0131 Olacak\u201d"},"content":{"rendered":"<p class=\"qtranxs-available-languages-message qtranxs-available-languages-message-en\">Sorry, this entry is only available in <a href=\"https:\/\/www.enerjigazetesi.ist\/tr\/wp-json\/wp\/v2\/posts\/35676\" class=\"qtranxs-available-language-link qtranxs-available-language-link-tr\" title=\"Turkish\">Turkish<\/a>. For the sake of viewer convenience, the content is shown below in the alternative language. You may click the link to switch the active language.<\/p><p><\/p>\n<p style=\"color: #363636;\"><strong>\u0130stanbul Ayd\u0131n \u00dcniversitesi\u2019nde d\u00fczenlenen \u201cKaya Gaz\u0131 ve Enerji Sekt\u00f6r\u00fcndeki Son Geli\u015fmeler\u201d konulu konferans ger\u00e7ekle\u015fti.<\/strong><\/p>\n<p style=\"color: #363636;\">\u0130stanbul Ayd\u0131n \u00dcniversitesi\u2019nde Ayd\u0131n D\u00fc\u015f\u00fcnce Platformu taraf\u0131ndan d\u00fczenlenen \u201cKaya Gaz\u0131 ve Enerji Sekt\u00f6r\u00fcndeki Son Geli\u015fmeler\u201c konulu konferansa Enerji ve Tabii Kaynaklar Eski Bakan\u0131 Hilmi G\u00fcler, \u0130stanbul Eski Valisi H\u00fcseyin Avni Mutlu, \u0130stanbul Ayd\u0131n \u00dcniversitesi M\u00fctevelli Heyeti Ba\u015fkan\u0131 Dr. Mustafa Ayd\u0131n,<br \/>\nK\u00fc\u00e7\u00fck\u00e7ekmece Kaymakam\u0131 Harun Kaya ve bir\u00e7ok akademisyen kat\u0131ld\u0131.<\/p>\n<h3 style=\"color: #363636;\">\u201cGelece\u011fin G\u00f6zde Enerji K<img loading=\"lazy\" class=\"alignleft  wp-image-35677\" src=\"https:\/\/www.enerjigazetesi.ist\/wp-content\/uploads\/2015\/01\/KAYA-GAZI.jpg\" alt=\"KAYA GAZI\" width=\"300\" height=\"192\" \/>ayna\u011f\u0131 Kaya Gaz\u0131 Olacak\u201d<\/h3>\n<p style=\"color: #363636;\">\u201cKaya Gaz\u0131 ve Enerji Sekt\u00f6r\u00fcndeki Son Geli\u015fmeler \u201c konulu konferansta ekonominin b\u00fcy\u00fck b\u00f6l\u00fcm\u00fcn\u00fc olu\u015fturan enerjiyle ilgili a\u00e7\u0131klamalarda bulunan Enerji ve Tabii Kaynaklar Eski Bakan\u0131 Hilmi G\u00fcler,\u201d T\u00fcrkiye\u2019nin rezervleri olduk\u00e7a fazla. Fakat rezervlerin olmas\u0131 yetmiyor teknoloji de gerekiyor\u201d dedi.<\/p>\n<p style=\"color: #363636;\">Gelece\u011fin g\u00f6zde enerji kayna\u011f\u0131 olaca\u011f\u0131n\u0131 belirtti\u011fi kaya gaz\u0131 hakk\u0131nda \u00f6nemli a\u00e7\u0131klamalarda bulunan Hilmi G\u00fcler \u015f\u00f6yle konu\u015ftu: \u201dKaya gaz\u0131n\u0131n iki t\u00fcrl\u00fc \u00e7\u0131kar\u0131lma y\u00f6ntemi vard\u0131r; bunlar dikey ve yatay \u00e7atlatmad\u0131r. Ge\u00e7irgen olmayan tabakada s\u0131k\u0131\u015fm\u0131\u015f gaz, kaya\u00e7lar \u00e7atlat\u0131larak al\u0131n\u0131r. Dikey \u00e7atlatmada \u00e7ok az alana ula\u015f\u0131l\u0131rken yatay \u00e7atlatmada \u00e7ok daha fazla alana ula\u015f\u0131l\u0131yor. Bu y\u00fczden dikey \u00e7atlatmalar yerine yatay \u00e7atlatmalar daha verimlidir.\u201d<\/p>\n<h3 style=\"color: #363636;\">\u201cKara Tavuklar\u0131 Korumak \u0130\u00e7in U\u011fra\u015ft\u0131k\u201d<\/h3>\n<p style=\"color: #363636;\">Projeleri ger\u00e7ekle\u015ftirirken \u00e7evreyle ilgili her \u015feye dikkat ettiklerinin alt\u0131n\u0131 \u00e7izen Eski Bakan G\u00fcler, \u201cBoru hatlar\u0131n\u0131 yaparken en uygunu, en ekonomi\u011fi k\u0131sa yoldan d\u00f6\u015fenen boru hatlar\u0131d\u0131r. Ama biz yapt\u0131\u011f\u0131m\u0131z boru hatlar\u0131nda yollar\u0131 uzatt\u0131k. Bunun sebebi kara tavuklard\u0131r. Kara tavuklar borular\u0131 d\u00f6\u015fedi\u011fimiz d\u00f6nemde yumurtlad\u0131klar\u0131 i\u00e7in onlar\u0131 rahats\u0131z etmemek amac\u0131yla yumurtlad\u0131klar\u0131 yerlere dokunmadan yolumuzu uzatarak daha fazla boru ve daha fazla i\u015f\u00e7ilikle do\u011fal ortamlar\u0131na zarar vermedik\u201d diye konu\u015ftu.<\/p>\n<h3 style=\"color: #363636;\">\u201cT\u00fcrkiye Enerjisini Verimsiz Kullan\u0131yor\u201d<\/h3>\n<p style=\"color: #363636;\">T\u00fcrkiye\u2019nin var olan enerjisini verimsiz kulland\u0131\u011f\u0131n\u0131 belirten Hilmi G\u00fcler, T\u00fcrkiye\u2019nin enerji haritas\u0131 \u00fczerinden kat\u0131l\u0131mc\u0131lara sunum yaparak elimizde olan ve de\u011ferlendirilmesi gereken r\u00fczgar, g\u00fcne\u015f, su, jeotermal ve gelece\u011fin g\u00f6zde enerji kayna\u011f\u0131 kaya gaz\u0131 kaynaklar\u0131n\u0131n do\u011fru ve h\u0131zl\u0131 bi\u00e7imde kullan\u0131lmas\u0131 gerekti\u011fine dikkat \u00e7ekti. \u00dclkemizde Trakya ve G\u00fcneydo\u011fu\u2019da rezervleri bulunan kaya gaz\u0131n\u0131n \u00e7ok de\u011ferli enerji kayna\u011f\u0131 oldu\u011funu belirten G\u00fcler, \u201cKaya gaz\u0131 rezervleri bulunan \u00fclkeler kaya gaz\u0131 \u00fcretmeye ba\u015flay\u0131nca ithalat\u0131 b\u0131rak\u0131p ihracat yapmaya ba\u015flayacaklar. B\u00f6ylelikle \u00fcretim girdilerinden biri olan enerjiye sahip olup kaya gaz\u0131ndaki avantaj\u0131 yakalarlarsa ba\u015fl\u0131 ba\u015f\u0131na yeni bir b\u00f6l\u00fcm a\u00e7\u0131lacak. G\u00f6zler ABD\u2019ye d\u00f6n\u00fckken ba\u015fka yerlere d\u00f6necek. Bu sefer gelirler d\u00fc\u015fecek ve zenginli\u011fe al\u0131\u015fm\u0131\u015f \u00fclkelerde s\u0131k\u0131nt\u0131lar ba\u015flayacak\u201d \u015feklinde konu\u015ftu.<\/p>\n<p style=\"color: #363636;\">Kaynak: \u0130HA<\/p>\n<p><\/p>","protected":false},"excerpt":{"rendered":"<p>Sorry, this entry is only available in Turkish. For the sake of viewer convenience, the content is shown below in the alternative language. You may click the link to switch the active language. \u0130stanbul Ayd\u0131n \u00dcniversitesi\u2019nde d\u00fczenlenen \u201cKaya Gaz\u0131 ve Enerji Sekt\u00f6r\u00fcndeki Son Geli\u015fmeler\u201d konulu konferans ger\u00e7ekle\u015fti. \u0130stanbul Ayd\u0131n \u00dcniversitesi\u2019nde Ayd\u0131n D\u00fc\u015f\u00fcnce Platformu taraf\u0131ndan d\u00fczenlenen [&hellip;]<\/p>\n","protected":false},"author":1,"featured_media":35677,"comment_status":"open","ping_status":"open","sticky":false,"template":"","format":"standard","meta":[],"categories":[53],"tags":[63,3863,20952,168,20953],"views":709,"_links":{"self":[{"href":"https:\/\/www.enerjigazetesi.ist\/en\/wp-json\/wp\/v2\/posts\/35676"}],"collection":[{"href":"https:\/\/www.enerjigazetesi.ist\/en\/wp-json\/wp\/v2\/posts"}],"about":[{"href":"https:\/\/www.enerjigazetesi.ist\/en\/wp-json\/wp\/v2\/types\/post"}],"author":[{"embeddable":true,"href":"https:\/\/www.enerjigazetesi.ist\/en\/wp-json\/wp\/v2\/users\/1"}],"replies":[{"embeddable":true,"href":"https:\/\/www.enerjigazetesi.ist\/en\/wp-json\/wp\/v2\/comments?post=35676"}],"version-history":[{"count":1,"href":"https:\/\/www.enerjigazetesi.ist\/en\/wp-json\/wp\/v2\/posts\/35676\/revisions"}],"predecessor-version":[{"id":35678,"href":"https:\/\/www.enerjigazetesi.ist\/en\/wp-json\/wp\/v2\/posts\/35676\/revisions\/35678"}],"wp:featuredmedia":[{"embeddable":true,"href":"https:\/\/www.enerjigazetesi.ist\/en\/wp-json\/wp\/v2\/media\/35677"}],"wp:attachment":[{"href":"https:\/\/www.enerjigazetesi.ist\/en\/wp-json\/wp\/v2\/media?parent=35676"}],"wp:term":[{"taxonomy":"category","embeddable":true,"href":"https:\/\/www.enerjigazetesi.ist\/en\/wp-json\/wp\/v2\/categories?post=35676"},{"taxonomy":"post_tag","embeddable":true,"href":"https:\/\/www.enerjigazetesi.ist\/en\/wp-json\/wp\/v2\/tags?post=35676"}],"curies":[{"name":"wp","href":"https:\/\/api.w.org\/{rel}","templated":true}]}}