{"id":35664,"date":"2015-01-23T09:53:06","date_gmt":"2015-01-23T06:53:06","guid":{"rendered":"https:\/\/www.enerjigazetesi.ist\/?p=35664"},"modified":"2015-01-23T10:43:21","modified_gmt":"2015-01-23T07:43:21","slug":"elektrik-faturasini-geciktirenden-artik-acma-kapama-ucreti-alinamayacak","status":"publish","type":"post","link":"https:\/\/www.enerjigazetesi.ist\/en\/elektrik-faturasini-geciktirenden-artik-acma-kapama-ucreti-alinamayacak\/","title":{"rendered":"(Turkish) Faturas\u0131n\u0131 Geciktirenden A\u00e7ma-Kapama \u00dccreti Al\u0131namayacak!"},"content":{"rendered":"<p class=\"qtranxs-available-languages-message qtranxs-available-languages-message-en\">Sorry, this entry is only available in <a href=\"https:\/\/www.enerjigazetesi.ist\/tr\/wp-json\/wp\/v2\/posts\/35664\" class=\"qtranxs-available-language-link qtranxs-available-language-link-tr\" title=\"Turkish\">Turkish<\/a>. For the sake of viewer convenience, the content is shown below in the alternative language. You may click the link to switch the active language.<\/p><p><\/p>\n<p style=\"color: #000000;\"><strong>T\u00fcketicinin a\u00e7ma-kapama \u00fccreti \u00e7ilesi bitiyor. Faturas\u0131n\u0131 geciktirenden a\u00e7ma-kapama \u00fccreti al\u0131namayacak. Elektrik, su, do\u011falgaz ve telefon faturalar\u0131n\u0131 zaman\u0131nda \u00f6demeyenlere sadece gecikme cezas\u0131 uygulanacak.<\/strong><span id=\"more-69903\"><\/span><\/p>\n<p style=\"color: #000000;\">Son d\u00f6nemde t\u00fcketicilerden, ba\u015fta e<img loading=\"lazy\" class=\"alignleft  wp-image-35665\" src=\"https:\/\/www.enerjigazetesi.ist\/wp-content\/uploads\/2015\/01\/elektrik-fatura-3890239023-300x224.jpg\" alt=\"elektrik-fatura-3890239023\" width=\"300\" height=\"233\" \/>lektrikte olmak \u00fczere faturalardaki a\u00e7makapama \u00fccreti konusunda \u015fikayet ya\u011f\u0131yor. Baz\u0131 \u015firketler, t\u00fcketiciye bu \u00fccreti<br \/>\n\u00f6detmek i\u00e7in her yolu deniyor. Eskiden elektrikte 3 fatura \u00f6denmemesi durumunda uygulanan kesinti, \u015fimdi tek d\u00f6nemlik gecikmede uygulan\u0131yor. \u015eirketler, tek bir fatura geciktirildi\u011finde, elektrik kesilmedi\u011fi halde hemen en \u00fcst tarifeden a\u00e7ma-kapama \u00fccretini devreye sokuyor. T\u00fcketicileri bezdiren bu \u00fccret art\u0131k tarih olacak. G\u00fcmr\u00fck ve Ticaret Bakanl\u0131\u011f\u0131\u2019n\u0131n yak\u0131nda y\u00fcr\u00fcrl\u00fc\u011fe girecek; abonelik s\u00f6zle\u015fmeleri, t\u00fcketici kredisi, konut finansman\u0131 ve finansal hizmetlerle ilgili y\u00f6netmelikleri t\u00fcketicilerin y\u00fcz\u00fcn\u00fc g\u00fcld\u00fcrecek. Buna g\u00f6re; abonelik s\u00f6zle\u015fmelerinde (elektrik, su, do\u011falgaz, telefon) faturan\u0131n zaman\u0131nda \u00f6denmemesi durumunda t\u00fcketiciden gecikme faizi d\u0131\u015f\u0131nda \u00fccret, tazminat ve benzeri adlarla herhangi bir bedel al\u0131namayacak. Haz\u0131rlanan tasla\u011fa g\u00f6re; hizmete ili\u015fkin \u00fccretlendirme hizmetin fiilen sunulmas\u0131yla ba\u015flayacak. Sat\u0131c\u0131 veya sa\u011flay\u0131c\u0131, m\u00fccbir sebepler d\u0131\u015f\u0131nda herhangi bir nedenle mal veya hizmet sunumunu durduracak olmas\u0131 halinde, bu durumun ba\u015flang\u0131\u00e7 ve biti\u015f tarihini en az 3 g\u00fcn \u00f6nceden t\u00fcketiciye bildirmek ile y\u00fck\u00fcml\u00fc. \u00d6deme bildirimi ise son \u00f6deme tarihinden en az 14 \u00f6nce t\u00fcketiciye tebli\u011f edilecek.<\/p>\n<p style=\"color: #000000;\">T\u00fcketici, 14 g\u00fcn i\u00e7inde herhangi bir gerek\u00e7e g\u00f6stermeksizin ve cezai \u015fart \u00f6demeksizin t\u00fcketici kredisi s\u00f6zle\u015fmesinden cayabilecek. T\u00fcketici, vadesi gelmemi\u015f bir veya birden \u00e7ok taksit \u00f6demesinde bulunabilir veya kredi borcunun tamam\u0131n\u0131 erken \u00f6deyebilir. Bu hallerde kredi veren, erken \u00f6denen tutara g\u00f6re gerekli t\u00fcm faiz ve di\u011fer maliyet unsurlar\u0131na ili\u015fkin indirim yapacak. \u00a0T\u00fcketicinin kredi itibar\u0131n\u0131n de\u011ferlendirilmesi sonucunun olumsuz olmas\u0131 halinde kredi veren t\u00fcketiciyi \u00fccretsiz olarak bilgilendirecek. Temerr\u00fct hali de dahil olmak \u00fczere t\u00fcketici i\u015flemlerinde bile\u015fik faiz uygulanmayacak.<\/p>\n<p style=\"color: #000000;\">Kaynak: Enerji Enstit\u00fcs\u00fc<\/p>\n<p><\/p>","protected":false},"excerpt":{"rendered":"<p>Sorry, this entry is only available in Turkish. For the sake of viewer convenience, the content is shown below in the alternative language. You may click the link to switch the active language. T\u00fcketicinin a\u00e7ma-kapama \u00fccreti \u00e7ilesi bitiyor. Faturas\u0131n\u0131 geciktirenden a\u00e7ma-kapama \u00fccreti al\u0131namayacak. Elektrik, su, do\u011falgaz ve telefon faturalar\u0131n\u0131 zaman\u0131nda \u00f6demeyenlere sadece gecikme cezas\u0131 uygulanacak. [&hellip;]<\/p>\n","protected":false},"author":1,"featured_media":35665,"comment_status":"open","ping_status":"open","sticky":false,"template":"","format":"standard","meta":[],"categories":[51,53],"tags":[20950,92,1229,19638,63,3136,99],"views":553,"_links":{"self":[{"href":"https:\/\/www.enerjigazetesi.ist\/en\/wp-json\/wp\/v2\/posts\/35664"}],"collection":[{"href":"https:\/\/www.enerjigazetesi.ist\/en\/wp-json\/wp\/v2\/posts"}],"about":[{"href":"https:\/\/www.enerjigazetesi.ist\/en\/wp-json\/wp\/v2\/types\/post"}],"author":[{"embeddable":true,"href":"https:\/\/www.enerjigazetesi.ist\/en\/wp-json\/wp\/v2\/users\/1"}],"replies":[{"embeddable":true,"href":"https:\/\/www.enerjigazetesi.ist\/en\/wp-json\/wp\/v2\/comments?post=35664"}],"version-history":[{"count":3,"href":"https:\/\/www.enerjigazetesi.ist\/en\/wp-json\/wp\/v2\/posts\/35664\/revisions"}],"predecessor-version":[{"id":35679,"href":"https:\/\/www.enerjigazetesi.ist\/en\/wp-json\/wp\/v2\/posts\/35664\/revisions\/35679"}],"wp:featuredmedia":[{"embeddable":true,"href":"https:\/\/www.enerjigazetesi.ist\/en\/wp-json\/wp\/v2\/media\/35665"}],"wp:attachment":[{"href":"https:\/\/www.enerjigazetesi.ist\/en\/wp-json\/wp\/v2\/media?parent=35664"}],"wp:term":[{"taxonomy":"category","embeddable":true,"href":"https:\/\/www.enerjigazetesi.ist\/en\/wp-json\/wp\/v2\/categories?post=35664"},{"taxonomy":"post_tag","embeddable":true,"href":"https:\/\/www.enerjigazetesi.ist\/en\/wp-json\/wp\/v2\/tags?post=35664"}],"curies":[{"name":"wp","href":"https:\/\/api.w.org\/{rel}","templated":true}]}}