{"id":3565,"date":"2012-11-19T18:40:16","date_gmt":"2012-11-19T15:40:16","guid":{"rendered":"https:\/\/www.enerjigazetesi.ist\/?p=3565"},"modified":"2012-11-20T11:34:47","modified_gmt":"2012-11-20T08:34:47","slug":"euas-genel-muduru-alis-termik-santral-yatirimlarini-degerlendirdi","status":"publish","type":"post","link":"https:\/\/www.enerjigazetesi.ist\/en\/euas-genel-muduru-alis-termik-santral-yatirimlarini-degerlendirdi\/","title":{"rendered":"(Turkish) E\u00dcA\u015e Genel M\u00fcd\u00fcr\u00fc Al\u0131\u015f, Termik Santral Yat\u0131r\u0131mlar\u0131n\u0131 De\u011ferlendirdi"},"content":{"rendered":"<p class=\"qtranxs-available-languages-message qtranxs-available-languages-message-en\">Sorry, this entry is only available in <a href=\"https:\/\/www.enerjigazetesi.ist\/tr\/wp-json\/wp\/v2\/posts\/3565\" class=\"qtranxs-available-language-link qtranxs-available-language-link-tr\" title=\"Turkish\">Turkish<\/a>. For the sake of viewer convenience, the content is shown below in the alternative language. You may click the link to switch the active language.<\/p><p><strong>Enerji \u00dcretim Anonim \u015eirketi (E\u00dcA\u015e) Genel M\u00fcd\u00fcr\u00fc Halil Al\u0131\u015f, 2013\u2019\u00fcn kendileri i\u00e7in enerji seferberli\u011fi y\u0131l\u0131 olaca\u011f\u0131na inand\u0131\u011f\u0131n\u0131 s\u00f6yledi.<\/strong><\/p>\n<p><img loading=\"lazy\" class=\"alignright size-medium wp-image-3566\" title=\"termik-santral-euas-halil-alis-afsin-elbistan-505x294\" src=\"https:\/\/www.enerjigazetesi.ist\/wp-content\/uploads\/2012\/11\/termik-santral-euas-halil-alis-afsin-elbistan-505x294-300x211.jpg\" alt=\"\" width=\"300\" height=\"211\" srcset=\"https:\/\/www.enerjigazetesi.ist\/wp-content\/uploads\/2012\/11\/termik-santral-euas-halil-alis-afsin-elbistan-505x294-300x211.jpg 300w, https:\/\/www.enerjigazetesi.ist\/wp-content\/uploads\/2012\/11\/termik-santral-euas-halil-alis-afsin-elbistan-505x294-71x50.jpg 71w, https:\/\/www.enerjigazetesi.ist\/wp-content\/uploads\/2012\/11\/termik-santral-euas-halil-alis-afsin-elbistan-505x294.jpg 418w\" sizes=\"(max-width: 300px) 100vw, 300px\" \/>E\u00dcA\u015e Genel M\u00fcd\u00fcr\u00fc Halil Al\u0131\u015f, y\u00f6netim kurulu \u00fcyeleri, Af\u015fin-Elbistan A Termik Santrali\u2019nde incelemede bulundu. \u0130nceleme \u00f6ncesi AEL \u0130\u015fletme M\u00fcd\u00fcr\u00fc Ahmet Yald\u0131z, \u00e7al\u0131\u015fmalar hakk\u0131nda bir brifing sundu. AEL \u0130\u015fletme M\u00fcd\u00fcr\u00fc Ahmet Yald\u0131z, konu\u015fmas\u0131n\u0131n ard\u0131ndan E\u00dcA\u015e Genel M\u00fcd\u00fcr\u00fc Halil Al\u0131\u015f\u2019a te\u015fekk\u00fcr plaketi takdim etti.<\/p>\n<p>Ard\u0131ndan k\u00fcrs\u00fcye gelen E\u00dcA\u015e Genel M\u00fcd\u00fcr\u00fc Halil Al\u0131\u015f, \u00c7\u00f6llolar k\u00f6m\u00fcr havzas\u0131n\u0131n son durumu, i\u015f\u00e7i al\u0131m\u0131, B termik santralindeki ar\u0131za ve ger\u00e7ekle\u015fmesi planlanan enerji yat\u0131r\u0131mlar\u0131 hakk\u0131nda a\u00e7\u0131klamalarda bulundu.<\/p>\n<p>\u00d6zellikle elektrik enerjisinin \u015fuanda \u00fclkenin olmazsa olmaz\u0131 durumunda oldu\u011funu belirten Genel M\u00fcd\u00fcr Al\u0131\u015f, \u201cBiz Af\u015fin-Elbistan b\u00f6lgesini bir enerji havzas\u0131 olarak g\u00f6r\u00fcyoruz ve in\u015fallah bu y\u00f6nde de \u00e7al\u0131\u015fmalar\u0131m\u0131z devam ediyor. Yak\u0131n zamanda idari \u00e7al\u0131\u015fmalar\u0131m\u0131z bitecek ve benim ve E\u00dcA\u015e \u00e7al\u0131\u015fanlar\u0131n\u0131n hepsinin r\u00fcyas\u0131 olan bu iki santralimize ilave yeni santrallerimizi de Af\u015fin-Elbistan b\u00f6lgesinde yap\u0131yor olaca\u011f\u0131z. \u015eu anda 3 tane devletle g\u00f6r\u00fc\u015f\u00fcyoruz. Bu 3 devletle e\u011fer uluslar aras\u0131 anla\u015fma yolu ile anla\u015fabilirsek, i\u00e7erisinde E\u00dcA\u015e\u2019\u0131n da oldu\u011fu yeni bir proje \u015firketi burada yeni santraller yapmak \u00fczere anla\u015fmalar yapacaklar. Uluslar aras\u0131 anla\u015fmay\u0131 yapamasak da ihale yoluyla y\u00fcklenicilerin santraller yapmas\u0131 i\u00e7in \u00e7al\u0131\u015fmalar yapaca\u011f\u0131z\u201d dedi.<\/p>\n<p>Daha sonra bas\u0131n mensuplar\u0131 taraf\u0131ndan y\u00f6neltilen sorular\u0131 tek tek cevaplayan Halil Al\u0131\u015f, \u201c2013 y\u0131l\u0131 enerji seferberli\u011fini ba\u015flatt\u0131\u011f\u0131m\u0131z y\u0131l olacak\u201d diye konu\u015ftu.<\/p>\n<p>Al\u0131\u015f,\u201cAf\u015fin-Elbistan b\u00f6lgesinde i\u015flenebilir oran 3,4 milyar ton rezervli k\u00f6m\u00fcr\u00fcn \u00fclke ekonomisine bir an \u00f6nce kazand\u0131r\u0131lmas\u0131n\u0131n \u00e7ok acil oldu\u011funu s\u00f6yl\u00fcyorum. Bu konuda bakanl\u0131\u011f\u0131m\u0131z \u00e7ok h\u0131zl\u0131 bir \u015fekilde \u00e7al\u0131\u015f\u0131yor. Say\u0131n bakan\u0131m\u0131z bu konuda bize talimatlar\u0131n\u0131 s\u00fcrekli iletiyor. K\u0131\u015flak\u00f6y\u2019den biz s\u00fcrekli olarak hem A hem B\u2019yi destekleyemeyiz. Bunun i\u00e7in \u00c7\u00f6llolar\u2019\u0131n i\u015fleticisi olan firmayla devam etme ad\u0131na bizim y\u00f6netim kurulu karar\u0131m\u0131z var. \u015eua nda da bu \u00e7al\u0131\u015fmalar devam ediyor ve revize uygulama program\u0131n\u0131 bize sundular. \u0130n\u015fallah k\u0131sa zamanda da revize uygulama program\u0131n\u0131 da onaylayarak firman\u0131n buradan tekrar k\u00f6m\u00fcr \u00e7\u0131kartmas\u0131 i\u00e7in \u00e7al\u0131\u015fmalar\u0131n devam etmesi y\u00f6n\u00fcnde karar\u0131m\u0131z var. Ama nereden bakarsan\u0131z bak\u0131n 2014\u2019ten \u00f6nce \u00c7\u00f6llolar\u2019dan k\u00f6m\u00fcr \u00e7\u0131kart\u0131lmas\u0131 m\u00fcmk\u00fcn de\u011fil. \u00c7\u0131kart\u0131lsa bile bizim istedi\u011fimiz manada \u00e7ok miktarda \u00e7\u0131kmayabilir. K\u0131\u015flak\u00f6y\u2019\u00fcn co\u011frafyas\u0131na bakt\u0131\u011f\u0131m\u0131zda ancak bir santralin k\u00f6m\u00fcr\u00fcn\u00fc \u00e7\u0131kartabilecek durumday\u0131z\u201d dedi.<\/p>\n<h2>H\u00dcK\u00dcMET \u0130\u015e\u00c7\u0130 ALIMINDA \u00d6N\u00dcM\u00dcZ\u00dc A\u00c7TI<\/h2>\n<p>Santrallere ihtiya\u00e7 halinde personel takviyeleri yapacaklar\u0131n\u0131 da ifade eden Al\u0131\u015f, \u201cBiz s\u00f6z vermi\u015f olmayal\u0131m. Bilindi\u011fi \u00fczere \u00c7\u00f6llolar ba\u015f\u0131m\u0131za gelen en b\u00fcy\u00fck felaketlerden biriydi. Biz o kazay\u0131 gerek\u00e7e g\u00f6stererek 325 ki\u015fiyi i\u015fe ald\u0131k. 175 ki\u015fide tekniker ald\u0131k. Ayn\u0131 zamanda 60 ki\u015fi teknik personel ald\u0131k. \u0130htiya\u00e7 olmas\u0131 halinde personel alaca\u011f\u0131z. H\u00fck\u00fcmetimiz bu konuda \u00f6n\u00fcm\u00fcz\u00fc a\u00e7t\u0131. Daha \u00f6nce emekli olan personelimizin yerine ancak y\u00fczde on alabiliyorduk, \u015fimdi ise y\u00fczde 90\u2019n\u0131 alabiliyoruz\u201d dedi.<\/p>\n<p>B\u00f6lgede yeni enerji santralleri gerekti\u011fini ve bunun herkesin r\u00fcyas\u0131 oldu\u011funu kaydeden Al\u0131\u015f, \u015f\u00f6yle devam etti:<\/p>\n<p>\u201cBurada hepimizin r\u00fcyas\u0131, karde\u015f santrallerini g\u00f6rmektir. Bizlerde bu \u00fclkenin insanlar\u0131 olarak bu \u00e7al\u0131\u015fmalara b\u00fcy\u00fck \u00f6nem veriyoruz. Yeni santrallerin yap\u0131lmas\u0131 y\u00f6n\u00fcnde iki tane alternatif var. Ya ihale yoluyla veya uluslararas\u0131 anla\u015fmalarla santrallerimizi yapaca\u011f\u0131z. Gerekli anla\u015fmalar\u0131n yap\u0131lmas\u0131 ile havzan\u0131n tamam\u0131nda yeni santrallerin yap\u0131lmas\u0131 ile 2013 y\u0131l\u0131 enerji seferberli\u011fini ba\u015flatt\u0131\u011f\u0131m\u0131z y\u0131l olacak diye d\u00fc\u015f\u00fcn\u00fcyorum. Ya\u015fanan geli\u015fmeleri hep birlikte g\u00f6rece\u011fiz. S\u00f6zde kalmayaca\u011f\u0131n\u0131 sizlerde g\u00f6receksiniz. Buras\u0131 b\u00fcy\u00fck bir \u015fantiye haline d\u00f6necek. \u0130lk etapta C sekt\u00f6r\u00fcndeki santral yap\u0131lacak. \u00c7\u00fcnk\u00fc hepsini bir anda yapmak m\u00fcmk\u00fcn de\u011fil. \u00c7\u00fcnk\u00fc bizim burada in\u015fa edece\u011fimiz bir santralin maliyeti 3.2 milyar dolar.\u201d<\/p>\n<p>Kaynak: <a href=\"http:\/\/enerjienstitusu.com\/2012\/11\/19\/euas-genel-muduru-alis-termik-enerji-santral-yatirim-2013\/\" target=\"_blank\">Enerji Enstit\u00fcs\u00fc<\/a><\/p>","protected":false},"excerpt":{"rendered":"<p>Sorry, this entry is only available in Turkish. For the sake of viewer convenience, the content is shown below in the alternative language. You may click the link to switch the active language.Enerji \u00dcretim Anonim \u015eirketi (E\u00dcA\u015e) Genel M\u00fcd\u00fcr\u00fc Halil Al\u0131\u015f, 2013\u2019\u00fcn kendileri i\u00e7in enerji seferberli\u011fi y\u0131l\u0131 olaca\u011f\u0131na inand\u0131\u011f\u0131n\u0131 s\u00f6yledi. E\u00dcA\u015e Genel M\u00fcd\u00fcr\u00fc Halil Al\u0131\u015f, [&hellip;]<\/p>\n","protected":false},"author":1,"featured_media":3566,"comment_status":"open","ping_status":"open","sticky":false,"template":"","format":"standard","meta":[],"categories":[53],"tags":[67,1032,1034,1033,438],"views":1419,"_links":{"self":[{"href":"https:\/\/www.enerjigazetesi.ist\/en\/wp-json\/wp\/v2\/posts\/3565"}],"collection":[{"href":"https:\/\/www.enerjigazetesi.ist\/en\/wp-json\/wp\/v2\/posts"}],"about":[{"href":"https:\/\/www.enerjigazetesi.ist\/en\/wp-json\/wp\/v2\/types\/post"}],"author":[{"embeddable":true,"href":"https:\/\/www.enerjigazetesi.ist\/en\/wp-json\/wp\/v2\/users\/1"}],"replies":[{"embeddable":true,"href":"https:\/\/www.enerjigazetesi.ist\/en\/wp-json\/wp\/v2\/comments?post=3565"}],"version-history":[{"count":2,"href":"https:\/\/www.enerjigazetesi.ist\/en\/wp-json\/wp\/v2\/posts\/3565\/revisions"}],"predecessor-version":[{"id":3597,"href":"https:\/\/www.enerjigazetesi.ist\/en\/wp-json\/wp\/v2\/posts\/3565\/revisions\/3597"}],"wp:featuredmedia":[{"embeddable":true,"href":"https:\/\/www.enerjigazetesi.ist\/en\/wp-json\/wp\/v2\/media\/3566"}],"wp:attachment":[{"href":"https:\/\/www.enerjigazetesi.ist\/en\/wp-json\/wp\/v2\/media?parent=3565"}],"wp:term":[{"taxonomy":"category","embeddable":true,"href":"https:\/\/www.enerjigazetesi.ist\/en\/wp-json\/wp\/v2\/categories?post=3565"},{"taxonomy":"post_tag","embeddable":true,"href":"https:\/\/www.enerjigazetesi.ist\/en\/wp-json\/wp\/v2\/tags?post=3565"}],"curies":[{"name":"wp","href":"https:\/\/api.w.org\/{rel}","templated":true}]}}