{"id":35645,"date":"2015-01-22T15:21:20","date_gmt":"2015-01-22T12:21:20","guid":{"rendered":"https:\/\/www.enerjigazetesi.ist\/?p=35645"},"modified":"2015-01-22T15:21:20","modified_gmt":"2015-01-22T12:21:20","slug":"opec-genel-sekreteri-el-bedri-petrol-fiyatlari-toparlanacak","status":"publish","type":"post","link":"https:\/\/www.enerjigazetesi.ist\/en\/opec-genel-sekreteri-el-bedri-petrol-fiyatlari-toparlanacak\/","title":{"rendered":"(Turkish) OPEC Genel Sekreteri El-Bedri: \u201cPetrol Fiyatlar\u0131 Toparlanacak\u201d"},"content":{"rendered":"<p class=\"qtranxs-available-languages-message qtranxs-available-languages-message-en\">Sorry, this entry is only available in <a href=\"https:\/\/www.enerjigazetesi.ist\/tr\/wp-json\/wp\/v2\/posts\/35645\" class=\"qtranxs-available-language-link qtranxs-available-language-link-tr\" title=\"Turkish\">Turkish<\/a>. For the sake of viewer convenience, the content is shown below in the alternative language. You may click the link to switch the active language.<\/p><p><\/p>\n<p style=\"color: #000000;\"><strong>OPEC Genel Sekreteri, petrol fiyatlar\u0131n\u0131n varil ba\u015f\u0131na 20 dolara gerilemeyece\u011fini, Haziran\u2019dan bu yana ya\u015fanan d\u00fc\u015f\u00fc\u015f\u00fcn k<a href=\"https:\/\/www.enerjigazetesi.ist\/wp-content\/uploads\/2015\/01\/opec-2782382379823.jpg\"><img loading=\"lazy\" class=\"alignright  wp-image-35646\" src=\"https:\/\/www.enerjigazetesi.ist\/wp-content\/uploads\/2015\/01\/opec-2782382379823-300x221.jpg\" alt=\"opec-2782382379823\" width=\"300\" height=\"278\" \/><\/a>\u00fcresel arz ve talep ili\u015fkisi ile a\u00e7\u0131klanamayaca\u011f\u0131 i\u00e7in fiyatlar\u0131n toparlanaca\u011f\u0131n\u0131 belirtti.<\/strong><span id=\"more-69894\"><\/span><\/p>\n<p style=\"color: #000000;\">\u0130svi\u00e7re\u2019nin Davos kasabas\u0131nda d\u00fczenlenen D\u00fcnya Ekonomik Forumu\u2019nda sorular\u0131 yan\u0131tlayan Abdullah El Bedri, Petrol \u0130hra\u00e7 Eden \u00dclkeler \u00d6rg\u00fct\u00fc\u2019n\u00fcn\u00a0(OPEC) d\u0131\u015f\u0131ndaki \u00fcreticilerin k\u00fcresel arz fazlas\u0131 nedeniyle \u00fcretimlerini d\u00fc\u015f\u00fcrme konusunda \u00f6nce ad\u0131m atmalar\u0131 gerekti\u011fini belirtti. OPEC\u2019in en h\u0131zl\u0131 b\u00fcy\u00fcyen \u00fcreticisi Irak\u2019tan resmi yetkililer, fiyatlarda ya\u015fanan d\u00fc\u015f\u00fc\u015fler nedeniyle azalan gelirleri kar\u015f\u0131lamak i\u00e7in \u00fcretimi art\u0131rmak durumunda oldu\u011funu a\u00e7\u0131klam\u0131\u015ft\u0131.<\/p>\n<p style=\"color: #000000;\">El Bedri \u201cFiyatlar 20-25 dolar seviyelerine gerilemeyecek. Bence \u015fu an olduklar\u0131 yerde kalacakt\u0131r. Bunu daha \u00f6nce g\u00f6rm\u00fc\u015ft\u00fck. Fiyatlar h\u0131zl\u0131 \u015fekilde inip \u00e7\u0131kabiliyor. Ama toparlanacakt\u0131r\u201d diye konu\u015ftu.<\/p>\n<p style=\"color: #000000;\">Petrol fiyatlar\u0131, ABD\u2019nin son otuz y\u0131l\u0131n en y\u00fcksek h\u0131zda \u00fcretim yapan \u00fclkesi olmas\u0131 ve OPEC \u00fclkeleri arz fazlas\u0131n\u0131n d\u00fc\u015f\u00fcr\u00fclmesi i\u00e7in yap\u0131lan \u00e7a\u011fr\u0131lara kulak asmamas\u0131 ile 2008 finansal krizinin ard\u0131ndan y\u00fczde 50 de\u011fer kaybetti. El Bedri, 12 \u00fcyeli OPEC\u2019in \u00fcretimi sabit tutma karar\u0131n\u0131n ABD\u2019li kaya petrol\u00fc \u00fcreticileri, Rusya veya ba\u015fka bir \u00fclkeyi hedef almad\u0131\u011f\u0131n\u0131, ekonomik temellere dayand\u0131\u011f\u0131n\u0131 dile getirdi.<\/p>\n<p style=\"color: #000000;\">Kaynak:\u00a0<a style=\"color: #c75615;\" href=\"http:\/\/www.bloomberght.com\/haberler\/haber\/1707157-opecel-bedri-petrol-fiyatlari-toparlanacak\" target=\"_blank\" rel=\"nofollow\">Bloomberg HT<\/a><\/p>\n<p style=\"color: #000000;\">\n<p><\/p>","protected":false},"excerpt":{"rendered":"<p>Sorry, this entry is only available in Turkish. For the sake of viewer convenience, the content is shown below in the alternative language. You may click the link to switch the active language. OPEC Genel Sekreteri, petrol fiyatlar\u0131n\u0131n varil ba\u015f\u0131na 20 dolara gerilemeyece\u011fini, Haziran\u2019dan bu yana ya\u015fanan d\u00fc\u015f\u00fc\u015f\u00fcn k\u00fcresel arz ve talep ili\u015fkisi ile a\u00e7\u0131klanamayaca\u011f\u0131 [&hellip;]<\/p>\n","protected":false},"author":1,"featured_media":35646,"comment_status":"open","ping_status":"open","sticky":false,"template":"","format":"standard","meta":[],"categories":[53,44],"tags":[1979,20938,63,3136,1009,20939,20940,347,6790,885],"views":637,"_links":{"self":[{"href":"https:\/\/www.enerjigazetesi.ist\/en\/wp-json\/wp\/v2\/posts\/35645"}],"collection":[{"href":"https:\/\/www.enerjigazetesi.ist\/en\/wp-json\/wp\/v2\/posts"}],"about":[{"href":"https:\/\/www.enerjigazetesi.ist\/en\/wp-json\/wp\/v2\/types\/post"}],"author":[{"embeddable":true,"href":"https:\/\/www.enerjigazetesi.ist\/en\/wp-json\/wp\/v2\/users\/1"}],"replies":[{"embeddable":true,"href":"https:\/\/www.enerjigazetesi.ist\/en\/wp-json\/wp\/v2\/comments?post=35645"}],"version-history":[{"count":1,"href":"https:\/\/www.enerjigazetesi.ist\/en\/wp-json\/wp\/v2\/posts\/35645\/revisions"}],"predecessor-version":[{"id":35647,"href":"https:\/\/www.enerjigazetesi.ist\/en\/wp-json\/wp\/v2\/posts\/35645\/revisions\/35647"}],"wp:featuredmedia":[{"embeddable":true,"href":"https:\/\/www.enerjigazetesi.ist\/en\/wp-json\/wp\/v2\/media\/35646"}],"wp:attachment":[{"href":"https:\/\/www.enerjigazetesi.ist\/en\/wp-json\/wp\/v2\/media?parent=35645"}],"wp:term":[{"taxonomy":"category","embeddable":true,"href":"https:\/\/www.enerjigazetesi.ist\/en\/wp-json\/wp\/v2\/categories?post=35645"},{"taxonomy":"post_tag","embeddable":true,"href":"https:\/\/www.enerjigazetesi.ist\/en\/wp-json\/wp\/v2\/tags?post=35645"}],"curies":[{"name":"wp","href":"https:\/\/api.w.org\/{rel}","templated":true}]}}