{"id":35606,"date":"2015-01-21T11:35:52","date_gmt":"2015-01-21T08:35:52","guid":{"rendered":"https:\/\/www.enerjigazetesi.ist\/?p=35606"},"modified":"2015-01-21T11:36:29","modified_gmt":"2015-01-21T08:36:29","slug":"sabanci-7-8-yilda-enerjiye-22-milyar-lira-yatirim-yaptik","status":"publish","type":"post","link":"https:\/\/www.enerjigazetesi.ist\/en\/sabanci-7-8-yilda-enerjiye-22-milyar-lira-yatirim-yaptik\/","title":{"rendered":"(Turkish) Sabanc\u0131: \u201c7-8 Y\u0131lda Enerjiye 22 Milyar Lira Yat\u0131r\u0131m Yapt\u0131k&#8221;"},"content":{"rendered":"<p class=\"qtranxs-available-languages-message qtranxs-available-languages-message-en\">Sorry, this entry is only available in <a href=\"https:\/\/www.enerjigazetesi.ist\/tr\/wp-json\/wp\/v2\/posts\/35606\" class=\"qtranxs-available-language-link qtranxs-available-language-link-tr\" title=\"Turkish\">Turkish<\/a>. For the sake of viewer convenience, the content is shown below in the alternative language. You may click the link to switch the active language.<\/p><p><\/p>\n<p style=\"color: #000000;\"><strong>Sabanc\u0131 Holding Y\u00f6netim Kurulu Ba\u015fkan\u0131 G\u00fcler Sabanc\u0131, enerjiye son 7-8 y\u0131lda 22 milyar lira yat\u0131r\u0131m yapt\u0131klar\u0131n\u0131 belirtti.<\/strong><span id=\"more-69880\"><\/span><\/p>\n<p style=\"color: #000000;\">Sabanc\u0131 Holding Y\u00f6netim Kurulu Ba\u015fkan\u0131 G\u00fcler Sabanc\u0131, elektrik da\u011f\u0131t\u0131m piyasas\u0131nda mevcut tarife d\u00f6neminin 2015 sonunda tamamlanaca\u011f\u0131n\u0131 belirterek, <a href=\"https:\/\/www.enerjigazetesi.ist\/wp-content\/uploads\/2015\/01\/enerjisa-santral-372983.jpg\"><img loading=\"lazy\" class=\"alignleft size-medium wp-image-35607\" src=\"https:\/\/www.enerjigazetesi.ist\/wp-content\/uploads\/2015\/01\/enerjisa-santral-372983-300x221.jpg\" alt=\"enerjisa-santral-372983\" width=\"300\" height=\"221\" srcset=\"https:\/\/www.enerjigazetesi.ist\/wp-content\/uploads\/2015\/01\/enerjisa-santral-372983-300x221.jpg 300w, https:\/\/www.enerjigazetesi.ist\/wp-content\/uploads\/2015\/01\/enerjisa-santral-372983-500x368.jpg 500w, https:\/\/www.enerjigazetesi.ist\/wp-content\/uploads\/2015\/01\/enerjisa-santral-372983-67x50.jpg 67w, https:\/\/www.enerjigazetesi.ist\/wp-content\/uploads\/2015\/01\/enerjisa-santral-372983.jpg 839w\" sizes=\"(max-width: 300px) 100vw, 300px\" \/><\/a>\u201c\u00d6n\u00fcm\u00fcz\u00fc g\u00f6rmemiz ve sekt\u00f6r\u00fcn sa\u011fl\u0131kl\u0131 geli\u015fmesi i\u00e7in 2016 sonras\u0131 yeni tarife d\u00f6nemi prensipleri m\u00fcmk\u00fcn olan en erken s\u00fcrede a\u00e7\u0131klanmal\u0131d\u0131r\u201d dedi.<\/p>\n<p style=\"color: #000000;\">Sabanc\u0131, Enerji Uzmanlar\u0131 Derne\u011fi taraf\u0131ndan EPDK\u2019n\u0131n ev sahipli\u011finde d\u00fczenlenen Enerji Piyasalar\u0131 Zirvesi\u2019nde yapt\u0131\u011f\u0131 konu\u015fmada, da\u011f\u0131t\u0131m ve \u00fcretim \u00f6zelle\u015ftirmelerinde at\u0131lan ad\u0131mlar\u0131n rekabete dayal\u0131 piyasa yap\u0131s\u0131n\u0131n olu\u015fumuna \u00f6nemli katk\u0131 sa\u011flad\u0131\u011f\u0131n\u0131 s\u00f6yledi.<\/p>\n<p style=\"color: #000000;\">\u201c\u00d6z\u00fcnde rekabete dayal\u0131, \u00f6ng\u00f6r\u00fclebilir ve \u015feffaf politikalar, \u00fclkenin potansiyeli ile birle\u015fince g\u00fcven ortam\u0131 sa\u011fland\u0131 ve \u00f6zel sekt\u00f6r ko\u015farak yat\u0131r\u0131m yapt\u0131\u201d diyen G\u00fcler Sabanc\u0131, kendilerinin de Enerjisa olarak, bu politikalara g\u00fcvenerek, elektrik \u00fcretimi, ticareti, sat\u0131\u015f\u0131 ve da\u011f\u0131t\u0131m\u0131yla, bir \u00f6zel sekt\u00f6r oyuncusu olarak en \u00f6n s\u0131ralar\u0131nda yer almaya \u00e7al\u0131\u015ft\u0131klar\u0131n\u0131 belirtti. \u201cSon 7-8 y\u0131lda 22 milyar lira yat\u0131r\u0131m yapt\u0131k\u201d diyen Sabanc\u0131, daha rekabet\u00e7i bir piyasa i\u00e7in \u00e7al\u0131\u015fmaya, d\u00fczenleyicilerin de ayn\u0131 anlay\u0131\u015fla sekt\u00f6re y\u00f6n vermeye devam etmeleri gerekti\u011fini belirtti.<\/p>\n<h3 style=\"color: #232323;\">\u201cArz Fazlas\u0131, Cesaretli Ad\u0131mlar \u0130\u00e7in F\u0131rsat Sunuyor\u201d<\/h3>\n<p style=\"color: #000000;\">Elektrik sekt\u00f6r\u00fcnde talep art\u0131\u015f\u0131n\u0131n \u00fczerinde ger\u00e7ekle\u015fen arz fazlas\u0131 bulundu\u011funu ve bu fazlal\u0131\u011f\u0131n t\u00fcketicinin lehine kullan\u0131lmas\u0131 gerekti\u011fini s\u00f6yleyen Sabanc\u0131, \u015f\u00f6yle devam etti:<\/p>\n<p style=\"color: #000000;\">\u201c\u0130\u00e7inde bulundu\u011fumuz arz fazlas\u0131 d\u00f6nemi, \u00f6zellikle t\u00fcketicilerin yararlanaca\u011f\u0131, daha rekabet\u00e7i, liberal ve \u015feffaf bir elektrik piyasas\u0131na ge\u00e7me y\u00f6n\u00fcnde cesaretli ad\u0131mlar atmak i\u00e7in bize f\u0131rsat sunuyor. Son d\u00f6nemde tamamlanm\u0131\u015f \u00e7e\u015fitli \u00f6zelle\u015ftirmelere ra\u011fmen, kamunun bir piyasa oyuncusu olarak halen kontrol\u00fcnde olan elektrik arz\u0131, toplam\u0131n yakla\u015f\u0131k y\u00fczde 50\u2019sini olu\u015fturuyor. \u00d6n\u00fcm\u00fczdeki y\u0131llarda, kamunun pazardaki hakim durumunun azald\u0131\u011f\u0131, rekabet\u00e7i \u00f6zel sekt\u00f6r\u00fcn pay\u0131n\u0131n daha y\u00fcksek seviyelere \u00e7\u0131kt\u0131\u011f\u0131 bir yap\u0131ya ula\u015fmal\u0131y\u0131z. Bu hedef ger\u00e7ekle\u015fene kadar da \u00fcretim \u00f6zelle\u015ftirmelerinin devam etmesini ve kamunun piyasa oyuncusu olarak faaliyetlerini di\u011fer \u00f6zel sekt\u00f6r oyuncular\u0131 ile ayn\u0131 \u015fartlarla s\u00fcrd\u00fcrmesini bekliyoruz. T\u00fcm bunlar\u0131 rekabet\u00e7i piyasan\u0131n do\u011fru y\u00f6nde geli\u015fimi i\u00e7in at\u0131lmas\u0131 gereken \u00f6nemli ad\u0131mlar olarak g\u00f6r\u00fcyoruz.\u201d<\/p>\n<h3 style=\"color: #232323;\">\u201cElektrik Borsas\u0131n\u0131 D\u00f6rt G\u00f6zle Bekliyoruz\u201d<\/h3>\n<p style=\"color: #000000;\">Elektrik sekt\u00f6r\u00fcn\u00fcn serbest piyasaya ge\u00e7i\u015finin \u00f6nemli hususlar\u0131ndan birinin fiyat olu\u015fumu oldu\u011funu hat\u0131rlatan Sabanc\u0131, \u201cLiberal ve rekabet\u00e7i bir piyasan\u0131n olmazsa olmaz\u0131, fiyat\u0131n arz ve talep dengesi i\u00e7inde pazar taraf\u0131ndan belirlenmesidir, ancak b\u00f6yle bir piyasa s\u00fcrd\u00fcr\u00fclebilir bir yat\u0131r\u0131m iklimi yaratacakt\u0131r. Arz-talep dengesini ve maliyetleri tam olarak yans\u0131tan, \u015feffaf, derinlikli, likiditesi y\u00fcksek; ayn\u0131 zamanda ileriye y\u00f6nelik do\u011fru fiyat sinyalleri de i\u00e7erecek bir elektrik borsas\u0131n\u0131n kurulmas\u0131n\u0131 d\u00f6rt g\u00f6zle bekliyoruz\u201d diye konu\u015ftu.<\/p>\n<p style=\"color: #000000;\">DEVAMI \u0130\u00c7\u0130N\u00a0<a style=\"color: #c75615;\" href=\"http:\/\/www.bloomberght.com\/haberler\/haber\/1706203-sabanci-holding-ykb-sabanci-7-8-yilda-enerjiye-22-milyar-lira-yatirim-yaptik\" target=\"_blank\" rel=\"nofollow\">TIKLAYINIZ&gt;&gt;&gt;<\/a><\/p>\n<p style=\"color: #000000;\">Kaynak: Enerji Enstit\u00fcs\u00fc<\/p>\n<p><\/p>","protected":false},"excerpt":{"rendered":"<p>Sorry, this entry is only available in Turkish. For the sake of viewer convenience, the content is shown below in the alternative language. You may click the link to switch the active language. Sabanc\u0131 Holding Y\u00f6netim Kurulu Ba\u015fkan\u0131 G\u00fcler Sabanc\u0131, enerjiye son 7-8 y\u0131lda 22 milyar lira yat\u0131r\u0131m yapt\u0131klar\u0131n\u0131 belirtti. Sabanc\u0131 Holding Y\u00f6netim Kurulu Ba\u015fkan\u0131 [&hellip;]<\/p>\n","protected":false},"author":1,"featured_media":35607,"comment_status":"open","ping_status":"open","sticky":false,"template":"","format":"standard","meta":[],"categories":[53],"tags":[68,4611,20912,20910,1916,422,750,1049,20913,2021],"views":486,"_links":{"self":[{"href":"https:\/\/www.enerjigazetesi.ist\/en\/wp-json\/wp\/v2\/posts\/35606"}],"collection":[{"href":"https:\/\/www.enerjigazetesi.ist\/en\/wp-json\/wp\/v2\/posts"}],"about":[{"href":"https:\/\/www.enerjigazetesi.ist\/en\/wp-json\/wp\/v2\/types\/post"}],"author":[{"embeddable":true,"href":"https:\/\/www.enerjigazetesi.ist\/en\/wp-json\/wp\/v2\/users\/1"}],"replies":[{"embeddable":true,"href":"https:\/\/www.enerjigazetesi.ist\/en\/wp-json\/wp\/v2\/comments?post=35606"}],"version-history":[{"count":1,"href":"https:\/\/www.enerjigazetesi.ist\/en\/wp-json\/wp\/v2\/posts\/35606\/revisions"}],"predecessor-version":[{"id":35608,"href":"https:\/\/www.enerjigazetesi.ist\/en\/wp-json\/wp\/v2\/posts\/35606\/revisions\/35608"}],"wp:featuredmedia":[{"embeddable":true,"href":"https:\/\/www.enerjigazetesi.ist\/en\/wp-json\/wp\/v2\/media\/35607"}],"wp:attachment":[{"href":"https:\/\/www.enerjigazetesi.ist\/en\/wp-json\/wp\/v2\/media?parent=35606"}],"wp:term":[{"taxonomy":"category","embeddable":true,"href":"https:\/\/www.enerjigazetesi.ist\/en\/wp-json\/wp\/v2\/categories?post=35606"},{"taxonomy":"post_tag","embeddable":true,"href":"https:\/\/www.enerjigazetesi.ist\/en\/wp-json\/wp\/v2\/tags?post=35606"}],"curies":[{"name":"wp","href":"https:\/\/api.w.org\/{rel}","templated":true}]}}