{"id":35529,"date":"2015-01-18T12:55:38","date_gmt":"2015-01-18T09:55:38","guid":{"rendered":"https:\/\/www.enerjigazetesi.ist\/?p=35529"},"modified":"2015-01-18T12:55:38","modified_gmt":"2015-01-18T09:55:38","slug":"elektrik-faturasinda-kayip-kacak-bedelinin-gosterilmemesi","status":"publish","type":"post","link":"https:\/\/www.enerjigazetesi.ist\/en\/elektrik-faturasinda-kayip-kacak-bedelinin-gosterilmemesi\/","title":{"rendered":"(Turkish) Elektrik Faturas\u0131nda Kay\u0131p-Ka\u00e7ak Bedelinin G\u00f6sterilmemesi&#8230;"},"content":{"rendered":"<p class=\"qtranxs-available-languages-message qtranxs-available-languages-message-en\">Sorry, this entry is only available in <a href=\"https:\/\/www.enerjigazetesi.ist\/tr\/wp-json\/wp\/v2\/posts\/35529\" class=\"qtranxs-available-language-link qtranxs-available-language-link-tr\" title=\"Turkish\">Turkish<\/a>. For the sake of viewer convenience, the content is shown below in the alternative language. You may click the link to switch the active language.<\/p><p><strong>Elektrik faturalar\u0131nda \u201cbirim fiyat\u201d i\u00e7erisinde yer alan kay\u0131p-ka\u00e7ak bedeli 2011 y\u0131l\u0131ndan itibaren da\u011f\u0131t\u0131m \u015firketleri taraf\u0131ndan faturalarda kay\u0131p-ka\u00e7ak bedeli olarak ayr\u0131ca g\u00f6sterilmeye ba\u015flanm\u0131\u015ft\u0131r. Kay\u0131p-ka\u00e7ak bedeli perakende sat\u0131\u015f tarifesine g\u00f6re perakende sat\u0131\u015f faaliyeti kapsam\u0131nda sat\u0131lan elektri\u011fin maliyet unsurlar\u0131ndan bir tanesi oldu\u011fu iddia edilmektedir.<\/strong><\/p>\n<p><span style=\"text-decoration: underline;\">Yine EPDK\u2019ya g\u00f6re<\/span> t\u00fcketiciler taraf\u0131ndan \u00f6denmesi zorunlu olan bu maliyet unsurunun faturada birim fiyat <span style=\"text-decoration: underline;\"><a href=\"https:\/\/www.enerjigazetesi.ist\/wp-content\/uploads\/2015\/01\/elektrik-faturasinda-kayip-kacak-bedelinin-gosterilmemesi.jpg\"><img loading=\"lazy\" class=\"alignright size-medium wp-image-35530\" src=\"https:\/\/www.enerjigazetesi.ist\/wp-content\/uploads\/2015\/01\/elektrik-faturasinda-kayip-kacak-bedelinin-gosterilmemesi-300x171.jpg\" alt=\"elektrik-faturasinda-kayip-kacak-bedelinin-gosterilmemesi\" width=\"300\" height=\"171\" srcset=\"https:\/\/www.enerjigazetesi.ist\/wp-content\/uploads\/2015\/01\/elektrik-faturasinda-kayip-kacak-bedelinin-gosterilmemesi-300x171.jpg 300w, https:\/\/www.enerjigazetesi.ist\/wp-content\/uploads\/2015\/01\/elektrik-faturasinda-kayip-kacak-bedelinin-gosterilmemesi-500x285.jpg 500w, https:\/\/www.enerjigazetesi.ist\/wp-content\/uploads\/2015\/01\/elektrik-faturasinda-kayip-kacak-bedelinin-gosterilmemesi-80x45.jpg 80w, https:\/\/www.enerjigazetesi.ist\/wp-content\/uploads\/2015\/01\/elektrik-faturasinda-kayip-kacak-bedelinin-gosterilmemesi.jpg 654w\" sizes=\"(max-width: 300px) 100vw, 300px\" \/><\/a><\/span>i\u00e7erisinde veya ayr\u0131 bir kalem olarak belirtilmesi, t\u00fcketiciler a\u00e7\u0131s\u0131ndan bir farkl\u0131l\u0131k yaratmamaktad\u0131r. (!) Oysa kay\u0131p-ka\u00e7ak bedeli tahsilat\u0131 Enerji Piyasas\u0131 D\u00fczenleme Kurulunun kararlar\u0131na dayanan tarifelere g\u00f6re yap\u0131lmaktad\u0131r.<span id=\"more-69830\"><\/span><\/p>\n<p>Elektrik piyasas\u0131nda faaliyet g\u00f6steren \u015firketler son kullan\u0131c\u0131 olan t\u00fcketicilere elektrik sat\u0131\u015f\u0131 yapmakta ve kar\u015f\u0131l\u0131\u011f\u0131nda elektrik faturas\u0131nda yer alan toplam bedeli talep etmektedirler. Elektrik faturas\u0131nda birden \u00e7ok bedel bulundu\u011fu gibi <strong>faturada g\u00f6remedi\u011finiz bedeller de elektrik birim fiyat i\u00e7erisinde yer almaktad\u0131r<\/strong>. Ancak bunlar kanunun <strong>\u015feffafl\u0131k maddesine tak\u0131lm\u0131yor olacak ki<\/strong> hen\u00fcz faturada bu bedelleri g\u00f6remiyoruz. G\u00f6remedi\u011fimiz i\u00e7in de devletimizde vatanda\u015f\u0131m\u0131zda \u00e7ok mutludur. Oysaki fatura \u00fczerinde g\u00f6sterilmeyip vatanda\u015ftan gizlenen bedellerin hangi kanunlara ayk\u0131r\u0131 oldu\u011funu a\u015fa\u011f\u0131da g\u00f6rebilirsiniz.<\/p>\n<p><strong><span style=\"text-decoration: underline;\">Anayasa <\/span><\/strong><\/p>\n<p>Madde 5 \u2013 Devletin temel ama\u00e7 ve g\u00f6revleri, T\u00fcrk milletinin ba\u011f\u0131ms\u0131zl\u0131\u011f\u0131n\u0131 ve b\u00fct\u00fcnl\u00fc\u011f\u00fcn\u00fc, \u00fclkenin b\u00f6l\u00fcnmezli\u011fini, Cumhuriyeti ve demokrasiyi korumak, ki\u015filerin ve toplumun refah, huzur ve mutlulu\u011funu sa\u011flamak; ki\u015finin temel hak ve h\u00fcrriyetlerini, sosyal hukuk devleti ve adalet ilkeleriyle ba\u011fda\u015fmayacak surette s\u0131n\u0131rlayan siyasal, ekonomik ve sosyal engelleri kald\u0131rmaya, insan\u0131n madd\u00ee ve manev\u00ee varl\u0131\u011f\u0131n\u0131n geli\u015fmesi i\u00e7in gerekli \u015fartlar\u0131 haz\u0131rlamaya \u00e7al\u0131\u015fmakt\u0131r.<\/p>\n<p>Madde 172 \u2013 Devlet, t\u00fcketicileri koruyucu ve ayd\u0131nlat\u0131c\u0131 tedbirler al\u0131r, t\u00fcketicilerin kendilerini koruyucu giri\u015fimlerini te\u015fvik eder.<\/p>\n<p><strong><span style=\"text-decoration: underline;\">Elektrik Piyasas\u0131 Kanunu<\/span><\/strong><\/p>\n<p>Madde 1 \u2013 Bu Kanunun amac\u0131; elektri\u011fin yeterli, kaliteli, s\u00fcrekli, d\u00fc\u015f\u00fck maliyetli ve \u00e7evreyle uyumlu bir \u015fekilde t\u00fcketicilerin kullan\u0131m\u0131na sunulmas\u0131 i\u00e7in, rekabet ortam\u0131nda \u00f6zel hukuk h\u00fck\u00fcmlerine g\u00f6re faaliyet g\u00f6steren, mali a\u00e7\u0131dan g\u00fc\u00e7l\u00fc, istikrarl\u0131 ve \u015feffaf bir elektrik enerjisi piyasas\u0131n\u0131n olu\u015fturulmas\u0131 ve bu piyasada ba\u011f\u0131ms\u0131z bir d\u00fczenleme ve denetimin yap\u0131lmas\u0131n\u0131n sa\u011flanmas\u0131d\u0131r.<\/p>\n<p><strong><span style=\"text-decoration: underline;\">T\u00fcketicinin Korunmas\u0131 Hakk\u0131nda Kanun <\/span><\/strong><\/p>\n<p>Madde 1 \u2013 Bu Kanunun amac\u0131; kamu yarar\u0131na uygun olarak t\u00fcketicinin sa\u011fl\u0131k ve g\u00fcvenli\u011fi ile ekonomik \u00e7\u0131karlar\u0131n\u0131 koruyucu, zararlar\u0131n\u0131 tazmin edici, \u00e7evresel tehlikelerden korunmas\u0131n\u0131 sa\u011flay\u0131c\u0131, t\u00fcketiciyi ayd\u0131nlat\u0131c\u0131 ve bilin\u00e7lendirici \u00f6nlemleri almak, t\u00fcketicilerin kendilerini koruyucu giri\u015fimlerini \u00f6zendirmek ve bu konulardaki politikalar\u0131n olu\u015fturulmas\u0131nda g\u00f6n\u00fcll\u00fc \u00f6rg\u00fctlenmeleri te\u015fvik etmeye ili\u015fkin hususlar\u0131 d\u00fczenlemektir.<\/p>\n<p>Madde 62 \u2013 Bir ticari uygulaman\u0131n; mesleki \u00f6zenin gereklerine uymamas\u0131 ve ula\u015ft\u0131\u011f\u0131 ortalama t\u00fcketicinin ya da y\u00f6neldi\u011fi grubun ortalama \u00fcyesinin mal veya hizmete ili\u015fkin ekonomik davran\u0131\u015f bi\u00e7imini \u00f6nemli \u00f6l\u00e7\u00fcde bozmas\u0131 veya \u00f6nemli \u00f6l\u00e7\u00fcde bozma ihtimalinin olmas\u0131 durumunda haks\u0131z oldu\u011fu kabul edilir. \u00d6zellikle aldat\u0131c\u0131 veya sald\u0131rgan nitelikte olan uygulamalar ile y\u00f6netmelik ekinde yer alan uygulamalar haks\u0131z ticari uygulama olarak kabul edilir. T\u00fcketiciye y\u00f6nelik haks\u0131z ticari uygulamalar yasakt\u0131r.<\/p>\n<p>Elektrik fiyatlar\u0131ndaki art\u0131\u015flar\u0131 a\u00e7\u0131klayabilmek i\u00e7in elektrik fiyat\u0131n\u0131 olu\u015fturan unsurlar\u0131n bilinmesi ve fiyat art\u0131\u015f\u0131na hangi unsurlar\u0131n sebep oldu\u011funun anla\u015f\u0131lmas\u0131 gerekmektedir. Perakende elektrik fiyat\u0131 \u015fu \u015fekilde olu\u015fmaktad\u0131r;<\/p>\n<p><strong><span style=\"text-decoration: underline;\">Faturada G\u00f6r\u00fclenler<\/span><\/strong><\/p>\n<p>Elektrik Faturas\u0131 = (Aktif Enerji Fiyat\u0131 + Kay\u0131p Ka\u00e7ak Bedeli + Ta\u015f\u0131ma Maliyetleri (\u0130letim Bedeli, Da\u011f\u0131t\u0131m Bedeli) + Saya\u00e7 Okuma + Perakende Sat\u0131\u015f Hizmet Bedeli (faturalama\/m\u00fc\u015fteri hizmetleri) + Fonlar ( Enerji Fonu %1; TRT Pay\u0131 % 2 ve Belediye T\u00fcketim Vergisi % 1\/5) + KDV<\/p>\n<p><span style=\"text-decoration: underline;\">Faturada G\u00f6r\u00fclmeyen Di\u011fer Yasal Y\u00fck\u00fcml\u00fcl\u00fckler<\/span><\/p>\n<p>Kar Marj\u0131 + S\u0131f\u0131r Bakiye D\u00fczeltme Kalemi + \u00d6denmemi\u015f Alacaklar Pay\u0131 + Fark Fonu + PMUM Piyasa \u0130\u015fletim \u00dccreti + Yenilenebilir Enerji Kaynaklar\u0131 Destekleme Mekanizmas\u0131 (YEKDEM)<\/p>\n<p>Bu bedellerin toplam\u0131 t\u00fcketicinin \u00f6deyece\u011fi toplam bedeli ortaya koymaktad\u0131r. Elektrik faturas\u0131nda yer alabilecek bedeller bir tarife kapsam\u0131nda Enerji Piyasas\u0131 D\u00fczenleme Kurulu taraf\u0131ndan belirlenmekte ve y\u00fcr\u00fcrl\u00fc\u011fe sokulmaktad\u0131r.<\/p>\n<p>Di\u011fer yandan her malda oldu\u011fu gibi firenin \u00e7ok olmas\u0131 enerji bedelini y\u00fckseltecektir. Fire konusunu elektrik piyasas\u0131na uygulad\u0131\u011f\u0131m\u0131zda iki farkl\u0131 konu ba\u015fl\u0131\u011f\u0131 g\u00fcndeme gelmektedir: Teknik kay\u0131plar (Kay\u0131p) ve Ticari kay\u0131plar (Ka\u00e7ak). Teknik kay\u0131plar elektrik sisteminin do\u011fas\u0131ndan kaynaklanmakla birlikte elektrik sisteminin niteli\u011fine (uzun\/k\u0131sa mesafe, sistemin eski\/yeni olu\u015fu\u2026) g\u00f6re teknik kay\u0131p oran\u0131 de\u011fi\u015febilmektedir. \u0130letim sisteminde %1-3 aras\u0131nda bir teknik kay\u0131p normal kabul edilebilirken; bu oran da\u011f\u0131t\u0131m sistemi i\u00e7in % 5-8 gibi bir aral\u0131kta olabilmektedir. Ticari kay\u0131p i\u00e7erisinde en \u00f6nemli yeri tutan ka\u00e7ak ise \u00fclkenin geli\u015fmi\u015flik d\u00fczeyi, ki\u015filerin sosyal ve ekonomik durumlar\u0131 ve de\u011fer yarg\u0131lar\u0131 gibi bir\u00e7ok sebepten kaynaklanabilen bir olgudur ancak netice itibariyle ka\u00e7ak enerji kullan\u0131m\u0131 bir t\u00fcr \u201ch\u0131rs\u0131zl\u0131k \u201dt\u0131r. \u0130ster teknik kay\u0131p olsun ister ka\u00e7ak olsun neticede \u015febekeye verilen enerjinin tamam\u0131 faturas\u0131n\u0131 d\u00fczenli \u00f6deyen t\u00fcketiciye ula\u015fmamaktad\u0131r.<\/p>\n<p>\u00d6rne\u011fin santralde \u00fcretilip sisteme verilen 100 birimlik enerjinin ancak 85-90 birimlik k\u0131sm\u0131n\u0131n nihai t\u00fcketiciye ula\u015fabildi\u011fini varsayal\u0131m. Bu durumda enerji \u00fcretim maliyeti 100 birim \u00fczerinden olacakt\u0131r. Ancak kay\u0131p ve ka\u00e7ak nedeniyle 85-90 birimlik t\u00fcketim, sanki 100 birim enerji t\u00fcketilmi\u015f gibi fiyatland\u0131r\u0131lacakt\u0131r. Dolay\u0131s\u0131yla teknik kay\u0131p ve ka\u00e7a\u011f\u0131n y\u00fcksek olmas\u0131 elektrik enerjisine \u00f6denen birim fiyat\u0131 da y\u00fckseltecektir.<\/p>\n<p>Fatura i\u00e7eri\u011fini inceledi\u011fimizde, usul\u00fcne uygun olarak elektrik enerjisi sat\u0131n alan ve t\u00fcketen t\u00fcketicinin, bir anlamda bedeli kar\u015f\u0131l\u0131\u011f\u0131nda elektrik enerjisi sat\u0131n alan m\u00fc\u015fterinin, onlarca kalemden olu\u015fan maliyet dizilerinin olu\u015fturdu\u011fu tutarlar\u0131 \u00f6demek zorunda kald\u0131\u011f\u0131, daha da \u00f6tesinde \u00fclke genelinde elektrik enerjisi t\u00fcketimindeki ka\u00e7ak kullan\u0131m bedellerinin dahi t\u00fcketiciye yans\u0131t\u0131ld\u0131\u011f\u0131 anla\u015f\u0131lmaktad\u0131r.<\/p>\n<p>Kay\u0131p-ka\u00e7ak bedeli, 2011 y\u0131l\u0131 \u00f6ncesinde de fiyat e\u015fitleme mekanizmas\u0131 sebebiyle b\u00fct\u00fcn da\u011f\u0131t\u0131m b\u00f6lgelerinde perakende sat\u0131\u015f tarifesi i\u00e7erisinde yer al\u0131yordu ve birim fiyat i\u00e7erisinde tahsil ediliyordu. 2011 y\u0131l\u0131ndan itibaren ger\u00e7ekle\u015fen bu yeni durumun sebebi t\u00fcketiciler a\u00e7\u0131s\u0131ndan <strong>\u015feffaf(!)<\/strong> bir uygulaman\u0131n ger\u00e7ekle\u015fmesini sa\u011flamak istenildi\u011fi s\u00f6ylenerek faturada g\u00f6sterilmeye ba\u015fland\u0131. Elektrik Piyasas\u0131 Tarifeler Y\u00f6netmeli\u011fi ve Elektrik Piyasas\u0131 T\u00fcketici Hizmetleri Y\u00f6netmeli\u011fi\u2019nin t\u00fcketicilerin bilgilendirilmesine y\u00f6nelik d\u00fczenlemeleri faturalarda \u015feffafl\u0131\u011f\u0131(!) gerekli k\u0131lmaktad\u0131r. Anla\u015f\u0131ld\u0131\u011f\u0131 \u00fczere kay\u0131p-ka\u00e7ak bedeli, 2011 y\u0131l\u0131ndan itibaren t\u00fcketicilerden tahsil edilen yeni bir bedel de\u011fildir.<\/p>\n<p>Perakende sat\u0131\u015f lisans\u0131 sahibi da\u011f\u0131t\u0131m \u015firketleri, tarifeleri d\u00fczenlemeye tabi t\u00fczel ki\u015filerdir. Yani bu \u015firketlerin satt\u0131\u011f\u0131 elektri\u011fin ve verdi\u011fi hizmetlerin \u00fccretleri kendileri taraf\u0131ndan de\u011fil, Enerji Piyasas\u0131 D\u00fczenleme Kurulu taraf\u0131ndan Elektrik Piyasas\u0131 Tarife Y\u00f6netmeli\u011finin 5. maddesi \u00e7er\u00e7evesinde bir tarife ile belirlenmektedir. Bu h\u00fck\u00fcmlerden a\u00e7\u0131k\u00e7a anla\u015f\u0131ld\u0131\u011f\u0131 \u00fczere tarifeleri onaylama yetkisi EPDK\u2019ya aittir ve EPDK\u2019n\u0131n onay\u0131 olmaks\u0131z\u0131n tarifedeki bedellerde de\u011fi\u015fiklik dahi yap\u0131lamaz. Bu durum g\u00f6stermektedir ki, elektrik faturalar\u0131nda yer alan t\u00fcm bedeller EPDK taraf\u0131ndan onaylanmaktad\u0131r.<\/p>\n<p>Nitekim EPK\u2019n\u0131n 4. maddesinin 7. f\u0131kras\u0131n\u0131n ( l ) bendine g\u00f6re Kurul\u2019un yetkilerinden birisi de \u201cBu Kanun h\u00fck\u00fcmlerine, \u00e7\u0131kar\u0131lan y\u00f6netmelik h\u00fck\u00fcmlerine, Kurul taraf\u0131ndan onaylanan tarife ve y\u00f6netmeliklere, lisans h\u00fck\u00fcm ve \u015fartlar\u0131na ve Kurul kararlar\u0131na ayk\u0131r\u0131 davran\u0131ld\u0131\u011f\u0131 durumlarda, idari para cezas\u0131 vermek ve lisanslar\u0131 iptal etmek\u201dtir. \u00a0Ticari i\u015fletmeler hi\u00e7bir zaman kar\u0131ndan vaz ge\u00e7mek istemez. Dolay\u0131s\u0131 ile herhangi bir elektrik da\u011f\u0131t\u0131m \u015firketinin bu bedelin tahsiline kar\u015f\u0131 \u00e7\u0131kmas\u0131n\u0131 beklemek safl\u0131k olacakt\u0131r. Bu h\u00fck\u00fcm gere\u011fince lisans sahibi da\u011f\u0131t\u0131m \u015firketlerinin tarife h\u00fck\u00fcmlerine ayk\u0131r\u0131 i\u015flem yapmas\u0131 durumunda EPDK kendilerine lisans iptali d\u00e2hil a\u011f\u0131r yapt\u0131r\u0131mlar uygulamas\u0131 s\u00f6z konusu olur.<\/p>\n<p>Bu d\u00fczenlemeler gere\u011fince tarifelerin onaylanmas\u0131 ve uygulanmas\u0131n\u0131n sa\u011flanmas\u0131 yetkisi do\u011frudan EPDK\u2019ya aittir ve perakende sat\u0131\u015f lisans\u0131 da\u011f\u0131t\u0131m \u015firketlerinin kendi iradeleri ile t\u00fcketicilerden tarifede yer almayan herhangi bir \u00fccreti tahsil etmesi m\u00fcmk\u00fcn de\u011fildir. Zira \u015firket t\u00fcketicilere her ay elektrik faturas\u0131 g\u00f6ndermektedir ve t\u00fcketiciye yans\u0131tt\u0131\u011f\u0131 \u00fccretlerin b\u00fcy\u00fck bir k\u0131sm\u0131 bu faturada yer almaktad\u0131r. E\u011fer faturada yer alan bedellerden herhangi birisi tarifede yer almayan bir bedel ise, bu durum tarifenin fiyat yap\u0131s\u0131na bir m\u00fcdahale te\u015fkil eder ki bu durumda EPDK, lisans sahibi \u015firkete yapt\u0131r\u0131m uygulamal\u0131d\u0131r. EPDK kuruldu\u011fundan beri b\u00f6yle bir uygulama g\u00f6r\u00fclmemi\u015ftir.<\/p>\n<p>212 say\u0131l\u0131 Kurul karar\u0131nda perakende sat\u0131\u015f tarifesinin bile\u015fenlerinden birisinin kay\u0131p-ka\u00e7ak oran\u0131 oldu\u011fu a\u00e7\u0131k\u00e7a ifade edilmi\u015ftir. Her y\u0131l i\u00e7in hedeflenen kay\u0131p-ka\u00e7ak oranlar\u0131n\u0131n ne kadar oldu\u011fu ise yine EPDK Kurul karar\u0131 ile a\u00e7\u0131klanm\u0131\u015ft\u0131r. 16\/10\/2010 tarihinde al\u0131nan 2932 say\u0131l\u0131 Kurul karar\u0131 ile her bir elektrik da\u011f\u0131t\u0131m b\u00f6lgesindeki kay\u0131p-ka\u00e7ak oran tahminleri y\u0131llara g\u00f6re ayr\u0131 ayr\u0131 belirlenmi\u015ftir. Her ne kadar her bir da\u011f\u0131t\u0131m b\u00f6lgesinde kay\u0131p-ka\u00e7ak oran\u0131 farkl\u0131l\u0131k arz etse de fiyat e\u015fitleme mekanizmas\u0131 sebebiyle t\u00fcm b\u00f6lgelerde kay\u0131p-ka\u00e7ak oran\u0131 ayn\u0131 oran olarak uygulanmaktad\u0131r. Elektrik perakende sat\u0131\u015f tarifesinin unsurlar\u0131n\u0131n neler oldu\u011funa dair en \u00f6nemli d\u00fczenlemelerden birisi \u201cElektrik Piyasas\u0131nda Gelir ve Tarife D\u00fczenlemesi Kapsam\u0131nda D\u00fczenlemeye Tabi Unsurlar ve Raporlamaya \u0130li\u015fkin Esaslar Hakk\u0131nda Tebli\u011f\u201d (RAG Tebli\u011fi)\u2019dir<\/p>\n<p>Netice itibariyle perakende sat\u0131\u015f lisans\u0131 sahibi da\u011f\u0131t\u0131m \u015firketleri kay\u0131p-ka\u00e7ak oranlar\u0131n\u0131 kendileri belirlememekte ve bunun maliyetini perakende sat\u0131\u015f fiyat\u0131na kendi iradeleri ile eklememektedir. Bilakis bu bedeller EPDK taraf\u0131ndan onaylanarak y\u00fcr\u00fcrl\u00fc\u011fe sokulan tarifeler gere\u011fince devlet taraf\u0131ndan faturalara yans\u0131t\u0131lmaktad\u0131r. Elektrik perakende sat\u0131\u015f tarifesi, lisans sahibi \u015firketlerin t\u00fcketicilerden tahsil edebilece\u011fi \u00fccretleri belirledi\u011fine ve bu tarife EPDK taraf\u0131ndan onayland\u0131\u011f\u0131na g\u00f6re elektrik da\u011f\u0131t\u0131m \u015firketlerini su\u00e7lamak yersiz olacakt\u0131r. Yap\u0131lan bu uygulama devlet eliyle vatanda\u015f\u0131 ma\u011fdur etmekten ba\u015fka bir \u015fey de\u011fildir.<\/p>\n<p>\u00dcstelik haks\u0131z ve hukuksuz olarak t\u00fcketiciden tahsil edilen kay\u0131p ka\u00e7ak bedelinin \u00fczerinden % 1 Enerji Fonu, % 2 TRT Pay\u0131 ve % 5-%1 Belediye T\u00fcketim Vergisi ve % 18 KDV \u00f6dersiniz. \u0130nsana art\u0131k bu kadar\u0131 da fazla dedirtiyorlar.<strong> Yap\u0131lan bu uygulamalar ile devlet t\u00fcketiciyi korumak yerine sermaye sahibi \u015firketleri korumay\u0131 daha uygun bulmu\u015f ve i\u015fi abartarak bu bedel \u00fczerinden vergi ve fon tahsilat\u0131 yapm\u0131\u015ft\u0131r.<\/strong><\/p>\n<p>Kay\u0131p-ka\u00e7ak bedelinin t\u00fcketicilerden tahsil edilmemesi durumunda, yat\u0131r\u0131m harcamalar\u0131 a\u00e7\u0131k verir ve elektrik da\u011f\u0131t\u0131m \u015firketlerinin s\u00fcrd\u00fcr\u00fclebilirli\u011fi tehlikeye girer. T\u00fcketicilerin KK Bedeli i\u00e7in tepkilerini engellemek i\u00e7in de kay\u0131p-ka\u00e7ak bedeli art\u0131k faturada g\u00f6sterilmeyip tarife i\u00e7erisine konulmak zorunda kal\u0131n\u0131r ve yine t\u00fcketici taraf\u0131ndan \u00f6denir. Sadece art\u0131k vatanda\u015f fatura \u00fczerinde bu bedeli g\u00f6rememektedir. \u00d6yleyse i\u015fin ba\u015f\u0131na d\u00f6nelim. Nerede kald\u0131 \u015feffafl\u0131k?<\/p>\n<p>\u0130\u015fte bu sebeplerden uzun y\u0131llar kay\u0131p-ka\u00e7ak bedeli elektrik birim bedeli i\u00e7erisinde tahsil ediliyordu ve t\u00fcketiciler bu bedeli faturalar\u0131nda g\u00f6rm\u00fcyorlard\u0131. Bunun gibi g\u00f6rmedi\u011fi bir dolu bedel var. Kay\u0131p Ka\u00e7ak kadar k\u00f6t\u00fc bir bedel var ki bunun ad\u0131 \u201cS\u0131f\u0131r Bakiye D\u00fczeltme Kalemi\u201d ve KK Bedelinden \u00e7ok daha fazla maliyetlidir.<\/p>\n<p>Mevzuat\u0131n t\u00fcketici haklar\u0131na, sat\u0131\u015f s\u00f6zle\u015fmesinin amac\u0131 ve kapsam\u0131na, sat\u0131n al\u0131nmayan, t\u00fcketilmeyen \u00fcr\u00fcn\u00fcn bedelinin talep edilemeyece\u011fi ve tahsil olunamayaca\u011f\u0131 kural\u0131na ve benzer di\u011fer t\u00fcm hukuksal disiplin ve kurallara apa\u00e7\u0131k ayk\u0131r\u0131 oldu\u011fu a\u00e7\u0131kt\u0131r. Uygulamada her ne kadar usule uygun y\u00f6netmelikler ile bir y\u0131\u011f\u0131n fon ve kay\u0131p-ka\u00e7ak gibi kalemler ile t\u00fcketicinin y\u00fck\u00fc gittik\u00e7e artmaktad\u0131r.<\/p>\n<p>Belirtildi\u011fi gibi t\u00fcm t\u00fcketiciler \u201cKay\u0131p-Ka\u00e7ak Bedeli\u2019ni her ay faturalar\u0131nda \u00f6deyemeye devam edeceklerdir. Oysaki ka\u00e7ak elektrik kullanmak su\u00e7 olup, ka\u00e7ak elektrik enerjisi t\u00fcketimini g\u00f6revli personel taraf\u0131ndan tespit ettikten sonra bir tutanakla durumu saptay\u0131p, derhal elektrik enerjisini keserek, savc\u0131l\u0131\u011fa su\u00e7 duyurusunda bulunduktan sonra ka\u00e7ak elektrik kullanan t\u00fcketici aleyhine icra takibi ba\u015flat\u0131lmaktad\u0131r.<\/p>\n<p>T\u00fcketiciden fatura ile birlikte kaynakta tahsil olunan ka\u00e7ak elektrik bedeli ve noksan t\u00fcketim bedelleri avans faizleri ve yarg\u0131lama giderleriyle birlikte tahsil olunmaktad\u0131r. Bu durum elektrik da\u011f\u0131t\u0131m \u015firketinin hem ka\u00e7ak elektrik t\u00fcketenden hem de di\u011fer abonelerden tahsil edilen kay\u0131p ka\u00e7ak bedelleri ile iki kez tahsilat yapt\u0131\u011f\u0131 a\u00e7\u0131k\u00e7a ortaya konulmaktad\u0131r<\/p>\n<p>Ka\u00e7ak elektrik kullan\u0131m\u0131ndan yakalanan \u015fah\u0131slardan tahsil edilen \u00fccretlerin ka\u00e7ak elektrik havuzunda toplanmas\u0131 gerekirken elektrik da\u011f\u0131t\u0131m \u015firketlerinde prim ve te\u015fvik olarak da\u011f\u0131t\u0131ld\u0131\u011f\u0131 iddias\u0131 dikkat \u00e7ekicidir. Bu iddiay\u0131 g\u00fc\u00e7lendiren bilgi edinme cevaplar\u0131 vard\u0131r.<\/p>\n<p>\u00d6yle anla\u015f\u0131l\u0131yor ki yetkililerce tercih edilen bu bedel ile da\u011f\u0131t\u0131m \u015firketlerinin desteklenmesi sa\u011flan\u0131rken t\u00fcketicilerin haklar\u0131 ihlal edilmektedir.<\/p>\n<p><strong>B\u00fclent \u00c7ebin<\/strong> <strong>T\u00fcketici G\u00fcvenli\u011fi Derne\u011fi\u00a0 Enerji Komisyonu Ba\u015fkan\u0131 <\/strong><\/p>\n<p><strong>(<\/strong>T\u00fcketici G\u00fcvenli\u011fi Derne\u011fi <strong>T\u00fcketici Birli\u011fi Federasyonu<\/strong> \u00dcyesidir.)<\/p>\n<p>Kaynak: <a href=\"http:\/\/enerjienstitusu.com\/2015\/01\/17\/elektrik-faturalarinda-yer-alan-kayip-kacak-bedelinin-faturada-gosterilmemesi\/\" target=\"_blank\" rel=\"nofollow\">Enerji Enstit\u00fcs\u00fc<\/a><\/p>","protected":false},"excerpt":{"rendered":"<p>Sorry, this entry is only available in Turkish. For the sake of viewer convenience, the content is shown below in the alternative language. You may click the link to switch the active language.Elektrik faturalar\u0131nda \u201cbirim fiyat\u201d i\u00e7erisinde yer alan kay\u0131p-ka\u00e7ak bedeli 2011 y\u0131l\u0131ndan itibaren da\u011f\u0131t\u0131m \u015firketleri taraf\u0131ndan faturalarda kay\u0131p-ka\u00e7ak bedeli olarak ayr\u0131ca g\u00f6sterilmeye ba\u015flanm\u0131\u015ft\u0131r. Kay\u0131p-ka\u00e7ak [&hellip;]<\/p>\n","protected":false},"author":1,"featured_media":35530,"comment_status":"open","ping_status":"open","sticky":false,"template":"","format":"standard","meta":[],"categories":[51,53],"tags":[68,61,1229,20852,19590,19638,20853,20854,20855,4062,63,67,1009,165,498,20856,10164,20851],"views":1048,"_links":{"self":[{"href":"https:\/\/www.enerjigazetesi.ist\/en\/wp-json\/wp\/v2\/posts\/35529"}],"collection":[{"href":"https:\/\/www.enerjigazetesi.ist\/en\/wp-json\/wp\/v2\/posts"}],"about":[{"href":"https:\/\/www.enerjigazetesi.ist\/en\/wp-json\/wp\/v2\/types\/post"}],"author":[{"embeddable":true,"href":"https:\/\/www.enerjigazetesi.ist\/en\/wp-json\/wp\/v2\/users\/1"}],"replies":[{"embeddable":true,"href":"https:\/\/www.enerjigazetesi.ist\/en\/wp-json\/wp\/v2\/comments?post=35529"}],"version-history":[{"count":1,"href":"https:\/\/www.enerjigazetesi.ist\/en\/wp-json\/wp\/v2\/posts\/35529\/revisions"}],"predecessor-version":[{"id":35531,"href":"https:\/\/www.enerjigazetesi.ist\/en\/wp-json\/wp\/v2\/posts\/35529\/revisions\/35531"}],"wp:featuredmedia":[{"embeddable":true,"href":"https:\/\/www.enerjigazetesi.ist\/en\/wp-json\/wp\/v2\/media\/35530"}],"wp:attachment":[{"href":"https:\/\/www.enerjigazetesi.ist\/en\/wp-json\/wp\/v2\/media?parent=35529"}],"wp:term":[{"taxonomy":"category","embeddable":true,"href":"https:\/\/www.enerjigazetesi.ist\/en\/wp-json\/wp\/v2\/categories?post=35529"},{"taxonomy":"post_tag","embeddable":true,"href":"https:\/\/www.enerjigazetesi.ist\/en\/wp-json\/wp\/v2\/tags?post=35529"}],"curies":[{"name":"wp","href":"https:\/\/api.w.org\/{rel}","templated":true}]}}