{"id":3548,"date":"2012-11-25T20:34:45","date_gmt":"2012-11-25T17:34:45","guid":{"rendered":"https:\/\/www.enerjigazetesi.ist\/?p=3548"},"modified":"2012-11-25T21:25:01","modified_gmt":"2012-11-25T18:25:01","slug":"enerji-tasarrufu-nasil-saglanir","status":"publish","type":"post","link":"https:\/\/www.enerjigazetesi.ist\/en\/enerji-tasarrufu-nasil-saglanir\/","title":{"rendered":"(Turkish) Enerji Tasarrufu Nas\u0131l Sa\u011flan\u0131r?"},"content":{"rendered":"<p class=\"qtranxs-available-languages-message qtranxs-available-languages-message-en\">Sorry, this entry is only available in <a href=\"https:\/\/www.enerjigazetesi.ist\/tr\/wp-json\/wp\/v2\/posts\/3548\" class=\"qtranxs-available-language-link qtranxs-available-language-link-tr\" title=\"Turkish\">Turkish<\/a>. For the sake of viewer convenience, the content is shown below in the alternative language. You may click the link to switch the active language.<\/p><p><strong>WWF-T\u00fcrkiye, Enerji Verimlili\u011fi ve \u0130klim De\u011fi\u015fikli\u011fi Raporunda, enerji t\u00fcketiminin nas\u0131l azalt\u0131labilece\u011fini anlatt\u0131.<\/strong><\/p>\n<p><img loading=\"lazy\" class=\"alignleft size-full wp-image-3549\" title=\"enerji-verimliligi-ve-tasarrufu\" src=\"https:\/\/www.enerjigazetesi.ist\/wp-content\/uploads\/2012\/11\/enerji-verimliligi-ve-tasarrufu.jpg\" alt=\"\" width=\"260\" height=\"198\" srcset=\"https:\/\/www.enerjigazetesi.ist\/wp-content\/uploads\/2012\/11\/enerji-verimliligi-ve-tasarrufu.jpg 260w, https:\/\/www.enerjigazetesi.ist\/wp-content\/uploads\/2012\/11\/enerji-verimliligi-ve-tasarrufu-65x50.jpg 65w\" sizes=\"(max-width: 260px) 100vw, 260px\" \/>D\u00fcnya Do\u011fay\u0131 Koruma Vakf\u0131 (WWF) T\u00fcrkiye taraf\u0131ndan haz\u0131rlanan Enerji Verimlili\u011fi ve \u0130klim De\u011fi\u015fikli\u011fi raporunda \u00e7a\u011f\u0131n en b\u00fcy\u00fck sorununun k\u00fcresel iklim de\u011fi\u015fikli\u011fi oldu\u011fu ifade edilirken, k\u00fcresel s\u0131cakl\u0131k ortalamalar\u0131n\u0131n, sanayi devrimi \u00f6ncesindeki d\u00fczeyin 2 santigrat derece \u00fczerine y\u00fckselmesini engellemenin ya\u015famsal \u00f6neme sahip oldu\u011fu vurguland\u0131.<\/p>\n<p><strong>TASARRUF \u00d6NER\u0130LER\u0130<br \/>\n<\/strong><br \/>\nEvlerde enerjiyi verimli kullanman\u0131n, \u00fclke genelindeki enerji t\u00fcketimini azaltmaya y\u00f6nelik \u00f6nemli bir ad\u0131m olaca\u011f\u0131 ifade edilen raporda, ev i\u00e7i enerji t\u00fcketimini ve enerji masraflar\u0131n\u0131 azaltmaya y\u00f6nelik \u00f6nerilerden baz\u0131lar\u0131 \u015f\u00f6yle:<\/p>\n<p>-Ampulleri, enerjiyi verimli kullanan ampullerle de\u011fi\u015ftirin.<br \/>\n-Kullanaca\u011f\u0131n\u0131z ev aletlerini sat\u0131n al\u0131rken yaln\u0131zca fiyat olarak de\u011fil, enerji tasarrufu a\u00e7\u0131s\u0131ndan da de\u011ferlendirin.<br \/>\n-\u0130\u015finiz bitti\u011finde elektrikli cihazlar\u0131n\u0131z\u0131 d\u00fc\u011fmesinden kapat\u0131n.<br \/>\n-Sa\u00e7 kurutma makineleri \u00e7ok fazla elektrik t\u00fcketir. Dikkatli kullan\u0131mla y\u00fczde 10 enerji tasarrufu yap\u0131labilir.<br \/>\n-Oda s\u0131cakl\u0131\u011f\u0131n\u0131 bir derece d\u00fc\u015f\u00fcr\u00fcrseniz, evinizin \u0131s\u0131nma masraf\u0131 y\u00fczde 10 azalacakt\u0131r.<br \/>\n-Pencerelerinizde iki ya da \u00fc\u00e7 katl\u0131 cam kullan\u0131n. \u00c7ift cam kullanarak bu kay\u0131p, yar\u0131ya indirilebilir.<br \/>\n-Uzun s\u00fcreli banyo yapmak yerine du\u015f yapmay\u0131 tercih edin.<br \/>\n-\u00c7\u00f6pleri geri d\u00f6n\u00fc\u015f\u00fcme uygun olarak ayr\u0131\u015ft\u0131r\u0131n. Geri d\u00f6n\u00fc\u015ft\u00fcr\u00fclen her bir ton ka\u011f\u0131t, y\u00fczde 60 enerji tasarrufu sa\u011flayarak 17 a\u011fa\u00e7 ve 26 bin 500 litre suyu kurtar\u0131r; 27 kilogram hava kirlili\u011finin \u00f6nlenmesini sa\u011flar.<br \/>\n-Ara\u00e7 kullan\u0131rken gereksiz olarak gaza basmak ve fren yapmak y\u00fczde be\u015f daha \u00e7ok yak\u0131t t\u00fcketimi demektir.<\/p>\n<p>Kaynak: <a href=\"http:\/\/www.internethaber.com\/enerjiyi-verimli-kullanmak-hangi-esya-ne-kadar-elektrik-yakar--476029h.htm\" target=\"_blank\">\u0130nternet Haber<\/a><\/p>","protected":false},"excerpt":{"rendered":"<p>Sorry, this entry is only available in Turkish. For the sake of viewer convenience, the content is shown below in the alternative language. You may click the link to switch the active language.WWF-T\u00fcrkiye, Enerji Verimlili\u011fi ve \u0130klim De\u011fi\u015fikli\u011fi Raporunda, enerji t\u00fcketiminin nas\u0131l azalt\u0131labilece\u011fini anlatt\u0131. D\u00fcnya Do\u011fay\u0131 Koruma Vakf\u0131 (WWF) T\u00fcrkiye taraf\u0131ndan haz\u0131rlanan Enerji Verimlili\u011fi ve [&hellip;]<\/p>\n","protected":false},"author":1,"featured_media":3549,"comment_status":"open","ping_status":"open","sticky":false,"template":"","format":"standard","meta":[],"categories":[53,52],"tags":[67,103,12,566],"views":808,"_links":{"self":[{"href":"https:\/\/www.enerjigazetesi.ist\/en\/wp-json\/wp\/v2\/posts\/3548"}],"collection":[{"href":"https:\/\/www.enerjigazetesi.ist\/en\/wp-json\/wp\/v2\/posts"}],"about":[{"href":"https:\/\/www.enerjigazetesi.ist\/en\/wp-json\/wp\/v2\/types\/post"}],"author":[{"embeddable":true,"href":"https:\/\/www.enerjigazetesi.ist\/en\/wp-json\/wp\/v2\/users\/1"}],"replies":[{"embeddable":true,"href":"https:\/\/www.enerjigazetesi.ist\/en\/wp-json\/wp\/v2\/comments?post=3548"}],"version-history":[{"count":2,"href":"https:\/\/www.enerjigazetesi.ist\/en\/wp-json\/wp\/v2\/posts\/3548\/revisions"}],"predecessor-version":[{"id":3837,"href":"https:\/\/www.enerjigazetesi.ist\/en\/wp-json\/wp\/v2\/posts\/3548\/revisions\/3837"}],"wp:featuredmedia":[{"embeddable":true,"href":"https:\/\/www.enerjigazetesi.ist\/en\/wp-json\/wp\/v2\/media\/3549"}],"wp:attachment":[{"href":"https:\/\/www.enerjigazetesi.ist\/en\/wp-json\/wp\/v2\/media?parent=3548"}],"wp:term":[{"taxonomy":"category","embeddable":true,"href":"https:\/\/www.enerjigazetesi.ist\/en\/wp-json\/wp\/v2\/categories?post=3548"},{"taxonomy":"post_tag","embeddable":true,"href":"https:\/\/www.enerjigazetesi.ist\/en\/wp-json\/wp\/v2\/tags?post=3548"}],"curies":[{"name":"wp","href":"https:\/\/api.w.org\/{rel}","templated":true}]}}