{"id":35461,"date":"2015-01-16T16:47:58","date_gmt":"2015-01-16T13:47:58","guid":{"rendered":"https:\/\/www.enerjigazetesi.ist\/?p=35461"},"modified":"2015-01-16T16:52:35","modified_gmt":"2015-01-16T13:52:35","slug":"34-enerji-verimliligi-haftasi","status":"publish","type":"post","link":"https:\/\/www.enerjigazetesi.ist\/en\/34-enerji-verimliligi-haftasi\/","title":{"rendered":"(Turkish) 34. Enerji Verimlili\u011fi Haftas\u0131&#8230;"},"content":{"rendered":"<p class=\"qtranxs-available-languages-message qtranxs-available-languages-message-en\">Sorry, this entry is only available in <a href=\"https:\/\/www.enerjigazetesi.ist\/tr\/wp-json\/wp\/v2\/posts\/35461\" class=\"qtranxs-available-language-link qtranxs-available-language-link-tr\" title=\"Turkish\">Turkish<\/a>. For the sake of viewer convenience, the content is shown below in the alternative language. You may click the link to switch the active language.<\/p><p><strong>34. Enerji Verimlili\u011fi Haftas\u0131 \u00e7er\u00e7evesinde ger\u00e7ekle\u015fecek olan 6. Enerji Verimlili\u011fi Forumu ve Fuar\u0131, 14-17 Ocak 2015 tarihlerinde, \u0130stanbul WOW Convention Center&#8217;da yer alacak. Enerji verimlili\u011fi alan\u0131nda T\u00fcrkiye&#8217;nin en b\u00fcy\u00fck ve en \u00f6nemli etkinliklerinden biri olan EVF 2015, T\u00fcrkiye&#8217;de enerji verimlili\u011fi kanunu y\u00fcr\u00fcrl\u00fc\u011fe girdikten sonra ilk kez 2009 y\u0131l\u0131nda d\u00fczenlenmi\u015ftir.<\/strong><\/p>\n<p><img loading=\"lazy\" class=\"aligncenter  wp-image-35463\" src=\"https:\/\/www.enerjigazetesi.ist\/wp-content\/uploads\/2015\/01\/indir.jpg\" alt=\"indir\" width=\"351\" height=\"369\" \/><\/p>\n<p>Bu y\u0131l 6. kez d\u00fczenlenecek olan Enerji Verimlili\u011fi Forum ve Fuar\u0131, \u00f6nceki senelerin ba\u015far\u0131s\u0131n\u0131 da arkas\u0131na alarak b\u00fcy\u00fcyen bir \u00e7izgi ile devam etmeyi planl\u0131yor.<\/p>\n<p>8-11 Ocak 2014 tarihlerinde WOW Convention Center&#8217;da, sekt\u00f6rde uluslararas\u0131 deneyime sahip Expotim taraf\u0131ndan d\u00fczenlenen 5. Enerji Verimlili\u011fi Forum ve Fuar\u0131 (EVF)\u2019nda yerli ve yabanc\u0131 70&#8217;in \u00fczerinde firma, ba\u015fta ev aletleri olmak \u00fczere, yal\u0131t\u0131m sistemleri, sanayi \u00fcr\u00fcnleri gibi farkl\u0131 alanlarda enerji verimlili\u011fine katk\u0131 sa\u011flayacak en son projelerini ve \u00fcr\u00fcnlerini sergiledi. Bununla beraber 2013 y\u0131l\u0131n\u0131n ba\u015far\u0131l\u0131 proje sahibi \u015firketleri d\u00f6rt g\u00fcn boyunca s\u00fcren fuar\u0131n kapan\u0131\u015f t\u00f6reninde, Enerji ve Tabii Kaynaklar Bakan\u0131 Taner Y\u0131ld\u0131z ve Bilim, Sanayi ve Teknoloji Bakan\u0131 Fikri I\u015f\u0131k taraf\u0131ndan enerji verimlili\u011fine katk\u0131lar\u0131ndan dolay\u0131 \u00f6d\u00fcllendirilmi\u015ftir. \u00a0 About Us \u00a0D\u00fcnya \u00fczerinde enerjiye olan talep her ge\u00e7en y\u0131l daha da art\u0131yor. Bu ger\u00e7ek, varolan kaynaklar\u0131n d\u0131\u015f\u0131nda alternatif enerji kaynaklar\u0131na y\u00f6nelimi h\u0131zland\u0131r\u0131rken, mevcut kaynaklar\u0131n da etkin ve verimli bi\u00e7imde de\u011ferlendirilmesi konusunu g\u00fcndeme ta\u015f\u0131yor.<\/p>\n<p>T\u00fcrkiye de \u00f6zellikle son y\u0131llarda enerji verimlili\u011fi konusundaki ge<a href=\"https:\/\/www.enerjigazetesi.ist\/wp-content\/uploads\/2015\/01\/home-1.jpg\"><img loading=\"lazy\" class=\"alignleft  wp-image-35462\" src=\"https:\/\/www.enerjigazetesi.ist\/wp-content\/uploads\/2015\/01\/home-1-300x146.jpg\" alt=\"home-1\" width=\"300\" height=\"200\" \/><\/a>li\u015fmeleri b\u00fcy\u00fck bir dikkatle takip etmekle birlikte enerjinin ve enerji kaynaklar\u0131n\u0131n etkin ve verimli kullan\u0131m\u0131 i\u00e7in toplumsal fark\u0131ndal\u0131\u011f\u0131n artt\u0131r\u0131lmas\u0131na y\u00f6nelik \u00e7al\u0131\u015fmalar y\u00fcr\u00fct\u00fcyor. Azalan kaynaklar ve giderek artan \u00e7evre kirlili\u011fi art\u0131k enerjiyi verimli kullanmay\u0131 zorunlu k\u0131l\u0131yor. \u00dclke kalk\u0131nmas\u0131 i\u00e7in b\u00fcy\u00fck \u00f6nem ta\u015f\u0131yan enerji verimlili\u011finin 2023 y\u0131l\u0131 planlar\u0131 ba\u015f\u0131nda %20\u2019lik iyile\u015fme hedefi bulunuyor. Bu kapsamda hem kamu hem \u00f6zel hem de sivil toplum kurulu\u015flar\u0131 i\u015f birli\u011fi i\u00e7erisinde \u00e7al\u0131\u015fmalar\u0131n\u0131 s\u00fcrd\u00fcr\u00fcyor. EVF, bu hedefin tan\u0131t\u0131lmas\u0131 i\u00e7in en \u00f6nemli platformdur. EVF kapsam\u0131nda d\u00fczenlenecek olan panel ve oturumlar ile enerji verimlili\u011fini i\u00e7eren t\u00fcm konular, politikalar ve stratejiler, uluslararas\u0131 enerji alan\u0131nda\/sekt\u00f6r\u00fcnde ara\u015ft\u0131rma yapan akademisyenler, kurumlar, \u015firketler ve T\u00fcrkiye&#8217;nin \u00f6nde gelen isimleri ile de\u011ferlendirilecektir. Enerji verimlili\u011fine katk\u0131 sa\u011flamak i\u00e7in kamuoyunu bilin\u00e7lendirme konusunda \u00f6nemli ad\u0131mlar atan kat\u0131l\u0131mc\u0131 firmalar, \u00f6zellikle ki\u015filerin gider maliyetlerini d\u00fc\u015f\u00fcrerek hem ki\u015fisel b\u00fct\u00e7elere hem de \u00fclke ekonomisine katk\u0131 sa\u011flamay\u0131 hedefliyor.<\/p>\n<p>Ayn\u0131 zamanda, enerji t\u00fcketiminde verimlili\u011fi sa\u011flayacak, s\u00f6z konusu enerjilerin kullan\u0131ld\u0131\u011f\u0131 alanlara g\u00f6re farkl\u0131l\u0131k g\u00f6steren en yeni teknoloji ile donat\u0131lm\u0131\u015f \u00fcr\u00fcn ve tasar\u0131mlar\u0131n\u0131 6. Enerji Verimlili\u011fi Forum ve Fuar\u0131&#8217;nda sergileyecek. \u00a034. Enerji Verimlili\u011fi Haftas\u0131&#8217;n\u0131n en \u00f6nemli etkinli\u011fi olan, 14-17 Ocak 2015 tarihlerinde d\u00fczenleyece\u011fimiz 6. Enerji Verimlili\u011fi Forumu ve Fuar\u0131 (EVF) ile kat\u0131l\u0131mc\u0131 ya da ziyaret\u00e7i olarak, enerji verimlili\u011fi alan\u0131nda \u00e7al\u0131\u015fan bilim insanlar\u0131, kamu, \u00f6zel ve sivil toplum kurulu\u015flar\u0131n\u0131n \u00fcst d\u00fczey temsilcileriyle tan\u0131\u015fabilir, paneller \u00e7er\u00e7evesinde bu alandaki t\u00fcm yenilikleri takip edebilir, uluslararas\u0131 ve yerel firmalarla i\u015f a\u011flar\u0131n\u0131z\u0131 geni\u015fletebilirsiniz.<\/p>\n<p><strong>6. Enerji Verimlili\u011fi Forumu ve Fuar\u0131 (EVF)<\/strong> ile ilgili daha detayl\u0131 bilgi almak ve f\u0131rsatlarla dolu bu etkinlikte yer almak i\u00e7in <strong>info@evf.gov.tr <\/strong>mail adresinden ileti\u015fime ge\u00e7ebilirsiniz.<\/p>\n<p>Kaynak: <a href=\"http:\/\/%20www.evf.com.tr\" target=\"_blank\">EVF<\/a><\/p>","protected":false},"excerpt":{"rendered":"<p>Sorry, this entry is only available in Turkish. For the sake of viewer convenience, the content is shown below in the alternative language. You may click the link to switch the active language.34. Enerji Verimlili\u011fi Haftas\u0131 \u00e7er\u00e7evesinde ger\u00e7ekle\u015fecek olan 6. Enerji Verimlili\u011fi Forumu ve Fuar\u0131, 14-17 Ocak 2015 tarihlerinde, \u0130stanbul WOW Convention Center&#8217;da yer alacak. [&hellip;]<\/p>\n","protected":false},"author":1,"featured_media":35464,"comment_status":"open","ping_status":"open","sticky":false,"template":"","format":"standard","meta":[],"categories":[53,52],"tags":[20834,20835,1727,11011],"views":1168,"_links":{"self":[{"href":"https:\/\/www.enerjigazetesi.ist\/en\/wp-json\/wp\/v2\/posts\/35461"}],"collection":[{"href":"https:\/\/www.enerjigazetesi.ist\/en\/wp-json\/wp\/v2\/posts"}],"about":[{"href":"https:\/\/www.enerjigazetesi.ist\/en\/wp-json\/wp\/v2\/types\/post"}],"author":[{"embeddable":true,"href":"https:\/\/www.enerjigazetesi.ist\/en\/wp-json\/wp\/v2\/users\/1"}],"replies":[{"embeddable":true,"href":"https:\/\/www.enerjigazetesi.ist\/en\/wp-json\/wp\/v2\/comments?post=35461"}],"version-history":[{"count":3,"href":"https:\/\/www.enerjigazetesi.ist\/en\/wp-json\/wp\/v2\/posts\/35461\/revisions"}],"predecessor-version":[{"id":35468,"href":"https:\/\/www.enerjigazetesi.ist\/en\/wp-json\/wp\/v2\/posts\/35461\/revisions\/35468"}],"wp:featuredmedia":[{"embeddable":true,"href":"https:\/\/www.enerjigazetesi.ist\/en\/wp-json\/wp\/v2\/media\/35464"}],"wp:attachment":[{"href":"https:\/\/www.enerjigazetesi.ist\/en\/wp-json\/wp\/v2\/media?parent=35461"}],"wp:term":[{"taxonomy":"category","embeddable":true,"href":"https:\/\/www.enerjigazetesi.ist\/en\/wp-json\/wp\/v2\/categories?post=35461"},{"taxonomy":"post_tag","embeddable":true,"href":"https:\/\/www.enerjigazetesi.ist\/en\/wp-json\/wp\/v2\/tags?post=35461"}],"curies":[{"name":"wp","href":"https:\/\/api.w.org\/{rel}","templated":true}]}}