{"id":35412,"date":"2015-01-15T14:29:22","date_gmt":"2015-01-15T11:29:22","guid":{"rendered":"https:\/\/www.enerjigazetesi.ist\/?p=35412"},"modified":"2015-01-15T14:29:22","modified_gmt":"2015-01-15T11:29:22","slug":"avrupa-hisseleri-enerji-ile-geriledi","status":"publish","type":"post","link":"https:\/\/www.enerjigazetesi.ist\/en\/avrupa-hisseleri-enerji-ile-geriledi\/","title":{"rendered":"(Turkish) Avrupa Hisseleri Enerji \u0130le Geriledi&#8230;"},"content":{"rendered":"<p class=\"qtranxs-available-languages-message qtranxs-available-languages-message-en\">Sorry, this entry is only available in <a href=\"https:\/\/www.enerjigazetesi.ist\/tr\/wp-json\/wp\/v2\/posts\/35412\" class=\"qtranxs-available-language-link qtranxs-available-language-link-tr\" title=\"Turkish\">Turkish<\/a>. For the sake of viewer convenience, the content is shown below in the alternative language. You may click the link to switch the active language.<\/p><p><\/p>\n<p style=\"color: #000000;\"><strong>Avrupa hisseleri, enerji ve madencilik hisselerinin k\u00fcresel b\u00fcy\u00fcme endi\u015feleri \u00fczerine emtia fiyatlar\u0131ndaki d\u00fc\u015f\u00fc\u015f\u00fc takip ederek de\u011fer kaybetmesi ile be\u015f haftan\u0131n zirvesinden geriledi.<\/strong><span id=\"more-69802\"><\/span><\/p>\n<p style=\"color: #000000;\">Stoxx Europe 600 Endeksi y\u00fczde 1.5 gerileyerek g\u00fcn\u00fc 339.67 puandan tamamlad\u0131. Endeks g\u00fcn i\u00e7inde kay\u0131plar\u0131 Avrupa Birli\u011fi\u2019nin (AB) en \u00fcst d\u00fczey yarg\u0131c\u0131n\u0131n <a href=\"https:\/\/www.enerjigazetesi.ist\/wp-content\/uploads\/2015\/01\/avrupa-borsa-23398233.jpg\"><img loading=\"lazy\" class=\"alignright  wp-image-35413\" src=\"https:\/\/www.enerjigazetesi.ist\/wp-content\/uploads\/2015\/01\/avrupa-borsa-23398233-300x168.jpg\" alt=\"avrupa-borsa-23398233\" width=\"300\" height=\"198\" \/><\/a>\u201cAMB\u2019nin do\u011frudan parasal i\u015flemlerle uygulayaca\u011f\u0131 tahvil al\u0131m program\u0131, prensipte AB anla\u015fmalar\u0131na uygun\u201d demesi sonras\u0131nda azaltm\u0131\u015ft\u0131.<\/p>\n<p style=\"color: #000000;\">Manulife Asset Management Avrupa hisseleri \u015fefi David Hussey, \u201cK\u00fcresel ekonomi art\u0131k para birimleri, petrol ve emtia fiyatlar\u0131 gibi \u00f6nemli fakt\u00f6rlerde k\u00fc\u00e7\u00fck giri\u015flere kar\u015f\u0131 korkun\u00e7 bir \u015fekilde hassas. \u0130nsanlar deflasyonda olup olmad\u0131\u011f\u0131m\u0131z ve b\u00fcy\u00fcmenin geri gelip gelmeyece\u011fi konular\u0131nda olduk\u00e7a endi\u015feli. Piyasan\u0131n kafas\u0131 kar\u0131\u015fm\u0131\u015f durumda. Bunlar bu y\u0131l kar\u015f\u0131m\u0131za \u00e7\u0131kacak olanlar ve volatilite daha da artacakt\u0131r\u201d dedi.<\/p>\n<p style=\"color: #000000;\">D\u00fcnya Bankas\u0131 d\u00fcn, d\u00fcnyan\u0131n en b\u00fcy\u00fck bak\u0131r t\u00fcketicileri olan Avrupa ve \u00c7in\u2019de k\u00f6t\u00fcye giden g\u00f6r\u00fcn\u00fcm ile birlikte k\u00fcresel b\u00fcy\u00fcme tahminini d\u00fc\u015f\u00fcrd\u00fc. Bak\u0131r y\u00fczde 8.7 kadar gerileyerek Temmuz 2009\u2019dan bu yana en dik d\u00fc\u015f\u00fc\u015f\u00fc ya\u015farken, kay\u0131plar\u0131n bir k\u0131sm\u0131n\u0131 telafi etti. Nikel ise 11 ay\u0131n en d\u00fc\u015f\u00fc\u011f\u00fcne geriledi.<\/p>\n<p style=\"color: #000000;\">Kaynak:\u00a0<a style=\"color: #c75615;\" href=\"http:\/\/www.bloomberght.com\/haberler\/haber\/1701625-avrupa-hisseleri-enerji-ile-geriledi\" target=\"_blank\" rel=\"nofollow\">Bloomberg HT<\/a><\/p>\n<p><\/p>","protected":false},"excerpt":{"rendered":"<p>Sorry, this entry is only available in Turkish. For the sake of viewer convenience, the content is shown below in the alternative language. You may click the link to switch the active language. Avrupa hisseleri, enerji ve madencilik hisselerinin k\u00fcresel b\u00fcy\u00fcme endi\u015feleri \u00fczerine emtia fiyatlar\u0131ndaki d\u00fc\u015f\u00fc\u015f\u00fc takip ederek de\u011fer kaybetmesi ile be\u015f haftan\u0131n zirvesinden geriledi. [&hellip;]<\/p>\n","protected":false},"author":1,"featured_media":35413,"comment_status":"open","ping_status":"open","sticky":false,"template":"","format":"standard","meta":[],"categories":[53],"tags":[2132,19852,6966,63,3136,17914,20806],"views":638,"_links":{"self":[{"href":"https:\/\/www.enerjigazetesi.ist\/en\/wp-json\/wp\/v2\/posts\/35412"}],"collection":[{"href":"https:\/\/www.enerjigazetesi.ist\/en\/wp-json\/wp\/v2\/posts"}],"about":[{"href":"https:\/\/www.enerjigazetesi.ist\/en\/wp-json\/wp\/v2\/types\/post"}],"author":[{"embeddable":true,"href":"https:\/\/www.enerjigazetesi.ist\/en\/wp-json\/wp\/v2\/users\/1"}],"replies":[{"embeddable":true,"href":"https:\/\/www.enerjigazetesi.ist\/en\/wp-json\/wp\/v2\/comments?post=35412"}],"version-history":[{"count":1,"href":"https:\/\/www.enerjigazetesi.ist\/en\/wp-json\/wp\/v2\/posts\/35412\/revisions"}],"predecessor-version":[{"id":35414,"href":"https:\/\/www.enerjigazetesi.ist\/en\/wp-json\/wp\/v2\/posts\/35412\/revisions\/35414"}],"wp:featuredmedia":[{"embeddable":true,"href":"https:\/\/www.enerjigazetesi.ist\/en\/wp-json\/wp\/v2\/media\/35413"}],"wp:attachment":[{"href":"https:\/\/www.enerjigazetesi.ist\/en\/wp-json\/wp\/v2\/media?parent=35412"}],"wp:term":[{"taxonomy":"category","embeddable":true,"href":"https:\/\/www.enerjigazetesi.ist\/en\/wp-json\/wp\/v2\/categories?post=35412"},{"taxonomy":"post_tag","embeddable":true,"href":"https:\/\/www.enerjigazetesi.ist\/en\/wp-json\/wp\/v2\/tags?post=35412"}],"curies":[{"name":"wp","href":"https:\/\/api.w.org\/{rel}","templated":true}]}}