{"id":35406,"date":"2015-01-15T10:26:23","date_gmt":"2015-01-15T07:26:23","guid":{"rendered":"https:\/\/www.enerjigazetesi.ist\/?p=35406"},"modified":"2015-01-15T10:26:23","modified_gmt":"2015-01-15T07:26:23","slug":"10-gunde-2-milyar-metrekup-dogalgaz-tukettik","status":"publish","type":"post","link":"https:\/\/www.enerjigazetesi.ist\/en\/10-gunde-2-milyar-metrekup-dogalgaz-tukettik\/","title":{"rendered":"(Turkish) 10 G\u00fcnde 2 Milyar Metrek\u00fcp Do\u011falgaz T\u00fckettik!"},"content":{"rendered":"<p class=\"qtranxs-available-languages-message qtranxs-available-languages-message-en\">Sorry, this entry is only available in <a href=\"https:\/\/www.enerjigazetesi.ist\/tr\/wp-json\/wp\/v2\/posts\/35406\" class=\"qtranxs-available-language-link qtranxs-available-language-link-tr\" title=\"Turkish\">Turkish<\/a>. For the sake of viewer convenience, the content is shown below in the alternative language. You may click the link to switch the active language.<\/p><p><\/p>\n<p style=\"color: #000000;\"><strong>Enerji ve Tabii Kaynaklar Bakan\u0131 Taner Y\u0131ld\u0131z, \u0130stanbul \u2018da kat\u0131ld\u0131\u011f\u0131 program sonras\u0131 bas\u0131n toplant\u0131s\u0131 d\u00fczenledi.<\/strong><span id=\"more-69800\"><\/span><\/p>\n<p style=\"color: #000000;\">Gazetecilerin sorular\u0131n\u0131 yan\u0131tlayan Y\u0131ld\u0131z, T\u00fcrkiye \u2018de son on g\u00fcnde 2 milyar k\u00fcp do\u011falgaz kullan\u0131ld\u0131\u011f\u0131n\u0131 s\u00f6yledi. Bakan Y\u0131ld\u0131z, \u201c2 milyar k\u00fcp bir k\u0131s\u0131m \u00fclkelerin <a href=\"https:\/\/www.enerjigazetesi.ist\/wp-content\/uploads\/2015\/01\/dogalgaz-tuketimi-2015-turkiye-epdk-milyar-metrekup-depolama1.jpg\"><img loading=\"lazy\" class=\"alignright  wp-image-35407\" src=\"https:\/\/www.enerjigazetesi.ist\/wp-content\/uploads\/2015\/01\/dogalgaz-tuketimi-2015-turkiye-epdk-milyar-metrekup-depolama1-300x178.jpg\" alt=\"dogalgaz-tuketimi-2015-turkiye-epdk-milyar-metrekup-depolama\" width=\"300\" height=\"191\" \/><\/a>y\u0131ll\u0131k harcad\u0131\u011f\u0131 miktar. Bir \u00e7\u0131rp\u0131da sayabilece\u011fimiz bir tak\u0131m \u00fclkeler de bir y\u0131lda bunun iki kat\u0131n\u0131 kullan\u0131yor\u201d dedi. Bakan Y\u0131ld\u0131z, en fazla t\u00fcketim yapan illeri de a\u00e7\u0131klad\u0131. Y\u0131ld\u0131z , \u201cEn fazla t\u00fcketimin oldu\u011fu iller s\u0131ras\u0131yla \u0130stanbul , Ankara , Bursa, Eski\u015fehir ve Kocaeli\u2019dir . Eski\u015fehir yaz kullan\u0131m\u0131n\u0131n yakla\u015f\u0131k 22 kat\u0131n\u0131 kullanmakta. Bu bir \u00e7\u0131rp\u0131da y\u00f6netilebilecek bir yap\u0131 de\u011fildir. O y\u00fczden bunlar\u0131n do\u011fru \u015fekilde y\u00f6netilmesini i\u00e7in \u00e7aba g\u00f6steriyoruz\u201d dedi.<\/p>\n<p style=\"color: #000000;\">Bakan Taner Y\u0131ld\u0131z, elektrik kesintileriyle ilgili bir soruyu da yan\u0131tlad\u0131. Y\u0131ld\u0131z, \u201cT\u00fcrkiye\u2019de okullar tatil oluyorsa, seferler iptal ediliyorsa s\u0131ra d\u0131\u015f\u0131 bir \u015fey oluyordur. Otoyollar kapan\u0131yorsa orada bir farkl\u0131 bir \u015fey vard\u0131r. Bunlar olacak ama elektrik ile ilgili hi\u00e7bir aksama olmayacak. D\u00fcnyan\u0131n hi\u00e7bir yerinde b\u00f6yle bir \u015fey yok. Kendimize bahar muamelesi yapmayal\u0131m. K\u0131\u015f ay\u0131nday\u0131z kar ya\u011fd\u0131\u011f\u0131nda iletim hatlar\u0131 bundan etkileniyor. May\u0131s ay\u0131nda b\u00f6yle bir \u015fey olmuyor. Aral\u0131k\u2019\u0131n 20\u2019sinden bu yana da\u011f\u0131t\u0131m \u015firketlerinde izinler kald\u0131r\u0131lm\u0131\u015ft\u0131r arkada\u015flar. \u00d6nemli olan bunlara \u00e7ok \u00f6nemli m\u00fcdahil olmakt\u0131r. Da\u011f\u0131t\u0131m \u015firketlerine gerekli talimat\u0131 verdik\u201d diye konu\u015ftu.<\/p>\n<p style=\"color: #000000;\">Kaynak: Enerji Enstit\u00fcs\u00fc<\/p>\n<p><\/p>","protected":false},"excerpt":{"rendered":"<p>Sorry, this entry is only available in Turkish. For the sake of viewer convenience, the content is shown below in the alternative language. You may click the link to switch the active language. Enerji ve Tabii Kaynaklar Bakan\u0131 Taner Y\u0131ld\u0131z, \u0130stanbul \u2018da kat\u0131ld\u0131\u011f\u0131 program sonras\u0131 bas\u0131n toplant\u0131s\u0131 d\u00fczenledi. Gazetecilerin sorular\u0131n\u0131 yan\u0131tlayan Y\u0131ld\u0131z, T\u00fcrkiye \u2018de son [&hellip;]<\/p>\n","protected":false},"author":1,"featured_media":35407,"comment_status":"open","ping_status":"open","sticky":false,"template":"","format":"standard","meta":[],"categories":[46,53],"tags":[884,68,11276,63,1009,18436,667],"views":773,"_links":{"self":[{"href":"https:\/\/www.enerjigazetesi.ist\/en\/wp-json\/wp\/v2\/posts\/35406"}],"collection":[{"href":"https:\/\/www.enerjigazetesi.ist\/en\/wp-json\/wp\/v2\/posts"}],"about":[{"href":"https:\/\/www.enerjigazetesi.ist\/en\/wp-json\/wp\/v2\/types\/post"}],"author":[{"embeddable":true,"href":"https:\/\/www.enerjigazetesi.ist\/en\/wp-json\/wp\/v2\/users\/1"}],"replies":[{"embeddable":true,"href":"https:\/\/www.enerjigazetesi.ist\/en\/wp-json\/wp\/v2\/comments?post=35406"}],"version-history":[{"count":1,"href":"https:\/\/www.enerjigazetesi.ist\/en\/wp-json\/wp\/v2\/posts\/35406\/revisions"}],"predecessor-version":[{"id":35408,"href":"https:\/\/www.enerjigazetesi.ist\/en\/wp-json\/wp\/v2\/posts\/35406\/revisions\/35408"}],"wp:featuredmedia":[{"embeddable":true,"href":"https:\/\/www.enerjigazetesi.ist\/en\/wp-json\/wp\/v2\/media\/35407"}],"wp:attachment":[{"href":"https:\/\/www.enerjigazetesi.ist\/en\/wp-json\/wp\/v2\/media?parent=35406"}],"wp:term":[{"taxonomy":"category","embeddable":true,"href":"https:\/\/www.enerjigazetesi.ist\/en\/wp-json\/wp\/v2\/categories?post=35406"},{"taxonomy":"post_tag","embeddable":true,"href":"https:\/\/www.enerjigazetesi.ist\/en\/wp-json\/wp\/v2\/tags?post=35406"}],"curies":[{"name":"wp","href":"https:\/\/api.w.org\/{rel}","templated":true}]}}