{"id":3538,"date":"2012-11-16T15:14:55","date_gmt":"2012-11-16T12:14:55","guid":{"rendered":"https:\/\/www.enerjigazetesi.ist\/?p=3538"},"modified":"2012-11-16T15:15:43","modified_gmt":"2012-11-16T12:15:43","slug":"kakac-enerji-ihtiyaci-icin-turkiyede-reaktor-kurulmali","status":"publish","type":"post","link":"https:\/\/www.enerjigazetesi.ist\/en\/kakac-enerji-ihtiyaci-icin-turkiyede-reaktor-kurulmali\/","title":{"rendered":"(Turkish) Kaka\u00e7: Enerji \u0130htiyac\u0131 \u0130\u00e7in T\u00fcrkiye\u2019de Reakt\u00f6r Kurulmal\u0131"},"content":{"rendered":"<p class=\"qtranxs-available-languages-message qtranxs-available-languages-message-en\">Sorry, this entry is only available in <a href=\"https:\/\/www.enerjigazetesi.ist\/tr\/wp-json\/wp\/v2\/posts\/3538\" class=\"qtranxs-available-language-link qtranxs-available-language-link-tr\" title=\"Turkish\">Turkish<\/a>. For the sake of viewer convenience, the content is shown below in the alternative language. You may click the link to switch the active language.<\/p><p><strong>TOBB Ekonomi ve Teknoloji \u00dcniversitesi M\u00fchendislik Fak\u00fcltesi Makine M\u00fchendisli\u011fi B\u00f6l\u00fcm\u00fc \u00d6\u011fretim \u00dcyesi Prof. Dr. Sad\u0131k Kaka\u00e7, enerji ihtiyac\u0131n\u0131 kar\u015f\u0131lama konusunda yenilenebilir enerji kaynaklar\u0131n\u0131n yeterli olmad\u0131\u011f\u0131n\u0131, mutlaka reakt\u00f6r kurulmas\u0131 gerekti\u011fini s\u00f6yledi.<\/strong><\/p>\n<p>Uluda\u011f \u00dcniversitesi (U\u00dc) 2. Bilgilendirme ve Ar-Ge G\u00fcnleri, Prof. Dr. Mete Cengiz K\u00fclt\u00fcr Merkezi&#8217;nde d\u00fczenlenen &#8216;Enerjinin D\u00fcn\u00fc,<img loading=\"lazy\" class=\"alignright size-full wp-image-3542\" title=\"kakac-enerji-ihtiyaci-icin-turkiye-de-reaktor-kurulmali-190237\" src=\"https:\/\/www.enerjigazetesi.ist\/wp-content\/uploads\/2012\/11\/kakac-enerji-ihtiyaci-icin-turkiye-de-reaktor-kurulmali-1902372.jpg\" alt=\"\" width=\"300\" height=\"230\" srcset=\"https:\/\/www.enerjigazetesi.ist\/wp-content\/uploads\/2012\/11\/kakac-enerji-ihtiyaci-icin-turkiye-de-reaktor-kurulmali-1902372.jpg 300w, https:\/\/www.enerjigazetesi.ist\/wp-content\/uploads\/2012\/11\/kakac-enerji-ihtiyaci-icin-turkiye-de-reaktor-kurulmali-1902372-65x50.jpg 65w\" sizes=\"(max-width: 300px) 100vw, 300px\" \/> Bug\u00fcn\u00fc ve Yar\u0131n\u0131&#8217; adl\u0131 panelle devam etti. U\u00dc M\u00fchendislik ve Mimarl\u0131k Fak\u00fcltesi \u00d6\u011fretim \u00fcyesi Prof. Dr. Muhsin K\u0131l\u0131\u00e7&#8217;\u0131n ba\u015fkanl\u0131k etti\u011fi panele, Prof. Dr. Nil\u00fcfer E\u011frican, Rusya IOFFE Enstit\u00fcs\u00fc&#8217;nden Ekaterina Kunitsyna, Ya\u015far \u00dcniversitesi \u00d6\u011fretim \u00dcyesi Prof. Dr. Arif Hepba\u015fl\u0131, TOBB Ekonomi ve Teknoloji \u00dcniversitesi M\u00fchendislik Fak\u00fcltesi Makine M\u00fchendisli\u011fi B\u00f6l\u00fcm\u00fc \u00d6\u011fretim \u00dcyesi Prof. Dr. Sad\u0131k Kaka\u00e7, Zorlu Holding y\u00f6neticilerinden G\u00fcrcan Okumu\u015f ile Ataseven Enerji \u00dcretim A\u015e y\u00f6neticisi Mustafa Serdar Ataseven konu\u015fmas\u0131 olarak kat\u0131ld\u0131.<\/p>\n<p>U\u00dc Rekt\u00f6r\u00fc Prof. Dr. Kamil Dilek&#8217;in de takip etti\u011fi panelin a\u00e7\u0131l\u0131\u015f\u0131nda konu\u015fan TOBB Ekonomi ve Teknoloji \u00dcniversitesi M\u00fchendislik Fak\u00fcltesi Makine M\u00fchendisli\u011fi B\u00f6l\u00fcm\u00fc \u00d6\u011fretim \u00fcyesi Prof. Dr. Sad\u0131k Kaka\u00e7, enerji kaynaklar\u0131 hakk\u0131nda bilgi verdi. Prof. Dr. Kaka\u00e7, enerji verimlili\u011fini art\u0131rmak, enerji tasarrufuna \u00f6nem vermek, milli gelirde dolar ba\u015f\u0131na kullan\u0131lan enerjiyi azaltmak gibi \u00f6neriler sundu. \u0130thal edilen do\u011falgaz\u0131n y\u00fczde 50&#8217;lerinin elektrik enerjisinde kullan\u0131lmas\u0131n\u0131n problem oldu\u011funu belirten Kaka\u00e7, bu oran\u0131n y\u00fczde 20-25 seviyesine indirilmesi gerekti\u011fini ifade etti.<\/p>\n<p><strong>KAKA\u00c7: REAKT\u00d6R KURULMASINI DESTEKL\u0130YORUM<\/strong><\/p>\n<p>T\u00fcrkiye&#8217;de reakt\u00f6r kurulmas\u0131n\u0131 destekledi\u011fini vurgulayan Prof. Dr. Kaka\u00e7, \u015f\u00f6yle konu\u015ftu: &#8220;N\u00fckleer enerji dendi\u011fi zaman Almanya&#8217;da, Rusya&#8217;da ve Japonya&#8217;daki kaza hat\u0131rlan\u0131yor. Almanya&#8217;daki kazada bir \u015fey olmam\u0131\u015ft\u0131r. Rusya&#8217;daki kazada olmu\u015ftur. \u00c7\u00fcnk\u00fc reakt\u00f6r atom bombas\u0131 yapmak i\u00e7in kurulmu\u015ftur. Dolay\u0131s\u0131yla onun koruma kab\u0131 yoktur. Japonya&#8217;daki kazada, reakt\u00f6rde hi\u00e7bir \u015fey olmad\u0131. Reakt\u00f6r\u00fcn i\u00e7ine su bast\u0131. Pompalar su alt\u0131nda kald\u0131. \u00dcretilen enerji d\u0131\u015far\u0131 al\u0131namad\u0131. Ba\u015fka enerji kayna\u011f\u0131 yok. T\u00fcrkiye&#8217;de reakt\u00f6r kurulmas\u0131n\u0131 destekliyorum. T\u00fcrkiye&#8217;de elektrik ihtiyac\u0131 her y\u0131l y\u00fczde 7-8 art\u0131yor. Yenilenebilir enerji kaynaklar\u0131 katk\u0131 sa\u011fl\u0131yor ama problemi \u00e7\u00f6zemiyor.&#8221;<\/p>\n<p>Sunteks firmas\u0131ndan Prof. Dr. Nil\u00fcfer E\u011frican ise enerjide y\u00fczde 70&#8217;in \u00fczerinde d\u0131\u015fa ba\u011f\u0131ml\u0131l\u0131k oldu\u011funa dikkat \u00e7ekti. Kaynaklar\u0131n \u00e7e\u015fitlili\u011fine de\u011finen E\u011frican, arz ile talep aras\u0131ndaki fark\u0131n gittik\u00e7e a\u00e7\u0131ld\u0131\u011f\u0131n\u0131 belirtti. 2010 y\u0131l\u0131 ile 9 ay sonras\u0131n\u0131 kar\u015f\u0131la\u015ft\u0131rd\u0131\u011f\u0131n\u0131 vurgulayan E\u011frican, serbest \u00fcretim \u015firketleri ve otoprod\u00fckt\u00f6r santrallerinde art\u0131\u015f oldu\u011funu ifade etti. \u00d6zel sekt\u00f6r ve kamu yat\u0131r\u0131mlar\u0131n\u0131n tamam\u0131n\u0131n talebi kar\u015f\u0131layamad\u0131\u011f\u0131n\u0131, yeni yat\u0131r\u0131mlar\u0131n yap\u0131lmas\u0131 gerekti\u011fini kaydetti.<\/p>\n<p><strong>E\u011eR\u0130CAN: G\u00dcNE\u015e ENERJ\u0130S\u0130NE \u00d6NEM VER\u0130LMEL\u0130<\/strong><\/p>\n<p>G\u00fcne\u015f enerjisinin \u00f6nemine de\u011finen E\u011frican, Almanya, \u0130talya, Japonya, \u0130spanya, ABD ve \u00c7in&#8217;in kurulu g\u00fc\u00e7 bak\u0131m\u0131ndan ilk s\u0131ralarda yer ald\u0131\u011f\u0131n\u0131 dile getirdi. T\u00fcrkiye&#8217;nin y\u0131ll\u0131k 380 milyar kilovatsaat g\u00fcne\u015f enerjisi potansiyeline sahip oldu\u011funu anlatan E\u011frican, bu konuda \u00e7ok daha aktif olmak gerekti\u011finin alt\u0131n\u0131 \u00e7izdi.<\/p>\n<p>Zorlu Holding y\u00f6neticisi G\u00fcrcan Okumu\u015f da T\u00fcrkiye&#8217;nin son 100 y\u0131lda elektrik enerjisine yapt\u0131\u011f\u0131 yat\u0131r\u0131m\u0131 son 10 y\u0131lda yapmas\u0131 gerekti\u011fini belirtti. 17 bin megavata yak\u0131n bir kurulu g\u00fcc\u00fcn \u00f6zelle\u015ftirilmesinin planland\u0131\u011f\u0131n\u0131 belirten Okumu\u015f, T\u00fcrkiye&#8217;de do\u011falgaz\u0131n enerji \u00fcretiminde y\u00fczde 50 oran\u0131nda kullan\u0131lmas\u0131n\u0131n ise sa\u011fl\u0131kl\u0131 olmad\u0131\u011f\u0131n\u0131 vurgulad\u0131. H\u00fck\u00fcmetin bunu y\u00fczde 30&#8217;lara \u00e7ekme hedefini hat\u0131rlatan Okumu\u015f, bu seviyeye ula\u015fmak i\u00e7in di\u011fer kaynaklar\u0131n seviyesinin art\u0131r\u0131lmas\u0131 gerekti\u011fini dile getirdi.<\/p>\n<p>Ataseven Enerji \u00dcretim A\u015e y\u00f6neticisi Mustafa Serdar Ataseven de \u00fclkedeki elektrik ihtiyac\u0131n\u0131n her y\u0131l y\u00fczde 8 artmas\u0131na kar\u015f\u0131n yat\u0131r\u0131mlar\u0131n y\u00fczde 3&#8217;lerde kald\u0131\u011f\u0131n\u0131, bu alanda yeni yat\u0131r\u0131mlar\u0131n \u015fart oldu\u011funu ifade etti.<\/p>\n<p>Kaynak: <a href=\"http:\/\/www.focushaber.com\/kakac-enerji-ihtiyaci-icin-turkiye-de-reaktor-kurulmali-h-203898.html\" target=\"_blank\">FocusHaber<\/a><\/p>","protected":false},"excerpt":{"rendered":"<p>Sorry, this entry is only available in Turkish. For the sake of viewer convenience, the content is shown below in the alternative language. You may click the link to switch the active language.TOBB Ekonomi ve Teknoloji \u00dcniversitesi M\u00fchendislik Fak\u00fcltesi Makine M\u00fchendisli\u011fi B\u00f6l\u00fcm\u00fc \u00d6\u011fretim \u00dcyesi Prof. Dr. Sad\u0131k Kaka\u00e7, enerji ihtiyac\u0131n\u0131 kar\u015f\u0131lama konusunda yenilenebilir enerji kaynaklar\u0131n\u0131n [&hellip;]<\/p>\n","protected":false},"author":1,"featured_media":3542,"comment_status":"open","ping_status":"open","sticky":false,"template":"","format":"standard","meta":[],"categories":[53,43],"tags":[67,13,21,1020,1019],"views":869,"_links":{"self":[{"href":"https:\/\/www.enerjigazetesi.ist\/en\/wp-json\/wp\/v2\/posts\/3538"}],"collection":[{"href":"https:\/\/www.enerjigazetesi.ist\/en\/wp-json\/wp\/v2\/posts"}],"about":[{"href":"https:\/\/www.enerjigazetesi.ist\/en\/wp-json\/wp\/v2\/types\/post"}],"author":[{"embeddable":true,"href":"https:\/\/www.enerjigazetesi.ist\/en\/wp-json\/wp\/v2\/users\/1"}],"replies":[{"embeddable":true,"href":"https:\/\/www.enerjigazetesi.ist\/en\/wp-json\/wp\/v2\/comments?post=3538"}],"version-history":[{"count":3,"href":"https:\/\/www.enerjigazetesi.ist\/en\/wp-json\/wp\/v2\/posts\/3538\/revisions"}],"predecessor-version":[{"id":3544,"href":"https:\/\/www.enerjigazetesi.ist\/en\/wp-json\/wp\/v2\/posts\/3538\/revisions\/3544"}],"wp:featuredmedia":[{"embeddable":true,"href":"https:\/\/www.enerjigazetesi.ist\/en\/wp-json\/wp\/v2\/media\/3542"}],"wp:attachment":[{"href":"https:\/\/www.enerjigazetesi.ist\/en\/wp-json\/wp\/v2\/media?parent=3538"}],"wp:term":[{"taxonomy":"category","embeddable":true,"href":"https:\/\/www.enerjigazetesi.ist\/en\/wp-json\/wp\/v2\/categories?post=3538"},{"taxonomy":"post_tag","embeddable":true,"href":"https:\/\/www.enerjigazetesi.ist\/en\/wp-json\/wp\/v2\/tags?post=3538"}],"curies":[{"name":"wp","href":"https:\/\/api.w.org\/{rel}","templated":true}]}}