{"id":35333,"date":"2015-01-13T09:36:15","date_gmt":"2015-01-13T06:36:15","guid":{"rendered":"https:\/\/www.enerjigazetesi.ist\/?p=35333"},"modified":"2015-01-13T09:37:10","modified_gmt":"2015-01-13T06:37:10","slug":"mesken-aboneleri-elektrik-faturasinin-sini-kayip-kacak-bedeli-olarak-oduyor","status":"publish","type":"post","link":"https:\/\/www.enerjigazetesi.ist\/en\/mesken-aboneleri-elektrik-faturasinin-sini-kayip-kacak-bedeli-olarak-oduyor\/","title":{"rendered":"(Turkish) Mesken Aboneleri Elektrik Faturas\u0131n\u0131n %12\u2019sini Kay\u0131p Ka\u00e7ak Bedeli \u00d6d\u00fcyor&#8230;"},"content":{"rendered":"<p class=\"qtranxs-available-languages-message qtranxs-available-languages-message-en\">Sorry, this entry is only available in <a href=\"https:\/\/www.enerjigazetesi.ist\/tr\/wp-json\/wp\/v2\/posts\/35333\" class=\"qtranxs-available-language-link qtranxs-available-language-link-tr\" title=\"Turkish\">Turkish<\/a>. For the sake of viewer convenience, the content is shown below in the alternative language. You may click the link to switch the active language.<\/p><p><\/p>\n<p style=\"color: #000000;\"><strong>Elektrik faturas\u0131ndan al\u0131nan kay\u0131p ka\u00e7ak oranlar\u0131 ortaya \u00e7\u0131kt\u0131. 100 kilovat t\u00fcketim \u00fczerinden hesaplanan tarifeye g\u00f6re mesken aboneleri faturan\u0131n y\u00fczde 12\u2019sini kay\u0131p ka\u00e7ak bedeli olarak \u00f6d\u00fcyor.<\/strong><span id=\"more-69731\"><\/span><\/p>\n<p style=\"color: #000000;\">Sanayi tipi tarife kullanan i\u015fadamlar\u0131 ise y\u00fczde 14,5 kay\u0131p ka\u00e7ak bedeli \u00f6d\u00fcyor. Mesken aboneleri 34 liral\u0131k faturada 4 lira 65 kuru\u015f kay\u0131p ka\u00e7ak \u00f6d\u00fcyor.<a href=\"https:\/\/www.enerjigazetesi.ist\/wp-content\/uploads\/2015\/01\/elektrik-faturas\u0131-239782333323.jpg\"><img loading=\"lazy\" class=\"alignright size-medium wp-image-35334\" src=\"https:\/\/www.enerjigazetesi.ist\/wp-content\/uploads\/2015\/01\/elektrik-faturas\u0131-239782333323-300x224.jpg\" alt=\"elektrik-faturas\u0131-239782333323\" width=\"300\" height=\"224\" srcset=\"https:\/\/www.enerjigazetesi.ist\/wp-content\/uploads\/2015\/01\/elektrik-faturas\u0131-239782333323-300x224.jpg 300w, https:\/\/www.enerjigazetesi.ist\/wp-content\/uploads\/2015\/01\/elektrik-faturas\u0131-239782333323-500x374.jpg 500w, https:\/\/www.enerjigazetesi.ist\/wp-content\/uploads\/2015\/01\/elektrik-faturas\u0131-239782333323-66x50.jpg 66w, https:\/\/www.enerjigazetesi.ist\/wp-content\/uploads\/2015\/01\/elektrik-faturas\u0131-239782333323.jpg 870w\" sizes=\"(max-width: 300px) 100vw, 300px\" \/><\/a><\/p>\n<h3 style=\"color: #232323;\">5 Kalemde Hukuksuz Tahsilat<\/h3>\n<p style=\"color: #000000;\">Yarg\u0131tay\u2019\u0131n kay\u0131p-ka\u00e7ak bedelinin de aras\u0131nda bulundu\u011fu 5 kalemde (kay\u0131p-ka\u00e7ak, perakende sat\u0131\u015f hizmet, PSH saya\u00e7 okuma, iletim sistemi kullan\u0131m ve da\u011f\u0131t\u0131m bedeli) yap\u0131lan tahsilat\u0131n hukuksuz oldu\u011funa dair karar\u0131 sonras\u0131 vatanda\u015flar t\u00fcketici hakem heyetlerine ba\u015fvurmaya ba\u015flad\u0131. Enerji Bakanl\u0131\u011f\u0131 ise, s\u00f6z konusu bedellerin tahsil edilmeye devam edece\u011fini, Yarg\u0131tay karar\u0131n\u0131 a\u015fmak i\u00e7in yasal de\u011fi\u015fiklik haz\u0131rl\u0131\u011f\u0131 \u00fczerinde \u00e7al\u0131\u015f\u0131yor. Ancak yasal d\u00fczenleme yap\u0131lsa dahi geriye d\u00f6n\u00fck 10 y\u0131ll\u0131k faturaya dava a\u00e7\u0131p hukuka ayk\u0131r\u0131 al\u0131nan bedelin iadesini alma imkan\u0131 bulunuyor.<\/p>\n<h3 style=\"color: #232323;\">Sanayicinin Y\u00fck\u00fc Daha A\u011f\u0131r<\/h3>\n<p style=\"color: #000000;\">Bu s\u00fcre\u00e7te faturada g\u00f6sterilmeyen kay\u0131p ka\u00e7ak bedelinin 100 kilovat enerji \u00fczerinden hesaplanma form\u00fcl\u00fcne ula\u015f\u0131ld\u0131.\u00a0EPDK\u2019n\u0131n 2014 Ekim ay\u0131na ili\u015fkin haz\u0131rlad\u0131\u011f\u0131 tarife tablosuna g\u00f6re en fazla kay\u0131p ka\u00e7ak sanayi kurulu\u015flar\u0131ndan al\u0131n\u0131yor.<\/p>\n<p style=\"color: #000000;\">Mesken aboneleri y\u00fczde 11,9, tar\u0131msal sulama aboneleri y\u00fczde 12,1, sanayi AG(al\u00e7ak gerilim) tarifesi aboneleri y\u00fczde 14,5, sanayi OG(orta gerilim) tarifesi y\u00fczde 10,7, ticarethane aboneleri y\u00fczde 12,6, \u00e7ift terimli sanayi aboneleri y\u00fczde 10,4 kay\u0131p ka\u00e7ak bedeli \u00f6d\u00fcyor.<\/p>\n<p style=\"color: #000000;\">Kaynak:\u00a0<em><strong><a style=\"color: #c75615;\" href=\"http:\/\/ekonomi.bugun.com.tr\/epdknin-gizledigi-tarife-haberi\/1434777\" target=\"_blank\" rel=\"nofollow\">Bug\u00fcn<\/a><\/strong><\/em><\/p>\n<p><\/p>","protected":false},"excerpt":{"rendered":"<p>Sorry, this entry is only available in Turkish. For the sake of viewer convenience, the content is shown below in the alternative language. You may click the link to switch the active language. Elektrik faturas\u0131ndan al\u0131nan kay\u0131p ka\u00e7ak oranlar\u0131 ortaya \u00e7\u0131kt\u0131. 100 kilovat t\u00fcketim \u00fczerinden hesaplanan tarifeye g\u00f6re mesken aboneleri faturan\u0131n y\u00fczde 12\u2019sini kay\u0131p ka\u00e7ak [&hellip;]<\/p>\n","protected":false},"author":1,"featured_media":35334,"comment_status":"open","ping_status":"open","sticky":false,"template":"","format":"standard","meta":[],"categories":[51,53],"tags":[68,1229,20765,63,20766,750,20767],"views":900,"_links":{"self":[{"href":"https:\/\/www.enerjigazetesi.ist\/en\/wp-json\/wp\/v2\/posts\/35333"}],"collection":[{"href":"https:\/\/www.enerjigazetesi.ist\/en\/wp-json\/wp\/v2\/posts"}],"about":[{"href":"https:\/\/www.enerjigazetesi.ist\/en\/wp-json\/wp\/v2\/types\/post"}],"author":[{"embeddable":true,"href":"https:\/\/www.enerjigazetesi.ist\/en\/wp-json\/wp\/v2\/users\/1"}],"replies":[{"embeddable":true,"href":"https:\/\/www.enerjigazetesi.ist\/en\/wp-json\/wp\/v2\/comments?post=35333"}],"version-history":[{"count":2,"href":"https:\/\/www.enerjigazetesi.ist\/en\/wp-json\/wp\/v2\/posts\/35333\/revisions"}],"predecessor-version":[{"id":35336,"href":"https:\/\/www.enerjigazetesi.ist\/en\/wp-json\/wp\/v2\/posts\/35333\/revisions\/35336"}],"wp:featuredmedia":[{"embeddable":true,"href":"https:\/\/www.enerjigazetesi.ist\/en\/wp-json\/wp\/v2\/media\/35334"}],"wp:attachment":[{"href":"https:\/\/www.enerjigazetesi.ist\/en\/wp-json\/wp\/v2\/media?parent=35333"}],"wp:term":[{"taxonomy":"category","embeddable":true,"href":"https:\/\/www.enerjigazetesi.ist\/en\/wp-json\/wp\/v2\/categories?post=35333"},{"taxonomy":"post_tag","embeddable":true,"href":"https:\/\/www.enerjigazetesi.ist\/en\/wp-json\/wp\/v2\/tags?post=35333"}],"curies":[{"name":"wp","href":"https:\/\/api.w.org\/{rel}","templated":true}]}}